{"id":613716,"date":"2025-12-21T12:09:22","date_gmt":"2025-12-21T12:09:22","guid":{"rendered":"https:\/\/www.europesays.com\/fr\/613716\/"},"modified":"2025-12-21T12:09:22","modified_gmt":"2025-12-21T12:09:22","slug":"un-initie-nous-revele-les-gros-problemes-caches-du-louvre","status":"publish","type":"post","link":"https:\/\/www.europesays.com\/fr\/613716\/","title":{"rendered":"Un initi\u00e9 nous r\u00e9v\u00e8le les gros probl\u00e8mes cach\u00e9s du Louvre"},"content":{"rendered":"<p><img decoding=\"async\" class=\"watson-snippet__image bg-grey-10 block h-auto w-full \" src=\"https:\/\/www.europesays.com\/fr\/wp-content\/uploads\/2025\/12\/1414234766795365.webp\" fetchpriority=\"high\" width=\"6000\" height=\"4000\" alt=\"epa12593793 Louvre workers from various unions, including CGT, CFDT, and SUD, hold a banner reading 'Louvre on strike' during a demonstration in front of the museum\u0092s pyramid on the first da ...\" data-image-id=\"1414234766795365\"\/><\/p>\n<p>Le Louvre est en gr\u00e8ve. Le mus\u00e9e a partiellement rouvert ses portes ce mercredi 17 d\u00e9cembre, mais de nombreuses salles restent closes.Keystone<\/p>\n<p>Gr\u00e8ve, d\u00e9g\u00e2ts des eaux et tarifs d\u2019entr\u00e9e discriminatoires. Depuis le spectaculaire vol de bijoux, le mus\u00e9e parisien est sous le feu des critiques. Lors d\u2019une visite guid\u00e9e, un sp\u00e9cialiste d\u00e9taille les raisons de ce chaos.<\/p>\n<p>20.12.2025, 18:5620.12.2025, 18:56<\/p>\n<p>Stefan Br\u00e4ndle, Paris \/ ch media<\/p>\n<p>Plus de \u00abInternational\u00bb<\/p>\n<p class=\"watson-snippet__text my-6 text-[16px] lg:text-[18px] leading-normal md:w-3\/5\">En ce jour de d\u00e9cembre pluvieux, une camionnette s\u2019arr\u00eate sous le balcon donnant sur la Seine. Trois hommes en gilets orange en descendent et sortent des outils avec des gestes rapides.<\/p>\n<p class=\"watson-snippet__text my-6 text-[16px] lg:text-[18px] leading-normal md:w-3\/5\">Le monde entier conna\u00eet ce balcon \u00e9troit par lequel, le 19 octobre, <a target=\"_blank\" rel=\"nofollow noopener\" href=\"https:\/\/www.watson.ch\/fr\/international\/france\/760031409-une-somme-spectaculaire-voici-le-cout-du-vol-au-louvre\" class=\"\">deux cambrioleurs s&rsquo;\u00e9taient introduits dans la galerie d\u2019Apollon du Louvre et ont emport\u00e9 des joyaux imp\u00e9riaux d\u2019une valeur de 75 millions de francs<\/a>. Le quatuor a depuis \u00e9t\u00e9 arr\u00eat\u00e9, mais on n&rsquo;a aucune trace de la marchandise vol\u00e9e.<\/p>\n<p class=\"watson-snippet__text my-6 text-[16px] lg:text-[18px] leading-normal md:w-3\/5\">Un nouveau cambriolage? \u00abPas d\u2019inqui\u00e9tude, ce sont des ouvriers\u00bb, nous rassure Didier Rykner. \u00abIls installent des barri\u00e8res m\u00e9talliques pour emp\u00eacher l\u2019acc\u00e8s aux trottoirs comme lors du cambriolage\u00bb, explique l\u2019historien de l\u2019art. Avant d&rsquo;ajouter: <\/p>\n<p>\u00abC\u2019est inutile et \u00e9videmment trop tard, le bricolage habituel du Louvre\u00bb<\/p>\n<p><img decoding=\"async\" class=\"watson-snippet__image bg-grey-10 block h-auto w-full \" src=\"https:\/\/www.europesays.com\/fr\/wp-content\/uploads\/2025\/12\/5424171121599904.webp\" loading=\"lazy\" width=\"1500\" height=\"2000\" alt=\"&quot;C'est un mensonge&quot; : Un initi\u00e9 r\u00e9v\u00e8le des abus au Louvre\" data-image-id=\"5424171121599904\"\/><\/p>\n<p>Des travaux de construction sous l&rsquo;entr\u00e9e des voleurs d&rsquo;octobre. image: Stefan Br\u00e4ndle<\/p>\n<p class=\"watson-snippet__text my-6 text-[16px] lg:text-[18px] leading-normal md:w-3\/5\">Didier Rykner, r\u00e9dacteur en chef de la petite mais tr\u00e8s influente Tribune de l\u2019Art, est un esprit critique. Lorsque, apr\u00e8s le cambriolage spectaculaire, la direction du Louvre avait annonc\u00e9 avec emphase l\u2019installation de 100 cam\u00e9ras de surveillance et d\u2019un poste de police mobile dans le mus\u00e9e, il posait la question dans sa revue: \u00abPourquoi seulement maintenant?\u00bb <\/p>\n<p class=\"watson-snippet__text my-6 text-[16px] lg:text-[18px] leading-normal md:w-3\/5\">Sous un auvent, le petit homme jovial sort un papier de sa poche. Il s\u2019agit d\u2019un rapport confidentiel de la maison de joaillerie Van Cleef &amp; Arpels datant de 2018. Didier Rykner souligne: <\/p>\n<p>\u00abTout y \u00e9tait annonc\u00e9. M\u00eame l\u2019utilisation d\u2019une nacelle pour acc\u00e9der au balcon \u00e9tait mentionn\u00e9e. Et cela, il y a d\u00e9j\u00e0 sept ans\u00bb<\/p>\n<p><img decoding=\"async\" class=\"watson-snippet__image bg-grey-10 block h-auto w-full \" src=\"https:\/\/www.europesays.com\/fr\/wp-content\/uploads\/2025\/12\/8394661365153741.webp\" loading=\"lazy\" width=\"1499\" height=\"2000\" alt=\"&quot;C'est un mensonge&quot; : Un initi\u00e9 r\u00e9v\u00e8le des abus au Louvre\" data-image-id=\"8394661365153741\"\/><\/p>\n<p>Didier Rykner, journaliste fran\u00e7ais et le fondateur du magazine en ligne La Tribune de l&rsquo;art. Image: Stefan Br\u00e4ndle<\/p>\n<p class=\"watson-snippet__text my-6 text-[16px] lg:text-[18px] leading-normal md:w-3\/5\">Une r\u00e9cente audition au S\u00e9nat a r\u00e9v\u00e9l\u00e9 que la police avait manqu\u00e9 les cambrioleurs de seulement 30 secondes. Si la galerie d\u2019Apollon avait \u00e9t\u00e9 mieux prot\u00e9g\u00e9e \u2013 par exemple avec des fen\u00eatres incassables \u2013, le quatuor de voleurs aurait difficilement pu s\u2019\u00e9chapper.<\/p>\n<p class=\"watson-snippet__text my-6 text-[16px] lg:text-[18px] leading-normal md:w-3\/5\">Didier Rykner n\u2019h\u00e9site pas \u00e0 se mesurer aux hautes sph\u00e8res culturelles parisiennes. Apr\u00e8s l\u2019incendie de la cath\u00e9drale Notre-Dame en 2019, il avait d\u00e9j\u00e0 r\u00e9clam\u00e9, en vain, des mesures du point de vue du personnel. Aujourd\u2019hui, il critique vivement la pr\u00e9sidente-directrice du Louvre, Laurence des Cars, et exige sa d\u00e9mission.<\/p>\n<p class=\"watson-snippet__text my-6 text-[16px] lg:text-[18px] leading-normal md:w-3\/5\">\u00abVenez, je vais vous montrer quelque chose\u00bb, lance Didier Rykner en traversant une arcade lat\u00e9rale du b\u00e2timent du Louvre. Dans la cour, il d\u00e9signe une rang\u00e9e de fen\u00eatres au premier \u00e9tage.  Il explique: <\/p>\n<p>\u00abMadame des Cars s\u2019est fait am\u00e9nager ici une salle \u00e0 manger pour 500 000 euros. S\u2019y ajoutent 270 000 euros, notamment pour du mobilier design dans son bureau. Rien d\u2019\u00e9tonnant \u00e0 ce qu\u2019il n\u2019y ait plus d\u2019argent pour la s\u00e9curit\u00e9 et l\u2019entretien de ce b\u00e2timent vieux de plus de 800 ans.\u00bb<\/p>\n<p class=\"watson-snippet__text my-6 text-[16px] lg:text-[18px] leading-normal md:w-3\/5\">Dans la file d\u2019attente autour de la c\u00e9l\u00e8bre pyramide d\u2019Ieoh Ming Pei, Didier Rykner sort son t\u00e9l\u00e9phone portable. \u00abVoici quelques images de la face sombre du Louvre\u00bb, annonce-t-il. On y voit des plafonds qui fuitent, des salles vides, des toilettes bouch\u00e9es. Il raconte: <\/p>\n<p>\u00abDes employ\u00e9s du Louvre, en qui j\u2019ai confiance, m\u2019envoient souvent ce genre de photos. Il n\u2019y a ni argent ni artisans disponibles pour les r\u00e9parations.\u00bb<\/p>\n<p class=\"watson-snippet__text my-6 text-[16px] lg:text-[18px] leading-normal md:w-3\/5\">Didier Rykner soupire. \u00abLe Louvre accueille neuf millions de visiteurs par an, plus que n\u2019importe quel autre mus\u00e9e. Pour moi, comme pour beaucoup d\u2019autres, c\u2019est le plus beau mus\u00e9e du monde. Situ\u00e9 au c\u0153ur de Paris, avec une pyramide de verre au milieu d\u2019un ancien palais royal. Et puis il y a les \u0153uvres!\u00bb, confie-t-il. <\/p>\n<p class=\"watson-snippet__text my-6 text-[16px] lg:text-[18px] leading-normal md:w-3\/5\">Le friend of the Louvre, comme l\u2019indique sa carte annuelle, \u00e9gr\u00e8ne les chefs-d\u2019\u0153uvre. La Joconde de L\u00e9onard de Vinci, le Sacre de Napol\u00e9on de Jacques-Louis David ou le tableau r\u00e9volutionnaire de Delacroix. Rapha\u00ebl et V\u00e9ron\u00e8se, Vel\u00e1zquez et Michel-Ange, la V\u00e9nus de Milo et la st\u00e8le de Hammurabi\u2026<\/p>\n<p class=\"watson-snippet__text my-6 text-[16px] lg:text-[18px] leading-normal md:w-3\/5\">Arriv\u00e9 dans le hall d\u2019accueil sous la pyramide, Didier Rykner s\u2019agace aussit\u00f4t de la signal\u00e9tique: <\/p>\n<p>\u00abLe flux de visiteurs est dirig\u00e9 vers l\u2019aile Denon, o\u00f9 la Joconde attend derri\u00e8re une vitre pare-balles. L\u2019aile Sully, en revanche, reste presque vide, alors qu\u2019on y trouve de merveilleux tableaux de Rembrandt ou de Vermeer.\u00bb<\/p>\n<p>Un mensonge cache un manque de s\u00e9curit\u00e9<\/p>\n<p class=\"watson-snippet__text my-6 text-[16px] lg:text-[18px] leading-normal md:w-3\/5\">Plusieurs d\u00e9partements, et pas seulement la galerie de joaillerie cambriol\u00e9e, ne sont pas accessibles au public. \u00abFerm\u00e9 pour travaux\u00bb, est-il \u00e9crit sur une porte de l\u2019aile Richelieu.<\/p>\n<p><img decoding=\"async\" class=\"watson-snippet__image bg-grey-10 block h-auto w-full \" src=\"https:\/\/www.europesays.com\/fr\/wp-content\/uploads\/2025\/12\/5414106306199873.webp\" loading=\"lazy\" width=\"2000\" height=\"1428\" alt=\"&quot;C'est un mensonge&quot; : Un initi\u00e9 r\u00e9v\u00e8le des abus au Louvre\" data-image-id=\"5414106306199873\"\/><\/p>\n<p>\u00abTravaux en cours\u00bb, vraiment? imago<\/p>\n<p class=\"watson-snippet__text my-6 text-[16px] lg:text-[18px] leading-normal md:w-3\/5\"> Mais Didier Rykner affirme:<\/p>\n<p>\u00abC\u2019est un mensonge. En r\u00e9alit\u00e9, il manque des agents de surveillance\u00bb<\/p>\n<p class=\"watson-snippet__text my-6 text-[16px] lg:text-[18px] leading-normal md:w-3\/5\">Le secteur des antiquit\u00e9s grecques de la galerie Campana a \u00e9galement d\u00fb \u00eatre ferm\u00e9: les poutres en bois du plancher menacent de s\u2019effondrer. <a target=\"_blank\" rel=\"nofollow noopener\" href=\"https:\/\/www.watson.ch\/fr\/international\/paris\/133531939-des-centaines-de-livres-endommages-par-une-fuite-d-eau-au-louvre\">Dans la biblioth\u00e8que d\u2019\u00e9gyptologie, une rupture de canalisation s\u2019est produite en novembre dernier, \u00e0 la suite d\u2019une d\u00e9faillance du syst\u00e8me hydraulique obsol\u00e8te. <\/a>Des employ\u00e9s ont tent\u00e9 de s\u00e9cher les plus de 300 documents antiques \u00e0 l\u2019aide de papier buvard.<\/p>\n<p class=\"watson-snippet__text my-6 text-[16px] lg:text-[18px] leading-normal md:w-3\/5\">Lundi, les 2200 employ\u00e9s du Louvre ont d\u00e9but\u00e9 une gr\u00e8ve pour r\u00e9clamer davantage de moyens, et pas seulement pour la s\u00e9curit\u00e9. Didier Rykner comprend leur d\u00e9marche. Il nous conduit au Carrousel du Louvre, la galerie marchande souterraine dot\u00e9e d\u2019une entr\u00e9e lat\u00e9rale au mus\u00e9e. Ici, la file d\u2019attente est encore plus longue qu\u2019\u00e0 l\u2019ext\u00e9rieur. \u00abUne heure d\u2019attente, estime-t-il, et savez-vous pourquoi? Parce qu\u2019il n\u2019y a qu\u2019un seul portique de s\u00e9curit\u00e9.\u00bb<\/p>\n<p class=\"watson-snippet__text my-6 text-[16px] lg:text-[18px] leading-normal md:w-3\/5\">Selon l\u2019historien de l\u2019art, doubler les d\u00e9tecteurs de m\u00e9taux et les scanners corporels serait d\u00e9j\u00e0 suffisant. Il lance: <\/p>\n<p>\u00abCe serait une solution pratique et peu co\u00fbteuse. Mais la directrice pr\u00e9f\u00e8re voir grand\u00bb<\/p>\n<p class=\"watson-snippet__text my-6 text-[16px] lg:text-[18px] leading-normal md:w-3\/5\">Laurence des Cars veut cr\u00e9er une nouvelle entr\u00e9e sur le c\u00f4t\u00e9 est du mus\u00e9e. Et, dans la foul\u00e9e, une nouvelle salle d\u2019exposition o\u00f9 serait transf\u00e9r\u00e9e la Joconde. Co\u00fbt du projet Grande Colonnade: 666 millions d\u2019euros. \u00abLe chiffre du diable\u00bb, commente Didier Rykner avec ironie. Il ajoute:<\/p>\n<p>\u00abCe projet est totalement d\u00e9mesur\u00e9 quand on pense \u00e0 l\u2019\u00e9tat d\u00e9labr\u00e9 du reste du mus\u00e9e, qui n\u00e9cessite des r\u00e9novations urgentes.\u00bb<\/p>\n<p>Pas d&rsquo;argent pour la s\u00e9curit\u00e9<\/p>\n<p class=\"watson-snippet__text my-6 text-[16px] lg:text-[18px] leading-normal md:w-3\/5\">Toujours est-il que le pr\u00e9sident Emmanuel Macron a donn\u00e9 son feu vert en d\u00e9but d\u2019ann\u00e9e. \u00abIl veut laisser une grande r\u00e9alisation apr\u00e8s dix ans \u00e0 la pr\u00e9sidence\u00bb, estime Didier Rykner. En ajoutant:<\/p>\n<p>\u00abCe projet creuse un trou \u00e9norme dans le budget. Pour la s\u00e9curit\u00e9, il n\u2019y a plus d\u2019argent.\u00bb<\/p>\n<p>Didier Rykner<\/p>\n<p class=\"watson-snippet__text my-6 text-[16px] lg:text-[18px] leading-normal md:w-3\/5\">Avant m\u00eame le cambriolage, la Cour des comptes fran\u00e7aise avait d\u00e9j\u00e0 critiqu\u00e9 le fait que le Louvre ait acquis ces derni\u00e8res ann\u00e9es des \u0153uvres co\u00fbteuses tout en n\u00e9gligeant la s\u00e9curit\u00e9, l\u2019entretien des b\u00e2timents et le confort des visiteurs. Un nouveau dispositif de s\u00e9curit\u00e9 avait \u00e9t\u00e9 mis en suspens en 2022. Ce n\u2019est que maintenant qu\u2019il est relanc\u00e9 dans la pr\u00e9cipitation.<\/p>\n<p class=\"watson-snippet__text my-6 text-[16px] lg:text-[18px] leading-normal md:w-3\/5\">Pour financer ces mesures, le Louvre va augmenter ses tarifs d\u2019entr\u00e9e \u00e0 partir de la mi-janvier<a target=\"_blank\" rel=\"nofollow noopener\" href=\"https:\/\/www.watson.ch\/fr\/international\/france\/833051917-les-suisses-paieront-plus-cher-pour-aller-au-louvre\">. Mais uniquement pour les ressortissants de pays hors de l&rsquo;Union europ\u00e9enne. <\/a>Pour eux, le billet ne co\u00fbtera plus 22, mais 32 euros.<\/p>\n<p class=\"watson-snippet__text my-6 text-[16px] lg:text-[18px] leading-normal md:w-3\/5\">Emmanuel Macron ne veut pas faire payer les Fran\u00e7ais. Les citoyens de l\u2019UE, qui doivent \u00eatre trait\u00e9s \u00e0 \u00e9galit\u00e9 selon le droit bruxellois, continueront eux aussi \u00e0 payer 22 euros. <\/p>\n<p class=\"watson-snippet__text my-6 text-[16px] lg:text-[18px] leading-normal md:w-3\/5\">\u00abCe sont les autres qui sont discrimin\u00e9s, avant tout les Am\u00e9ricains et les Chinois, mais aussi les Suisses\u00bb, estime Didier Rykner en secouant la t\u00eate. A la question finale de savoir si la ligne du mus\u00e9e est coh\u00e9rente, le sp\u00e9cialiste de l\u2019art \u00e9clate de rire: <\/p>\n<p>\u00abLe Louvre a-t-il d\u00e9j\u00e0 \u00e9t\u00e9 coh\u00e9rent?\u00bb<\/p>\n<p class=\"watson-snippet__text my-6 text-[16px] lg:text-[18px] leading-normal md:w-3\/5\">Traduit de l&rsquo;allemand par Joel Espi<\/p>\n<p>L&rsquo;actu internationale jour et nuit <\/p>\n","protected":false},"excerpt":{"rendered":"Le Louvre est en gr\u00e8ve. Le mus\u00e9e a partiellement rouvert ses portes ce mercredi 17 d\u00e9cembre, mais de&hellip;\n","protected":false},"author":2,"featured_media":613717,"comment_status":"","ping_status":"","sticky":false,"template":"","format":"standard","meta":{"footnotes":""},"categories":[1358],"tags":[1348,1384,1385,1386,58,59,1011,27],"class_list":{"0":"post-613716","1":"post","2":"type-post","3":"status-publish","4":"format-standard","5":"has-post-thumbnail","7":"category-arts-et-design","8":"tag-arts","9":"tag-arts-and-design","10":"tag-arts-et-design","11":"tag-design","12":"tag-divertissement","13":"tag-entertainment","14":"tag-fr","15":"tag-france"},"share_on_mastodon":{"url":"https:\/\/pubeurope.com\/@fr\/115757487090650901","error":""},"_links":{"self":[{"href":"https:\/\/www.europesays.com\/fr\/wp-json\/wp\/v2\/posts\/613716","targetHints":{"allow":["GET"]}}],"collection":[{"href":"https:\/\/www.europesays.com\/fr\/wp-json\/wp\/v2\/posts"}],"about":[{"href":"https:\/\/www.europesays.com\/fr\/wp-json\/wp\/v2\/types\/post"}],"author":[{"embeddable":true,"href":"https:\/\/www.europesays.com\/fr\/wp-json\/wp\/v2\/users\/2"}],"replies":[{"embeddable":true,"href":"https:\/\/www.europesays.com\/fr\/wp-json\/wp\/v2\/comments?post=613716"}],"version-history":[{"count":0,"href":"https:\/\/www.europesays.com\/fr\/wp-json\/wp\/v2\/posts\/613716\/revisions"}],"wp:featuredmedia":[{"embeddable":true,"href":"https:\/\/www.europesays.com\/fr\/wp-json\/wp\/v2\/media\/613717"}],"wp:attachment":[{"href":"https:\/\/www.europesays.com\/fr\/wp-json\/wp\/v2\/media?parent=613716"}],"wp:term":[{"taxonomy":"category","embeddable":true,"href":"https:\/\/www.europesays.com\/fr\/wp-json\/wp\/v2\/categories?post=613716"},{"taxonomy":"post_tag","embeddable":true,"href":"https:\/\/www.europesays.com\/fr\/wp-json\/wp\/v2\/tags?post=613716"}],"curies":[{"name":"wp","href":"https:\/\/api.w.org\/{rel}","templated":true}]}}