{"id":613718,"date":"2025-12-21T12:11:14","date_gmt":"2025-12-21T12:11:14","guid":{"rendered":"https:\/\/www.europesays.com\/fr\/613718\/"},"modified":"2025-12-21T12:11:14","modified_gmt":"2025-12-21T12:11:14","slug":"jeanne-eliminee-de-la-star-academy-2025-sideree-par-une-revelation-de-nikos-aliagas-la-concernant","status":"publish","type":"post","link":"https:\/\/www.europesays.com\/fr\/613718\/","title":{"rendered":"Jeanne, \u00e9limin\u00e9e de la Star Academy 2025, sid\u00e9r\u00e9e par une r\u00e9v\u00e9lation de Nikos Aliagas la concernant"},"content":{"rendered":"<p>Le 18 octobre dernier, ils \u00e9taient dix-sept \u00e0 tenter le t\u00e9l\u00e9-crochet et r\u00eaver de succ\u00e9der \u00e0 <a href=\"https:\/\/www.programme-tv.net\/news\/tv\/369999-marine-gagnante-de-la-star-academy-avec-65-des-voix-la-troisieme-victoire-la-plus-ecrasante-il-y-avait-une-certaine-pression\/#:~:text=Pour%20T%C3%A9l%C3%A9%2DLoisirs%2C%20la%20jeune,25%20janvier%202025%20sur%20TF1.\" data-api-deeplink=\"teleloisirs:\/\/news\/369999\" target=\"_blank\" rel=\"noopener\">Marine, sacr\u00e9e au d\u00e9but de l&rsquo;ann\u00e9e<\/a>. Apr\u00e8s pr\u00e8s de dix semaines de comp\u00e9tition, ils ne sont plus que huit \u00e9l\u00e8ves encore en lice dans la <a href=\"https:\/\/www.programme-tv.net\/news\/tv\/388521-star-academy-2025-date-de-diffusion-professeurs-casting-toutes-les-infos-sur-la-nouvelle-saison\/\" data-api-deeplink=\"teleloisirs:\/\/news\/388521\" target=\"_blank\" rel=\"noopener\">saison 13 de la Star Academy<\/a>. Ambre, Sarah, Th\u00e9o P., Victor, Bastiaan, L\u00e9a, Melissa et Anouk participeront samedi prochain au prime des \u00e9valuations o\u00f9 <a href=\"https:\/\/www.programme-tv.net\/news\/tv\/394572-encore-du-jamais-vu-a-la-star-academy-michael-goldman-revele-que-les-eleves-vont-remplacer-les-profs-pour-les-evaluations\/\" data-api-deeplink=\"teleloisirs:\/\/news\/394572\" target=\"_blank\" rel=\"noopener\">ils seront jug\u00e9s en direct par leurs professeurs<\/a> sur le plateau des studios 217. Jeanne ne conna\u00eetra pas ce stress. La candidate originaire d&rsquo;Agen, dans le Lot-et-Garonne, a \u00e9t\u00e9 <a href=\"https:\/\/www.programme-tv.net\/news\/tv\/394553-star-academy-y-a-t-il-eu-une-elimination-a-l-issue-du-dernier-prime-l-heure-de-verite-apres-les-face-a-face\/\" data-api-deeplink=\"teleloisirs:\/\/news\/394553\" target=\"_blank\" rel=\"noopener\">\u00e9limin\u00e9e par les t\u00e9l\u00e9spectateurs ce 20 d\u00e9cembre<\/a> sur TF1 apr\u00e8s avoir notamment chant\u00e9 le titre de <a href=\"https:\/\/www.programme-tv.net\/biographie\/46659-fugain-michel\/\" data-link-people=\"42d9f370-64dc-4fae-ab65-e00066853f3d\" target=\"_blank\" rel=\"noopener\">Michel Fugain<\/a> Je n&rsquo;aurai pas le temps.<\/p>\n<p>Une d\u00e9ception pour celle qui a fait des \u00e9tudes de droit. Mais l&rsquo;Acad\u00e9micienne a pu compter sur le soutien de <a href=\"https:\/\/www.programme-tv.net\/news\/tv\/394555-c-etait-un-peu-mon-soleil-dans-l-aventure-jeanne-star-academy-toujours-pas-remise-du-depart-de-leo-elle-lui-rend-hommage-en-plein-prime\/\" data-api-deeplink=\"teleloisirs:\/\/news\/394555\" target=\"_blank\" rel=\"noopener\">L\u00e9o, son coup de c\u0153ur de l&rsquo;aventure<\/a>, <a href=\"https:\/\/www.programme-tv.net\/news\/tv\/394176-leo-star-academy-2025-se-confie-sur-la-vraie-nature-de-sa-relation-avec-jeanne-on-n-etait-pas-venus-pour-ca\/\" data-api-deeplink=\"teleloisirs:\/\/news\/394176\" target=\"_blank\" rel=\"noopener\">parti la semaine derni\u00e8re<\/a> mais exceptionnellement de retour lors de cette soir\u00e9e. Nikos Aliagas a \u00e9galement tent\u00e9 de lui remonter le moral, lui expliquant qu&rsquo;elle pouvait savourer \u00ab\u00a0la satisfaction d&rsquo;avoir fait un bon bout de chemin\u00a0\u00bb. La jeune femme de 22 ans a approuv\u00e9 cette analyse : \u00ab\u00a0Oui ! C&rsquo;est vrai !\u00a0\u00bb Avant de prendre d\u00e9j\u00e0 du recul sur ce qu&rsquo;elle venait de vivre\u00a0: \u00ab\u00a0Je ne vous cache pas qu&rsquo;en rentrant au ch\u00e2teau, je ne pensais vraiment pas d\u00e9passer deux semaines, m\u00eame pas. Donc l\u00e0, pour moi, c&rsquo;est que du plus depuis deux mois, c&rsquo;est fou !\u00a0\u00bb<\/p>\n<p>                        Jeanne (Star Academy) tr\u00e8s \u00e9mue en apprenant le succ\u00e8s de son titre Respire fort<\/p>\n<p>Et d&rsquo;ajouter : \u00ab\u00a0Je suis hyper contente ! Et la tourn\u00e9e, c&rsquo;est fou !\u00a0\u00bb, a avou\u00e9 celle qui participera \u00e0 ces grands shows en 2026 <a href=\"https:\/\/www.programme-tv.net\/news\/tv\/393984-star-academy-2025-les-neuf-eleves-qualifies-pour-la-tournee-reservent-une-jolie-surprise-a-leurs-fans\/\" data-api-deeplink=\"teleloisirs:\/\/news\/393984\" target=\"_blank\" rel=\"noopener\">aux c\u00f4t\u00e9s de huit autres de ses camarades<\/a>. Apr\u00e8s cette mise en perspective, l&rsquo;animateur a voulu annoncer une autre bonne nouvelle \u00e0 l&rsquo;ancienne pensionnaire de Dammarie-les-Lys. \u00ab\u00a0Comment il s&rsquo;appelle ton titre, Jeanne ?\u00a0\u00bb, lui a-t-il demand\u00e9 en r\u00e9f\u00e9rence \u00e0 son single Respire fort, sorti en juillet 2025. Gr\u00e2ce \u00e0 sa notori\u00e9t\u00e9 acquise pendant la Star Academy, ce morceau, qui \u00e9voque ses crises d&rsquo;angoisse, a connu un r\u00e9el engouement depuis octobre.<\/p>\n<p>\u00ab\u00a0Plus de six millions d&rsquo;\u00e9coutes !\u00a0\u00bb, lui a d\u00e9voil\u00e9 Nikos Aliagas. Un carton auquel ne s&rsquo;attendait pas la principale int\u00e9ress\u00e9e. \u00ab\u00a0C&rsquo;est vrai ? Allez !\u00a0\u00bb, a-t-elle r\u00e9agi, les larmes aux yeux, en se prenant la t\u00eate dans les mains avant que L\u00e9o ne la presse dans ses bras pour la f\u00e9liciter. Un succ\u00e8s qui aidera sans aucun doute Jeanne \u00e0 retrouver le sourire apr\u00e8s son \u00e9limination.<\/p>\n<p>Article \u00e9crit en collaboration avec 6M\u00e9dias<\/p>\n","protected":false},"excerpt":{"rendered":"Le 18 octobre dernier, ils \u00e9taient dix-sept \u00e0 tenter le t\u00e9l\u00e9-crochet et r\u00eaver de succ\u00e9der \u00e0 Marine, sacr\u00e9e&hellip;\n","protected":false},"author":2,"featured_media":613719,"comment_status":"","ping_status":"","sticky":false,"template":"","format":"standard","meta":{"footnotes":""},"categories":[1356],"tags":[244,58,59,1011,27,65234,64696,64698,64694,64695,65233,10827,5095,64699,64697,67813,68033,252,199,2175,1364],"class_list":{"0":"post-613718","1":"post","2":"type-post","3":"status-publish","4":"format-standard","5":"has-post-thumbnail","7":"category-television","8":"tag-commentaire","9":"tag-divertissement","10":"tag-entertainment","11":"tag-fr","12":"tag-france","13":"tag-jeanne-star-academy-2025","14":"tag-la-quotidienne-25112022-173000-tf1","15":"tag-la-quotidienne-su00e9rie-52118294","16":"tag-la-quotidienne-1100832954","17":"tag-la-quotidienne-1100860641","18":"tag-lu00e9o-star-academy-2025","19":"tag-nikos-aliagas","20":"tag-star-academy","21":"tag-star-academy-le-prime-9790195","22":"tag-star-academy-1100807804","23":"tag-star-academy-1101059444","24":"tag-star-academy-1101324617","25":"tag-television","26":"tag-tf1","27":"tag-tl-story","28":"tag-tv"},"share_on_mastodon":{"url":"","error":""},"_links":{"self":[{"href":"https:\/\/www.europesays.com\/fr\/wp-json\/wp\/v2\/posts\/613718","targetHints":{"allow":["GET"]}}],"collection":[{"href":"https:\/\/www.europesays.com\/fr\/wp-json\/wp\/v2\/posts"}],"about":[{"href":"https:\/\/www.europesays.com\/fr\/wp-json\/wp\/v2\/types\/post"}],"author":[{"embeddable":true,"href":"https:\/\/www.europesays.com\/fr\/wp-json\/wp\/v2\/users\/2"}],"replies":[{"embeddable":true,"href":"https:\/\/www.europesays.com\/fr\/wp-json\/wp\/v2\/comments?post=613718"}],"version-history":[{"count":0,"href":"https:\/\/www.europesays.com\/fr\/wp-json\/wp\/v2\/posts\/613718\/revisions"}],"wp:featuredmedia":[{"embeddable":true,"href":"https:\/\/www.europesays.com\/fr\/wp-json\/wp\/v2\/media\/613719"}],"wp:attachment":[{"href":"https:\/\/www.europesays.com\/fr\/wp-json\/wp\/v2\/media?parent=613718"}],"wp:term":[{"taxonomy":"category","embeddable":true,"href":"https:\/\/www.europesays.com\/fr\/wp-json\/wp\/v2\/categories?post=613718"},{"taxonomy":"post_tag","embeddable":true,"href":"https:\/\/www.europesays.com\/fr\/wp-json\/wp\/v2\/tags?post=613718"}],"curies":[{"name":"wp","href":"https:\/\/api.w.org\/{rel}","templated":true}]}}