{"id":613720,"date":"2025-12-21T12:12:22","date_gmt":"2025-12-21T12:12:22","guid":{"rendered":"https:\/\/www.europesays.com\/fr\/613720\/"},"modified":"2025-12-21T12:12:22","modified_gmt":"2025-12-21T12:12:22","slug":"radio-intensite-eure-et-loir-la-population-baisse-dans-187-communes-et-augmentent-dans-163-communes","status":"publish","type":"post","link":"https:\/\/www.europesays.com\/fr\/613720\/","title":{"rendered":"RADIO INTENSITE | EURE-ET-LOIR &#8211; La population baisse dans 187 communes et augmentent dans 163 communes"},"content":{"rendered":"\n<p class=\"western\">Si la population est stable en Eure-et-Loir, sur les 363 communes, 163 communes ont une augmentation de leur population en 5 ans et 187 ont vu leur population diminu\u00e9. 13 restent avec le m\u00eame nombre d&rsquo;habitants, d&rsquo;apr\u00e8s les donn\u00e9es de l&rsquo;INSEE.<\/p>\n<p class=\"western\">La baisse la plus sensible est aux Autels-Villevillon (-6,2%), Villebon (-5,8%), la Fert\u00e9-Vidame (-4,1%), puis La Mancelli\u00e8re, Intr\u00e9ville, Morainville et Miermaigne.<\/p>\n<p class=\"western\">Les communes ayant vu leur population en forte augmentation sont\u00a0: Saint-Maurice-Saint-Germain (+4,1), Luigny (+3,9%), les Ressuintes (+3,7%), Poinville (+3,6%) et Marchezais (+3,2%).<\/p>\n<p class=\"western\">La plus petite commune est Morainville avec seulement 18 habitants, suivi de Revercourt 26 habitants et Villebon 53 habitants. Au total 10 communes ont moins de 100 habitants.<\/p>\n<p class=\"western\">6 communes d&rsquo;Eure-et-Loir ont plus de 10 000 habitants\u00a0: Chartres (38234), Dreux (31543), Luc\u00e9 (15921), Ch\u00e2teaudun (12830), Vernouillet (12310) et Mainvilliers (10629).<\/p>\n<p class=\"western\">La population de Chartres repr\u00e9sente la totalit\u00e9 de la population de 160 communes les moins peupl\u00e9es du d\u00e9partement.<\/p>\n<p class=\"western\">16% de la population eur\u00e9lienne habite soit la ville de Chartres, soit celle de Dreux. 28 % des eur\u00e9liens habitent une commune de plus de 10 000 habitants.<\/p>\n<p class=\"western\">La moiti\u00e9 des eur\u00e9liens habitent une commune de plus de 3000 habitants et l&rsquo;autre moiti\u00e9 dans une commune de moins de 3000 habitants.<\/p>\n","protected":false},"excerpt":{"rendered":"Si la population est stable en Eure-et-Loir, sur les 363 communes, 163 communes ont une augmentation de leur&hellip;\n","protected":false},"author":2,"featured_media":613721,"comment_status":"","ping_status":"","sticky":false,"template":"","format":"standard","meta":{"footnotes":""},"categories":[1355],"tags":[61308,61309,61310,61311,11,4763,6874,903,58,59,1939,118,1011,27,61304,61305,61307,61302,37289,61303,61306,1114,5590,1197,1361,873,316,1825,35435,61301,6133,3686],"class_list":{"0":"post-613720","1":"post","2":"type-post","3":"status-publish","4":"format-standard","5":"has-post-thumbnail","7":"category-musique","8":"tag-actu-chartres","9":"tag-actu-chateaudun","10":"tag-actu-dreux","11":"tag-actu-nogent-le-rotrou","12":"tag-actualites","13":"tag-agenda","14":"tag-cadeau","15":"tag-concours","16":"tag-divertissement","17":"tag-entertainment","18":"tag-eure-et-loir","19":"tag-faits-divers","20":"tag-fr","21":"tag-france","22":"tag-info-chartres","23":"tag-info-chateaudun","24":"tag-info-dreux","25":"tag-info-eure-et-loir","26":"tag-info-locale","27":"tag-info-locale-eure-et-loir","28":"tag-info-nogent-le-rotrou","29":"tag-infos","30":"tag-intensite","31":"tag-jeu","32":"tag-music","33":"tag-musique","34":"tag-politique","35":"tag-radio","36":"tag-radio-intensite","37":"tag-region-centre-val-de-loire","38":"tag-reportages","39":"tag-sortie"},"share_on_mastodon":{"url":"","error":"Validation failed: Text character limit of 500 exceeded"},"_links":{"self":[{"href":"https:\/\/www.europesays.com\/fr\/wp-json\/wp\/v2\/posts\/613720","targetHints":{"allow":["GET"]}}],"collection":[{"href":"https:\/\/www.europesays.com\/fr\/wp-json\/wp\/v2\/posts"}],"about":[{"href":"https:\/\/www.europesays.com\/fr\/wp-json\/wp\/v2\/types\/post"}],"author":[{"embeddable":true,"href":"https:\/\/www.europesays.com\/fr\/wp-json\/wp\/v2\/users\/2"}],"replies":[{"embeddable":true,"href":"https:\/\/www.europesays.com\/fr\/wp-json\/wp\/v2\/comments?post=613720"}],"version-history":[{"count":0,"href":"https:\/\/www.europesays.com\/fr\/wp-json\/wp\/v2\/posts\/613720\/revisions"}],"wp:featuredmedia":[{"embeddable":true,"href":"https:\/\/www.europesays.com\/fr\/wp-json\/wp\/v2\/media\/613721"}],"wp:attachment":[{"href":"https:\/\/www.europesays.com\/fr\/wp-json\/wp\/v2\/media?parent=613720"}],"wp:term":[{"taxonomy":"category","embeddable":true,"href":"https:\/\/www.europesays.com\/fr\/wp-json\/wp\/v2\/categories?post=613720"},{"taxonomy":"post_tag","embeddable":true,"href":"https:\/\/www.europesays.com\/fr\/wp-json\/wp\/v2\/tags?post=613720"}],"curies":[{"name":"wp","href":"https:\/\/api.w.org\/{rel}","templated":true}]}}