{"id":613734,"date":"2025-12-21T12:19:13","date_gmt":"2025-12-21T12:19:13","guid":{"rendered":"https:\/\/www.europesays.com\/fr\/613734\/"},"modified":"2025-12-21T12:19:13","modified_gmt":"2025-12-21T12:19:13","slug":"certaines-victimes-ont-ete-abattues-au-hasard-des-hommes-armes-ouvrent-le-feu-sur-les-clients-dun-bar-et-tuent-neuf-personnes","status":"publish","type":"post","link":"https:\/\/www.europesays.com\/fr\/613734\/","title":{"rendered":"\u00ab\u00a0Certaines victimes ont \u00e9t\u00e9 abattues au hasard\u00a0\u00bb\u00a0: des hommes arm\u00e9s ouvrent le feu sur les clients d\u2019un bar et tuent neuf personnes"},"content":{"rendered":"<p>\n                                                                Neuf personnes ont \u00e9t\u00e9 tu\u00e9es et dix autres bless\u00e9es lors d\u2019une fusillade perp\u00e9tr\u00e9e par des hommes arm\u00e9s dans le township de Bekkersdal, \u00e0 l\u2019ouest de Johannesburg, a annonc\u00e9 la police sud-africaine dimanche 21\u00a0d\u00e9cembre 2025.\n                            <\/p>\n<p>Neuf personnes ont \u2060\u00e9t\u00e9 tu\u00e9es et dix autres bless\u00e9es dans \u200dune fusillade survenue dans le \u00ab\u00a0township\u00a0\u00bb de Bekkersdal, dans l\u2019ouest de Johannesburg, en Afrique du Sud, a rapport\u00e9 ce dimanche 21\u00a0d\u00e9cembre la \u200dradio publique \u2060SABC.<\/p>\n<p>Neuf personnes abattues en pleine rue<\/p>\n<p>Des hommes arm\u00e9s ont tu\u00e9 neuf personnes, sept hommes et deux femmes, et en ont bless\u00e9 dix autres lors d\u2019une attaque dans une township pr\u00e8s de Johannesburg, a d\u00e9clar\u00e9 ce dimanche la police. Celle-ci avait initialement annonc\u00e9 que dix personnes avaient \u00e9t\u00e9 tu\u00e9es, mais a ensuite r\u00e9vis\u00e9 ce bilan, pr\u00e9cise le <a href=\"https:\/\/www.theguardian.com\/world\/2025\/dec\/21\/gunmen-kill-10-in-johannesburg-township-in-south-africas-second-mass-shooting-within-weeks\" target=\"_self\" rel=\"noopener\">Guardian<\/a>.<\/p>\n<p>Le motif de l\u2019attaque \u00e0 Bekkersdal n\u2019\u00e9tait pas clair\u00a0: \u00ab\u00a0Certaines victimes ont \u00e9t\u00e9 abattues au hasard dans la rue par des hommes arm\u00e9s non identifi\u00e9s\u00a0\u00bb, a d\u00e9clar\u00e9 la police dans un communiqu\u00e9. Les assaillants, qui circulaient dans deux v\u00e9hicules, \u00ab\u00a0ont ouvert le feu sur les clients d\u2019un bar et ont continu\u00e9 \u00e0 tirer au hasard tout en prenant la fuite\u00a0\u00bb, ont ajout\u00e9 les autorit\u00e9s.<\/p>\n<p>Le commissaire adjoint de la police provinciale, le g\u00e9n\u00e9ral de division Fred Kekana, a d\u00e9clar\u00e9 \u00e0 la cha\u00eene de t\u00e9l\u00e9vision Newzroom Afrika que les auteurs, arm\u00e9s de pistolets et d\u2019un AK-47, n\u2019avaient \u00ab\u00a0pas \u00e9t\u00e9 provoqu\u00e9s\u00a0\u00bb, indique la <a href=\"https:\/\/www.bbc.com\/news\/articles\/c79xyxdpzrxo\" target=\"_self\" rel=\"noopener\">BBC<\/a>.<\/p>\n<p>Une chasse \u00e0 l\u2019homme lanc\u00e9e<\/p>\n<p>Parmi les victimes figure un chauffeur d\u2019un service de VTC en ligne qui se trouvait \u00e0 l\u2019ext\u00e9rieur du bar, a d\u00e9clar\u00e9\u00a0le g\u00e9n\u00e9ral Fred Kekana, \u00e0 la cha\u00eene de t\u00e9l\u00e9vision SABC.<\/p>\n<p>Une chasse \u00e0 l\u2019homme a \u00e9t\u00e9 lanc\u00e9e pour retrouver les assaillants, a indiqu\u00e9 la police.\u00a0Les bless\u00e9s ont \u00e9t\u00e9 transport\u00e9s \u00e0 l\u2019h\u00f4pital, a indiqu\u00e9 la police.<\/p>\n<p>L\u2019Afrique du Sud est confront\u00e9e \u00e0 une criminalit\u00e9 et une corruption profond\u00e9ment enracin\u00e9es, aliment\u00e9es par des r\u00e9seaux organis\u00e9s. Les fusillades sont fr\u00e9quentes et souvent aliment\u00e9es par la violence des gangs.<\/p>\n","protected":false},"excerpt":{"rendered":"Neuf personnes ont \u00e9t\u00e9 tu\u00e9es et dix autres bless\u00e9es lors d\u2019une fusillade perp\u00e9tr\u00e9e par des hommes arm\u00e9s dans&hellip;\n","protected":false},"author":2,"featured_media":613735,"comment_status":"","ping_status":"","sticky":false,"template":"","format":"standard","meta":{"footnotes":""},"categories":[5],"tags":[11,118,1011,27,14,12,28],"class_list":{"0":"post-613734","1":"post","2":"type-post","3":"status-publish","4":"format-standard","5":"has-post-thumbnail","7":"category-international","8":"tag-actualites","9":"tag-faits-divers","10":"tag-fr","11":"tag-france","12":"tag-international","13":"tag-news","14":"tag-world"},"share_on_mastodon":{"url":"https:\/\/pubeurope.com\/@fr\/115757525697684710","error":""},"_links":{"self":[{"href":"https:\/\/www.europesays.com\/fr\/wp-json\/wp\/v2\/posts\/613734","targetHints":{"allow":["GET"]}}],"collection":[{"href":"https:\/\/www.europesays.com\/fr\/wp-json\/wp\/v2\/posts"}],"about":[{"href":"https:\/\/www.europesays.com\/fr\/wp-json\/wp\/v2\/types\/post"}],"author":[{"embeddable":true,"href":"https:\/\/www.europesays.com\/fr\/wp-json\/wp\/v2\/users\/2"}],"replies":[{"embeddable":true,"href":"https:\/\/www.europesays.com\/fr\/wp-json\/wp\/v2\/comments?post=613734"}],"version-history":[{"count":0,"href":"https:\/\/www.europesays.com\/fr\/wp-json\/wp\/v2\/posts\/613734\/revisions"}],"wp:featuredmedia":[{"embeddable":true,"href":"https:\/\/www.europesays.com\/fr\/wp-json\/wp\/v2\/media\/613735"}],"wp:attachment":[{"href":"https:\/\/www.europesays.com\/fr\/wp-json\/wp\/v2\/media?parent=613734"}],"wp:term":[{"taxonomy":"category","embeddable":true,"href":"https:\/\/www.europesays.com\/fr\/wp-json\/wp\/v2\/categories?post=613734"},{"taxonomy":"post_tag","embeddable":true,"href":"https:\/\/www.europesays.com\/fr\/wp-json\/wp\/v2\/tags?post=613734"}],"curies":[{"name":"wp","href":"https:\/\/api.w.org\/{rel}","templated":true}]}}