{"id":613770,"date":"2025-12-21T12:51:20","date_gmt":"2025-12-21T12:51:20","guid":{"rendered":"https:\/\/www.europesays.com\/fr\/613770\/"},"modified":"2025-12-21T12:51:20","modified_gmt":"2025-12-21T12:51:20","slug":"toulouse-un-homme-blesse-par-balles-par-la-police-apres-avoir-poignarde-deux-adolescents","status":"publish","type":"post","link":"https:\/\/www.europesays.com\/fr\/613770\/","title":{"rendered":"Toulouse : un homme bless\u00e9 par balles par la police apr\u00e8s avoir poignard\u00e9 deux adolescents"},"content":{"rendered":"<ul class=\"jsx-862013697 ArticleChapo__List\">\n<li class=\"jsx-862013697 ArticleChapo__List_Item flex\">Un homme a agress\u00e9 deux adolescents \u00e0 l&rsquo;arme blanche \u00e0 Toulouse, samedi 21 d\u00e9cembre.<\/li>\n<li class=\"jsx-862013697 ArticleChapo__List_Item flex\">L&rsquo;individu s&rsquo;est ensuite jet\u00e9 sur les forces de l&rsquo;ordre et a \u00e9t\u00e9 bless\u00e9 par balles.<\/li>\n<\/ul>\n<p data-module=\"article-paragraph\" class=\"jsx-157965717 Paragraph Paragraph__End\">Les faits se sont d\u00e9roul\u00e9s samedi 21 d\u00e9cembre, 21h, \u00e0 <a href=\"https:\/\/www.tf1info.fr\/justice-faits-divers\/toulouse-victime-d-une-arnaque-a-l-irlandaise-il-se-fait-derober-500-euros-en-pleine-rue-2411001.html\" target=\"_blank\" rel=\"noopener\">Toulouse<\/a>. Arm\u00e9 d&rsquo;un couteau, un homme a agress\u00e9 deux adolescents, dans un quartier r\u00e9sidentiel de la ville, a appris le service police-justice de TF1\/LCI. \u00a0Les deux victimes, bless\u00e9es, sont \u00e2g\u00e9es de 15 et 16 ans. Elles ont \u00e9t\u00e9 transport\u00e9es vers un h\u00f4pital en \u00ab\u00a0urgence relative\u00a0\u00bb, d\u00e9taille le Service d\u00e9partemental d&rsquo;incendie et de secours (SDIS) de <a href=\"https:\/\/www.tf1info.fr\/justice-faits-divers\/haute-garonne-le-cerveau-d-un-reseau-de-prostitution-de-mineures-condamne-a-14-ans-de-prison-2399866.html\" target=\"_blank\" rel=\"noopener\">Haute-Garonne<\/a>.<\/p>\n<p><a href=\"https:\/\/www.tf1info.fr\/justice-faits-divers\/un-jeune-homme-tue-par-balles-dans-le-nord-de-marseille-2414085.html\" rel=\"noopener\" class=\"jsx-3308031228 Link flex\" target=\"_blank\"><img decoding=\"async\" src=\"https:\/\/www.europesays.com\/fr\/wp-content\/uploads\/2025\/12\/secours-sapeurs-pompiers-21443e-2@1x.jpeg\" alt=\"AFP\" loading=\"lazy\" importance=\"low\" fetchpriority=\"low\" class=\"\" aria-hidden=\"true\"\/><\/p>\n<p class=\"jsx-3657663356 ReadMoreArticle__Title\">Lire aussi<\/p>\n<p class=\"jsx-3657663356\">Un jeune homme tu\u00e9 par balles dans le nord de Marseille, un autre bless\u00e9<\/p>\n<p><\/a><\/p>\n<p data-module=\"article-paragraph\" class=\"jsx-157965717 Paragraph\">Dans la foul\u00e9e, des policiers ont tent\u00e9 d&rsquo;arr\u00eater l&rsquo;individu, lequel s&rsquo;est jet\u00e9 sur les repr\u00e9sentants des forces de l&rsquo;ordre, lame au clair. \u00ab\u00a0L&rsquo;agresseur a \u00e9t\u00e9 neutralis\u00e9 par la police nationale et bless\u00e9 par arme \u00e0 feu\u00a0\u00bb avant d&rsquo;\u00eatre \u00ab\u00a0\u00e9vacu\u00e9 en urgence absolue\u00a0\u00bb, indiquent les sapeurs-pompiers de Haute-Garonne. Son pronostic vital est engag\u00e9. Les policiers ont ouvert le feu \u00e0 plusieurs reprises, pr\u00e9cise une source proche du dossier.\u00a0<\/p>\n<p data-module=\"article-paragraph\" class=\"jsx-157965717 Paragraph Paragraph__End\">Deux enqu\u00eates ont \u00e9t\u00e9 lanc\u00e9es par le parquet, l&rsquo;une pour tentative d&rsquo;homicide volontaire et l&rsquo;autre pour coups et blessures volontaires sur personne d\u00e9positaire de l&rsquo;autorit\u00e9 publique. Elles ont \u00e9t\u00e9 confi\u00e9es \u00e0 la Division de la criminalit\u00e9 organis\u00e9e et sp\u00e9cialis\u00e9e (DCOS).\u00a0<\/p>\n<p>M.G avec AFP et le service police-justice de TF1\/LCI<\/p>\n","protected":false},"excerpt":{"rendered":"Un homme a agress\u00e9 deux adolescents \u00e0 l&rsquo;arme blanche \u00e0 Toulouse, samedi 21 d\u00e9cembre. L&rsquo;individu s&rsquo;est ensuite jet\u00e9&hellip;\n","protected":false},"author":2,"featured_media":383536,"comment_status":"","ping_status":"","sticky":false,"template":"","format":"standard","meta":{"footnotes":""},"categories":[2816],"tags":[1111,11,1921,1777,674,6017,1011,27,1922,2954,12,2680,1072,25,2312,133,2953],"class_list":{"0":"post-613770","1":"post","2":"type-post","3":"status-publish","4":"format-standard","5":"has-post-thumbnail","7":"category-toulouse","8":"tag-actu","9":"tag-actualites","10":"tag-article-video","11":"tag-eu","12":"tag-europe","13":"tag-fait-divers","14":"tag-fr","15":"tag-france","16":"tag-info","17":"tag-justice-et-faits-divers","18":"tag-news","19":"tag-occitanie","20":"tag-police","21":"tag-republique-francaise","22":"tag-toulouse","23":"tag-video","24":"tag-video-police"},"share_on_mastodon":{"url":"https:\/\/pubeurope.com\/@fr\/115757652168991938","error":""},"_links":{"self":[{"href":"https:\/\/www.europesays.com\/fr\/wp-json\/wp\/v2\/posts\/613770","targetHints":{"allow":["GET"]}}],"collection":[{"href":"https:\/\/www.europesays.com\/fr\/wp-json\/wp\/v2\/posts"}],"about":[{"href":"https:\/\/www.europesays.com\/fr\/wp-json\/wp\/v2\/types\/post"}],"author":[{"embeddable":true,"href":"https:\/\/www.europesays.com\/fr\/wp-json\/wp\/v2\/users\/2"}],"replies":[{"embeddable":true,"href":"https:\/\/www.europesays.com\/fr\/wp-json\/wp\/v2\/comments?post=613770"}],"version-history":[{"count":0,"href":"https:\/\/www.europesays.com\/fr\/wp-json\/wp\/v2\/posts\/613770\/revisions"}],"wp:featuredmedia":[{"embeddable":true,"href":"https:\/\/www.europesays.com\/fr\/wp-json\/wp\/v2\/media\/383536"}],"wp:attachment":[{"href":"https:\/\/www.europesays.com\/fr\/wp-json\/wp\/v2\/media?parent=613770"}],"wp:term":[{"taxonomy":"category","embeddable":true,"href":"https:\/\/www.europesays.com\/fr\/wp-json\/wp\/v2\/categories?post=613770"},{"taxonomy":"post_tag","embeddable":true,"href":"https:\/\/www.europesays.com\/fr\/wp-json\/wp\/v2\/tags?post=613770"}],"curies":[{"name":"wp","href":"https:\/\/api.w.org\/{rel}","templated":true}]}}