{"id":613775,"date":"2025-12-21T12:54:29","date_gmt":"2025-12-21T12:54:29","guid":{"rendered":"https:\/\/www.europesays.com\/fr\/613775\/"},"modified":"2025-12-21T12:54:29","modified_gmt":"2025-12-21T12:54:29","slug":"municipales-2026-a-marseille-sebastien-barles-lance-sa-campagne-avec-lfi-dans-les-1er-7e","status":"publish","type":"post","link":"https:\/\/www.europesays.com\/fr\/613775\/","title":{"rendered":"Municipales 2026 \u00e0 Marseille :\u00a0 S\u00e9bastien Barles lance sa campagne avec LFI dans les 1er-7e"},"content":{"rendered":"<p>L&rsquo;adjoint au maire, <a href=\"https:\/\/www.laprovence.com\/article\/elections\/1990768482896214\/municipales-2026-a-marseille-sebastien-barles-et-le-collectif-vai-sallient-a-lfi\" target=\"_blank\" rel=\"noopener\">S\u00e9bastien Barles<\/a>, ralli\u00e9 \u00e0 S\u00e9bastien Delogu avec son collectif Va\u00ef, organise son premier meeting ce vendredi soir \u00e0 18 h 30 chez Afriki Djigui Theatri en pr\u00e9sence notamment du d\u00e9put\u00e9 et coordinateur national de LFI, Manuel Bompard.<\/p>\n<p>Pour l&rsquo;\u00e9lection des mairies de secteur, distinct en 2026 de l&rsquo;\u00e9lection au conseil municipal de Marseille, LFI a d\u00e9voil\u00e9 d&rsquo;autres candidatures : comme en 2020, Mohamed Bensaada sera t\u00eate de liste dans les 13e-14e\u00a0; <a href=\"https:\/\/www.laprovence.com\/article\/elections\/42768206778219\/marseille-confidentiels-lfi-a-designe-ses-chefs-de-file-pour-les-municipales-2026\" target=\"_blank\" rel=\"noopener\">L\u00e9a Bijaoui <\/a>sera candidate dans les 4e-5e, Victoire Diethelm dans les 6e-8e.<\/p>\n","protected":false},"excerpt":{"rendered":"L&rsquo;adjoint au maire, S\u00e9bastien Barles, ralli\u00e9 \u00e0 S\u00e9bastien Delogu avec son collectif Va\u00ef, organise son premier meeting ce&hellip;\n","protected":false},"author":2,"featured_media":613776,"comment_status":"","ping_status":"","sticky":false,"template":"","format":"standard","meta":{"footnotes":""},"categories":[2814],"tags":[17,5734,1111,11,47719,3226,5949,1777,674,1011,27,9447,884,3554,12,882,25,17417],"class_list":{"0":"post-613775","1":"post","2":"type-post","3":"status-publish","4":"format-standard","5":"has-post-thumbnail","7":"category-marseille","8":"tag-17","9":"tag-5734","10":"tag-actu","11":"tag-actualites","12":"tag-barles","13":"tag-campagne","14":"tag-elections","15":"tag-eu","16":"tag-europe","17":"tag-fr","18":"tag-france","19":"tag-lance","20":"tag-marseille","21":"tag-municipales","22":"tag-news","23":"tag-provence-alpes-cote-dazur","24":"tag-republique-francaise","25":"tag-sebastien"},"share_on_mastodon":{"url":"https:\/\/pubeurope.com\/@fr\/115757663818962315","error":""},"_links":{"self":[{"href":"https:\/\/www.europesays.com\/fr\/wp-json\/wp\/v2\/posts\/613775","targetHints":{"allow":["GET"]}}],"collection":[{"href":"https:\/\/www.europesays.com\/fr\/wp-json\/wp\/v2\/posts"}],"about":[{"href":"https:\/\/www.europesays.com\/fr\/wp-json\/wp\/v2\/types\/post"}],"author":[{"embeddable":true,"href":"https:\/\/www.europesays.com\/fr\/wp-json\/wp\/v2\/users\/2"}],"replies":[{"embeddable":true,"href":"https:\/\/www.europesays.com\/fr\/wp-json\/wp\/v2\/comments?post=613775"}],"version-history":[{"count":0,"href":"https:\/\/www.europesays.com\/fr\/wp-json\/wp\/v2\/posts\/613775\/revisions"}],"wp:featuredmedia":[{"embeddable":true,"href":"https:\/\/www.europesays.com\/fr\/wp-json\/wp\/v2\/media\/613776"}],"wp:attachment":[{"href":"https:\/\/www.europesays.com\/fr\/wp-json\/wp\/v2\/media?parent=613775"}],"wp:term":[{"taxonomy":"category","embeddable":true,"href":"https:\/\/www.europesays.com\/fr\/wp-json\/wp\/v2\/categories?post=613775"},{"taxonomy":"post_tag","embeddable":true,"href":"https:\/\/www.europesays.com\/fr\/wp-json\/wp\/v2\/tags?post=613775"}],"curies":[{"name":"wp","href":"https:\/\/api.w.org\/{rel}","templated":true}]}}