{"id":613811,"date":"2025-12-21T13:17:27","date_gmt":"2025-12-21T13:17:27","guid":{"rendered":"https:\/\/www.europesays.com\/fr\/613811\/"},"modified":"2025-12-21T13:17:27","modified_gmt":"2025-12-21T13:17:27","slug":"ce-nest-jamais-facile-de-venir-gagner-ici-lalterna-stade-poitevin-se-refait-une-beaute-en-corse","status":"publish","type":"post","link":"https:\/\/www.europesays.com\/fr\/613811\/","title":{"rendered":"\u00ab\u00a0Ce n\u2019est jamais facile de venir gagner ici\u00a0\u00bb, l\u2019Alterna Stade Poitevin se refait une beaut\u00e9 en Corse"},"content":{"rendered":"<p><strong>GFC Ajaccio\u00a0&#8211; Alterna Stade Poitevin\u00a0: 2-3<\/strong><\/p>\n<p>C&rsquo;est mieux comme \u00e7a. M\u00eame si tout fut loin d\u2019\u00eatre parfait au U Palatinu, ce samedi 20\u00a0d\u00e9cembre 2025, les Poitevins ont su repartir de l\u2019avant apr\u00e8s les deux revers cons\u00e9cutifs contre Nice (2-3) et \u00e0 Paris (3-0), en quart de finale de Coupe de France, mardi. Mais ils ont d\u00fb se battre pour d\u00e9crocher leur sixi\u00e8me succ\u00e8s de la saison, face \u00e0 des Corses accrocheurs et pas abattus apr\u00e8s la sanction de la DNCG de leur retirer trois points au classement&#8230;. <\/p>\n<p>    Cet article a \u00e9t\u00e9 tronqu\u00e9. Abonnez-vous pour lire l&rsquo;article complet sur notre site.<\/p>\n<p style=\"margin: 0 !important; padding: 0 !important; font-size: 12px !important;\">Cet article a \u00e9t\u00e9 tronqu\u00e9. Abonnez-vous pour lire l&rsquo;article complet.<\/p>\n<p>    <a href=\"https:\/\/www.lanouvellerepublique.fr\/abonnements\" style=\"display: inline-block; margin-top: 5px !important; padding: 6px 12px !important; background: #cb1c27; color: white; text-decoration: none; border-radius: 4px; font-size: 12px !important;\" target=\"_blank\" rel=\"noopener\"><br \/>\n      S&rsquo;abonner<br \/>\n    <\/a><\/p>\n","protected":false},"excerpt":{"rendered":"GFC Ajaccio\u00a0&#8211; Alterna Stade Poitevin\u00a0: 2-3 C&rsquo;est mieux comme \u00e7a. M\u00eame si tout fut loin d\u2019\u00eatre parfait au&hellip;\n","protected":false},"author":2,"featured_media":613812,"comment_status":"","ping_status":"","sticky":false,"template":"","format":"standard","meta":{"footnotes":""},"categories":[1417],"tags":[1392,1654,1011,27,1655,1653,60,1584,1470,1469],"class_list":{"0":"post-613811","1":"post","2":"type-post","3":"status-publish","4":"format-standard","5":"has-post-thumbnail","7":"category-volley","8":"tag-a-la-une-local","9":"tag-alterna-stade-poitevin-volley-ball","10":"tag-fr","11":"tag-france","12":"tag-ligue-a","13":"tag-poitiers","14":"tag-sports","15":"tag-vienne","16":"tag-volley","17":"tag-volleyball"},"share_on_mastodon":{"url":"https:\/\/pubeurope.com\/@fr\/115757754200217921","error":""},"_links":{"self":[{"href":"https:\/\/www.europesays.com\/fr\/wp-json\/wp\/v2\/posts\/613811","targetHints":{"allow":["GET"]}}],"collection":[{"href":"https:\/\/www.europesays.com\/fr\/wp-json\/wp\/v2\/posts"}],"about":[{"href":"https:\/\/www.europesays.com\/fr\/wp-json\/wp\/v2\/types\/post"}],"author":[{"embeddable":true,"href":"https:\/\/www.europesays.com\/fr\/wp-json\/wp\/v2\/users\/2"}],"replies":[{"embeddable":true,"href":"https:\/\/www.europesays.com\/fr\/wp-json\/wp\/v2\/comments?post=613811"}],"version-history":[{"count":0,"href":"https:\/\/www.europesays.com\/fr\/wp-json\/wp\/v2\/posts\/613811\/revisions"}],"wp:featuredmedia":[{"embeddable":true,"href":"https:\/\/www.europesays.com\/fr\/wp-json\/wp\/v2\/media\/613812"}],"wp:attachment":[{"href":"https:\/\/www.europesays.com\/fr\/wp-json\/wp\/v2\/media?parent=613811"}],"wp:term":[{"taxonomy":"category","embeddable":true,"href":"https:\/\/www.europesays.com\/fr\/wp-json\/wp\/v2\/categories?post=613811"},{"taxonomy":"post_tag","embeddable":true,"href":"https:\/\/www.europesays.com\/fr\/wp-json\/wp\/v2\/tags?post=613811"}],"curies":[{"name":"wp","href":"https:\/\/api.w.org\/{rel}","templated":true}]}}