{"id":613817,"date":"2025-12-21T13:23:12","date_gmt":"2025-12-21T13:23:12","guid":{"rendered":"https:\/\/www.europesays.com\/fr\/613817\/"},"modified":"2025-12-21T13:23:12","modified_gmt":"2025-12-21T13:23:12","slug":"et-pourtant-soren-bruyere-joumard-sest-bien-amuse-actualite","status":"publish","type":"post","link":"https:\/\/www.europesays.com\/fr\/613817\/","title":{"rendered":"Et pourtant, Soren Bruy\u00e8re Joumard s&rsquo;est \u00ab\u00a0bien amus\u00e9\u00a0\u00bb &#8211; Actualit\u00e9"},"content":{"rendered":"<p><strong>Soren Bruy\u00e8re Joumard a connu une journ\u00e9e particuli\u00e8re ce dimanche matin, lors de la 3e manche de la Coupe du Monde de cyclo-cross Juniors. Sur le circuit de Coxyde, il est pass\u00e9 de l&rsquo;avant-derni\u00e8re place au premier passage sur la ligne, juste apr\u00e8s le d\u00e9part, <a href=\"https:\/\/www.directvelo.com\/actualite\/126060\/cc-coupe-du-monde-3-u19-hommes-classements\" target=\"_blank\" rel=\"noopener\">\u00e0 la 12e place finale<\/a>. Victime d&rsquo;une chute dans les premi\u00e8res dizaines de m\u00e8tres apr\u00e8s avoir sorti le pied de la p\u00e9dale, il est reparti tr\u00e8s loin des premiers. Mais dans sa remont\u00e9e, tour apr\u00e8s tour, il a fait montre de caract\u00e8re, de sang-froid et aussi de sa condition physique et de technique. Si le classement g\u00e9n\u00e9ral de la Coupe du Monde ne tient compte que des quatre meilleurs r\u00e9sultats, au bout de trois manches, il doit c\u00e9der sa tunique rouge et blanche de leader. Mais le coureur de Cyclisme Seyssinet-Seyssins ne baisse pas les bras et avoue m\u00eame avoir \u00ab\u00a0ador\u00e9\u00a0\u00bb la course, comme il l&rsquo;explique \u00e0 DirectVelo apr\u00e8s sa course.<\/strong><\/p>\n<p><strong>DirectVelo : Raconte-nous ces 50 premiers m\u00e8tres de course qui ont mis tout par terre&#8230;<\/strong><\/p>\n<p>Soren Bruy\u00e8re Joumard : J&rsquo;ai fait un bon d\u00e9part, j&rsquo;ai eu le temps de donner une dizaine de coups de p\u00e9dale et, je ne sais pas trop ce qui s&rsquo;est pass\u00e9, si j&rsquo;ai d\u00e9rap\u00e9 ce qui m&rsquo;a fait d\u00e9caler, ou si j&rsquo;ai seulement d\u00e9cal\u00e9. \u00c7a m&rsquo;\u00e9tait d\u00e9j\u00e0 arriv\u00e9 mais jamais aussi violemment et j&rsquo;ai perdu l&rsquo;\u00e9quilibre et je me retrouve par terre. Je me suis fait un peu rouler dessus, \u00e7a a bien cogn\u00e9, mais c&rsquo;est comme \u00e7a, ils ne peuvent pas freiner plus vite que moi qui suis par terre.<\/p>\n<p><strong>Tu n&rsquo;as pas pu faire la course que tu esp\u00e9rais&#8230;<\/strong><br \/>Forc\u00e9ment, c&rsquo;est d\u00e9cevant parce que je me sentais bien. Mais j&rsquo;ai r\u00e9ussi \u00e0 me rassurer sur toute la course, j&rsquo;ai fait une tr\u00e8s grosse remont\u00e9e, donc je suis tr\u00e8s content. Si on enl\u00e8ve cette partie-l\u00e0, je suis content de ma course, j&rsquo;ai fait des beaux passages dans le sable, je n&rsquo;ai fait que remonter. Physiquement, \u00e7a allait tr\u00e8s bien et techniquement aussi, alors que la semaine derni\u00e8re,\u00a0<a href=\"https:\/\/www.directvelo.com\/actualite\/125925\/soren-bruyere-joumard-toujours-des-choses-a-perfectionner\" target=\"_blank\" rel=\"noopener\"><strong>je n&rsquo;avais pas mes meilleures sensations physiques et dans le sable<\/strong><\/a>. Je suis tr\u00e8s content et j&rsquo;ai ador\u00e9 quand m\u00eame, je me suis bien amus\u00e9.<\/p>\n<p><strong>\u00ab R\u00c9USSIR \u00c0 NE PAS S&rsquo;\u00c9NERVER \u00bb<\/strong><\/p>\n<p><strong>Comment g\u00e8re-t-on cet effort de remont\u00e9e ?<\/strong><br \/>Il faut faire attention avec les autres coureurs qu&rsquo;on vient doubler et eux, forc\u00e9ment, ils jouent leur course, donc m\u00eame s&rsquo;ils vont moins vite que nous, il faut faire attention parce qu&rsquo;ils vont vouloir jouer les int\u00e9rieurs. Il faut jouer des coudes et aussi, il faut r\u00e9ussir \u00e0 ne pas s&rsquo;\u00e9nerver, ce qui est parfois un peu compliqu\u00e9. Il ne faut pas vouloir tout remettre directement au premier tour mais plut\u00f4t vouloir remonter plus dans la longueur. J&rsquo;ai vraiment essay\u00e9 de faire un effort assez lin\u00e9aire pour pouvoir terminer \u00e0 bloc \u00e0 la fin et m\u00eame rester propre techniquement, surtout dans le sable.<\/p>\n<p><strong>Justement, dans le sable, on n&rsquo;est pas totalement ma\u00eetre de sa trajectoire, on subit les coureurs qui sont devant&#8230;<\/strong><br \/>On suit les orni\u00e8res creus\u00e9es par celui de devant donc tu suis tout ce qu&rsquo;il fait. Il faut rester lucide et concentr\u00e9 et c&rsquo;est toute une technique. Mais on a beaucoup progress\u00e9 avec l&rsquo;\u00e9quipe de France et on a fait beaucoup de stages qui sont b\u00e9n\u00e9fiques.<\/p>\n<p><strong>\u00ab QUAND TU Y ARRIVES, C&rsquo;EST GRATIFIANT \u00bb<\/strong><\/p>\n<p style=\"text-align: justify;\"><strong>Pour ta deuxi\u00e8me ann\u00e9e Junior, tu sens que tu passes des paliers ?<\/strong><br \/>Physiquement c&rsquo;est normal, \u00e7a se fait avec l&rsquo;entra\u00eenement. Techniquement, je sens que \u00e7a va beaucoup mieux et ici, je me suis vraiment amus\u00e9 m\u00eame si j&rsquo;avais mal. J&rsquo;ai ador\u00e9 la course. Quand au d\u00e9but, tu n&rsquo;arrives pas \u00e0 faire quelque chose et que pendant une course, tu y arrives, tu passes propre, c&rsquo;est gratifiant.<\/p>\n<p><strong>C&rsquo;est encourageant pour l&rsquo;avenir ?<\/strong><br \/>J&rsquo;esp\u00e8re. Pour l&rsquo;instant, il n&rsquo;y a plus de sable jusqu&rsquo;\u00e0 la fin de la saison mais l&rsquo;ann\u00e9e prochaine, ils annoncent encore beaucoup de sable, m\u00eame le Championnat du Monde donc on pense d\u00e9j\u00e0 l&rsquo;avenir. C&rsquo;est de bon augure.<\/p>\n","protected":false},"excerpt":{"rendered":"Soren Bruy\u00e8re Joumard a connu une journ\u00e9e particuli\u00e8re ce dimanche matin, lors de la 3e manche de la&hellip;\n","protected":false},"author":2,"featured_media":613818,"comment_status":"","ping_status":"","sticky":false,"template":"","format":"standard","meta":{"footnotes":""},"categories":[1411],"tags":[834,828,836,829,837,827,83,826,824,823,1154,207,814,817,815,816,822,821,832,211,839,1011,27,820,818,819,835,831,830,833,838,60,212,208,825],"class_list":{"0":"post-613817","1":"post","2":"type-post","3":"status-publish","4":"format-standard","5":"has-post-thumbnail","7":"category-cyclisme","8":"tag-attaque","9":"tag-belgique","10":"tag-braquet","11":"tag-bretagne","12":"tag-chute","13":"tag-competition","14":"tag-coupe-de-france","15":"tag-coureur","16":"tag-course-cyclisme","17":"tag-course-cycliste","18":"tag-cycling","19":"tag-cyclisme","20":"tag-direct","21":"tag-direct-velo","22":"tag-directvelo","23":"tag-directvelo-com","24":"tag-epreuve","25":"tag-epreuve-cycliste","26":"tag-federation-francaise-de-cyclisme","27":"tag-ffc","28":"tag-flandres","29":"tag-fr","30":"tag-france","31":"tag-live","32":"tag-live-course","33":"tag-live-epreuve","34":"tag-peloton","35":"tag-radio-peloton","36":"tag-radio-tour","37":"tag-ravitaillement","38":"tag-relance","39":"tag-sports","40":"tag-uci","41":"tag-velo","42":"tag-velos"},"share_on_mastodon":{"url":"https:\/\/pubeurope.com\/@fr\/115757777248636748","error":""},"_links":{"self":[{"href":"https:\/\/www.europesays.com\/fr\/wp-json\/wp\/v2\/posts\/613817","targetHints":{"allow":["GET"]}}],"collection":[{"href":"https:\/\/www.europesays.com\/fr\/wp-json\/wp\/v2\/posts"}],"about":[{"href":"https:\/\/www.europesays.com\/fr\/wp-json\/wp\/v2\/types\/post"}],"author":[{"embeddable":true,"href":"https:\/\/www.europesays.com\/fr\/wp-json\/wp\/v2\/users\/2"}],"replies":[{"embeddable":true,"href":"https:\/\/www.europesays.com\/fr\/wp-json\/wp\/v2\/comments?post=613817"}],"version-history":[{"count":0,"href":"https:\/\/www.europesays.com\/fr\/wp-json\/wp\/v2\/posts\/613817\/revisions"}],"wp:featuredmedia":[{"embeddable":true,"href":"https:\/\/www.europesays.com\/fr\/wp-json\/wp\/v2\/media\/613818"}],"wp:attachment":[{"href":"https:\/\/www.europesays.com\/fr\/wp-json\/wp\/v2\/media?parent=613817"}],"wp:term":[{"taxonomy":"category","embeddable":true,"href":"https:\/\/www.europesays.com\/fr\/wp-json\/wp\/v2\/categories?post=613817"},{"taxonomy":"post_tag","embeddable":true,"href":"https:\/\/www.europesays.com\/fr\/wp-json\/wp\/v2\/tags?post=613817"}],"curies":[{"name":"wp","href":"https:\/\/api.w.org\/{rel}","templated":true}]}}