{"id":613819,"date":"2025-12-21T13:24:24","date_gmt":"2025-12-21T13:24:24","guid":{"rendered":"https:\/\/www.europesays.com\/fr\/613819\/"},"modified":"2025-12-21T13:24:24","modified_gmt":"2025-12-21T13:24:24","slug":"adil-rami-sa-mere-au-plus-mal-il-fond-en-larmes-en-pleine-interview","status":"publish","type":"post","link":"https:\/\/www.europesays.com\/fr\/613819\/","title":{"rendered":"Adil Rami : sa m\u00e8re au plus mal, il fond en larmes en pleine interview"},"content":{"rendered":"<p data-start=\"309\" data-end=\"578\">Si Adil Rami est un grand<br \/>\nsportif, c\u2019est aussi un grand \u00e9motif. L\u2019ancien champion du monde de<br \/>\nfootball a pu montrer sa sensibilit\u00e9 lorsqu\u2019il a particip\u00e9 \u00e0<br \/>\nl\u2019\u00e9mission<br \/>\nLes Tra\u00eetres sur M6, ou bien <a href=\"https:\/\/www.closermag.fr\/tv_tele_realite\/une-petite-olive-entre-les-fesses-ce-conseil-donne-a-adil-rami-dans-danse-avec-les-stars-3535738\" target=\"_blank\" rel=\"noopener\"><br \/>\n\u00e0<br \/>\nDanse avec les stars, sur TF1.<\/a><\/p>\n<p data-start=\"580\" data-end=\"974\">Ces derni\u00e8res ann\u00e9es, il a<br \/>\nmontr\u00e9 qu\u2019il avait plusieurs cordes \u00e0 son arc. Apr\u00e8s la<br \/>\nt\u00e9l\u00e9r\u00e9alit\u00e9, <a href=\"https:\/\/www.closermag.fr\/people\/adil-rami-mechant-et-autoritaire-il-repond-aux-critiques-sur-sa-relation-avec-louana-franco-3571153\" target=\"_blank\" rel=\"noopener\"><br \/>\nle compagnon de<br \/>\nLouana Franco<\/a> s\u2019essaie au th\u00e9\u00e2tre. \u00c0 cette occasion, il<br \/>\na livr\u00e9 une interview \u00e0 Nathalie Roux, dans le 12:45 de M6 le<br \/>\nvendredi 19 d\u00e9cembre. Au cours de cet \u00e9change, il a \u00e9voqu\u00e9 sa m\u00e8re,<br \/>\nqui semble avoir des probl\u00e8mes de sant\u00e9. Il n\u2019a pas pu retenir ses<br \/>\nlarmes.<\/p>\n<p>Adil Rami bient\u00f4t au th\u00e9\u00e2tre<br \/>\n!<\/p>\n<p data-start=\"1011\" data-end=\"1783\">Si Adil Rami a pris sa<br \/>\nretraite sportive, il est loin d\u2019avoir pris sa retraite tout court<br \/>\net s\u2019essaie constamment \u00e0 de nouvelles disciplines. En plus d\u2019\u00eatre<br \/>\nactif sur Twitch, il fait \u00e9galement partie des Grosses T\u00eates de<\/p>\n<p>Laurent Ruquier sur RTL. L\u2019ann\u00e9e prochaine, Adil Rami va<br \/>\npour la premi\u00e8re fois monter sur les planches d\u2019un th\u00e9\u00e2tre. Le 21<br \/>\njanvier 2026, il fera la grande premi\u00e8re de <strong>la pi\u00e8ce de<\/p>\n<p>Philippe Lellouche, \u201cLe Jeu de la v\u00e9rit\u00e9\u201d<\/strong>, au th\u00e9\u00e2tre de l\u2019Apollon<br \/>\n\u00e0 Paris. Il y a quelques mois, il s\u2019\u00e9tait d\u00e9j\u00e0 mis dans la peau<br \/>\nd\u2019un autre personnage, puisqu\u2019il avait obtenu un r\u00f4le dans la s\u00e9rie<\/p>\n<p>L\u00e9o Matt\u00e9\u00ef, incarn\u00e9e par<br \/>\nJean-Luc Reichmann. L\u2019\u00e9pisode sera diffus\u00e9 en f\u00e9vrier<br \/>\n2026.<\/p>\n<p data-start=\"1785\" data-end=\"2174\">Lors de son passage dans le<br \/>\n12:45, il a donc parl\u00e9 de sa nouvelle carri\u00e8re. \u00c0 la fin de<br \/>\nl\u2019interview, Nathalie Roux lui a pos\u00e9 une question beaucoup plus<br \/>\nvague : \u201cSi je devais vous<br \/>\ndemander de livrer l\u00e0 un petit secret, une petite v\u00e9rit\u00e9 que vous<br \/>\nn\u2019avez pas encore dite\u2026\u201d. Et personne ne s\u2019attendait \u00e0 ce que<br \/>\nl\u2019ancien champion du monde de football ne fonde en larmes apr\u00e8s<br \/>\ncette question.<\/p>\n<p>Adil<br \/>\nRami en larmes sur M6<\/p>\n<p data-start=\"2207\" data-end=\"2686\">En effet, Adil Rami a \u00e9voqu\u00e9<br \/>\nsa m\u00e8re, en laissant entendre qu\u2019elle avait des probl\u00e8mes de sant\u00e9<br \/>\n: \u201cJ\u2019ai cette v\u00e9rit\u00e9 o\u00f9 je me<br \/>\ndis : il faut que cette pi\u00e8ce arrive vite, parce que j\u2019ai envie de<br \/>\nla jouer. Et <strong>j\u2019ai besoin que ma m\u00e8re vienne me voir<br \/>\njouer.<\/strong> Et \u00e7a, c\u2019est une v\u00e9rit\u00e9, <strong>j\u2019ai peur qu\u2019elle<br \/>\nne soit plus l\u00e0\u201d<\/strong>. La pr\u00e9sentatrice du JT a eu des<br \/>\nmots r\u00e9confortants vis-\u00e0-vis de son invit\u00e9 : \u201cDonc, il faut que \u00e7a arrive vite. Je vous sens<br \/>\n\u00e9mu. On va croiser les doigts alors\u201d.<\/p>\n<p data-start=\"2688\" data-end=\"2965\">Nathalie Roux avait vu juste,<br \/>\npuisque <a href=\"https:\/\/www.closermag.fr\/people\/video-adil-rami-en-larmes-revient-sur-son-passe-j-idolatre-ma-mere-elle-est-ma-f-982329\" target=\"_blank\" rel=\"noopener\"><br \/>\nles larmes lui sont mont\u00e9es aux yeux<\/a>. Alors que le p\u00e8re de<br \/>\njumeaux s\u2019est excus\u00e9, en demandant \u201cpardon\u201d, la journaliste lui a dit que ce n\u2019\u00e9tait pas<br \/>\nn\u00e9cessaire : \u201cNon mais, c\u2019est<br \/>\nbeau. C\u2019est beau aussi de vouloir rendre fi\u00e8re sa maman\u201d.<\/p>\n","protected":false},"excerpt":{"rendered":"Si Adil Rami est un grand sportif, c\u2019est aussi un grand \u00e9motif. L\u2019ancien champion du monde de football&hellip;\n","protected":false},"author":2,"featured_media":613820,"comment_status":"","ping_status":"","sticky":false,"template":"","format":"standard","meta":{"footnotes":""},"categories":[1410],"tags":[1682,21303,63,1011,27,70426,60],"class_list":{"0":"post-613819","1":"post","2":"type-post","3":"status-publish","4":"format-standard","5":"has-post-thumbnail","7":"category-football","8":"tag-adil-rami","9":"tag-buzz_nonli","10":"tag-football","11":"tag-fr","12":"tag-france","13":"tag-marfeel_news","14":"tag-sports"},"share_on_mastodon":{"url":"https:\/\/pubeurope.com\/@fr\/115757781283362776","error":""},"_links":{"self":[{"href":"https:\/\/www.europesays.com\/fr\/wp-json\/wp\/v2\/posts\/613819","targetHints":{"allow":["GET"]}}],"collection":[{"href":"https:\/\/www.europesays.com\/fr\/wp-json\/wp\/v2\/posts"}],"about":[{"href":"https:\/\/www.europesays.com\/fr\/wp-json\/wp\/v2\/types\/post"}],"author":[{"embeddable":true,"href":"https:\/\/www.europesays.com\/fr\/wp-json\/wp\/v2\/users\/2"}],"replies":[{"embeddable":true,"href":"https:\/\/www.europesays.com\/fr\/wp-json\/wp\/v2\/comments?post=613819"}],"version-history":[{"count":0,"href":"https:\/\/www.europesays.com\/fr\/wp-json\/wp\/v2\/posts\/613819\/revisions"}],"wp:featuredmedia":[{"embeddable":true,"href":"https:\/\/www.europesays.com\/fr\/wp-json\/wp\/v2\/media\/613820"}],"wp:attachment":[{"href":"https:\/\/www.europesays.com\/fr\/wp-json\/wp\/v2\/media?parent=613819"}],"wp:term":[{"taxonomy":"category","embeddable":true,"href":"https:\/\/www.europesays.com\/fr\/wp-json\/wp\/v2\/categories?post=613819"},{"taxonomy":"post_tag","embeddable":true,"href":"https:\/\/www.europesays.com\/fr\/wp-json\/wp\/v2\/tags?post=613819"}],"curies":[{"name":"wp","href":"https:\/\/api.w.org\/{rel}","templated":true}]}}