{"id":613823,"date":"2025-12-21T13:26:43","date_gmt":"2025-12-21T13:26:43","guid":{"rendered":"https:\/\/www.europesays.com\/fr\/613823\/"},"modified":"2025-12-21T13:26:43","modified_gmt":"2025-12-21T13:26:43","slug":"a-lille-un-20-m%c2%b2-sous-les-combles-transforme-en-cocon","status":"publish","type":"post","link":"https:\/\/www.europesays.com\/fr\/613823\/","title":{"rendered":"A Lille, un 20 m\u00b2 sous les combles transform\u00e9 en cocon"},"content":{"rendered":"<p>      <img loading=\"lazy\" decoding=\"async\" width=\"640\" height=\"480\" alt=\"La m\u00e9tamorphose de cet appartement sous les combles a n\u00e9cessit\u00e9 6 mois de travaux\" title=\"La m\u00e9tamorphose de cet appartement sous les combles a n\u00e9cessit\u00e9 6 mois de travaux\" class=\"zoomable\" data-pin-url=\"https:\/\/www.maisonapart.com\/edito\/avant-aprs---un-appartement-sous-les-combles--li-14194.php\" src=\"https:\/\/www.europesays.com\/fr\/wp-content\/uploads\/2025\/12\/20251201_170254_okokmbinterieur-28.webp.webp\" \/>    <\/p>\n<p>La m\u00e9tamorphose de cet appartement sous les combles a n\u00e9cessit\u00e9 6 mois de travaux \u00a9 Marion Brodel<\/p>\n<p><b>R\u00c9NOVATION.<\/b> Nich\u00e9 sous les toits du Vieux-Lille, ce petit appartement de 20 m\u00b2 a \u00e9t\u00e9 totalement repens\u00e9 par l&rsquo;architecte d&rsquo;int\u00e9rieur Marion Brodel. Objectif : offrir \u00e0 une \u00e9tudiante un cocon fonctionnel, confortable et lumineux.<\/p>\n<p>\u00ab\u00a0Les clients habitent \u00e0 Tahiti. Ils m&rsquo;ont contact\u00e9e alors que leur fille, \u00e9tudiante, s&rsquo;appr\u00eatait \u00e0 visiter un appartement dans le Vieux-Lille. Ils m&rsquo;ont demand\u00e9 de l&rsquo;accompagner lors de cette visite\u00a0\u00bb, relate Marion Brodel, architecte d&rsquo;int\u00e9rieur. \u00ab\u00a0Sur place, elle ne se projetait pas du tout dans l&rsquo;appartement, qui m\u00e9ritait, il est vrai, d&rsquo;\u00eatre optimis\u00e9.\u00a0\u00bb<\/p>\n<p>Des am\u00e9nagements peu s\u00e9curis\u00e9s<\/p>\n<p>L&rsquo;architecte d&rsquo;int\u00e9rieur voit tout le potentiel du lieu. Notamment dans la mezzanine, o\u00f9 une seconde chambre avait \u00e9t\u00e9 install\u00e9e sans s\u00e9curit\u00e9, et dans laquelle il n&rsquo;\u00e9tait pas possible de se tenir debout.<\/p>\n<p>\u00ab\u00a0La fille de mes clients \u00e9tant une grande lectrice, j&rsquo;ai choisi de transformer cette chambre en biblioth\u00e8que sur mesure, avec un coin lecture confortable\u00a0\u00bb, explique Marion Brodel.<\/p>\n<p>Autre point \u00e0 am\u00e9liorer : l&rsquo;entr\u00e9e, peu accueillante. \u00ab\u00a0On acc\u00e9dait \u00e0 l&rsquo;appartement par un escalier \u00e9troit, qui d\u00e9bouchait directement sur la pi\u00e8ce de vie. Nous avons choisi de d\u00e9limiter l&rsquo;entr\u00e9e gr\u00e2ce \u00e0 un mur \u00e0 mi-hauteur. Cela permet d&rsquo;y adosser un meuble de rangement, tandis que la partie haute est habill\u00e9e de tasseaux de bois.\u00a0\u00bb<\/p>\n<p>Un cocon chaleureux et fonctionnel<\/p>\n<p>Avec l&rsquo;id\u00e9e de cr\u00e9er un cocon pour une \u00e9tudiante dont les parents vivent \u00e0 des milliers de kilom\u00e8tres, Marion Brodel a repens\u00e9 l&rsquo;espace pour en faire un lieu apaisant et fonctionnel.<\/p>\n<p>Une chambre confortable, une salle de bain pratique, une cuisine compacte et bien pens\u00e9e. \u00ab\u00a0Elle est enti\u00e8rement \u00e9quip\u00e9e et dispose de deux assises. L&rsquo;appartement \u00e9tant destin\u00e9 \u00e0 \u00eatre lou\u00e9 apr\u00e8s le d\u00e9part de la fille des propri\u00e9taires, nous avons mis\u00e9 sur une d\u00e9coration intemporelle et un bon rapport qualit\u00e9\/prix tant au niveau des mat\u00e9riaux que du mobilier.\u00a0\u00bb<\/p>\n<p>\u00a0<\/p>\n<p>Fiche technique :<br \/>\nSuperficie : 20 m\u00b2 (45 m\u00b2 au sol)<br \/>\nLivraison : 2025<br \/>\nDur\u00e9e des travaux : 6 mois<br \/>\nCo\u00fbt des travaux : 40.000 euros<\/p>\n<p><b>D\u00e9couvrez dans les pages suivantes, en images, la m\u00e9tamorphose de cet appartement Lillois.&#13;&#13;<a href=\"https:\/\/www.maisonapart.com\/edito\/javascript:void(0);\" class=\"vide\" onclick=\"this.href=\" https:=\"\" target=\"_blank\" rel=\"noopener\">Marion Brodel<\/a>, Lille et Flandres : contact@marionbrodel.com &#8211; T\u00e9l. 06 64 05 23 77.<\/b><\/p>\n","protected":false},"excerpt":{"rendered":"La m\u00e9tamorphose de cet appartement sous les combles a n\u00e9cessit\u00e9 6 mois de travaux \u00a9 Marion Brodel R\u00c9NOVATION.&hellip;\n","protected":false},"author":2,"featured_media":613824,"comment_status":"","ping_status":"","sticky":false,"template":"","format":"standard","meta":{"footnotes":""},"categories":[1358],"tags":[1348,1384,1385,1386,58,59,1011,27],"class_list":{"0":"post-613823","1":"post","2":"type-post","3":"status-publish","4":"format-standard","5":"has-post-thumbnail","7":"category-arts-et-design","8":"tag-arts","9":"tag-arts-and-design","10":"tag-arts-et-design","11":"tag-design","12":"tag-divertissement","13":"tag-entertainment","14":"tag-fr","15":"tag-france"},"share_on_mastodon":{"url":"https:\/\/pubeurope.com\/@fr\/115757789720108349","error":""},"_links":{"self":[{"href":"https:\/\/www.europesays.com\/fr\/wp-json\/wp\/v2\/posts\/613823","targetHints":{"allow":["GET"]}}],"collection":[{"href":"https:\/\/www.europesays.com\/fr\/wp-json\/wp\/v2\/posts"}],"about":[{"href":"https:\/\/www.europesays.com\/fr\/wp-json\/wp\/v2\/types\/post"}],"author":[{"embeddable":true,"href":"https:\/\/www.europesays.com\/fr\/wp-json\/wp\/v2\/users\/2"}],"replies":[{"embeddable":true,"href":"https:\/\/www.europesays.com\/fr\/wp-json\/wp\/v2\/comments?post=613823"}],"version-history":[{"count":0,"href":"https:\/\/www.europesays.com\/fr\/wp-json\/wp\/v2\/posts\/613823\/revisions"}],"wp:featuredmedia":[{"embeddable":true,"href":"https:\/\/www.europesays.com\/fr\/wp-json\/wp\/v2\/media\/613824"}],"wp:attachment":[{"href":"https:\/\/www.europesays.com\/fr\/wp-json\/wp\/v2\/media?parent=613823"}],"wp:term":[{"taxonomy":"category","embeddable":true,"href":"https:\/\/www.europesays.com\/fr\/wp-json\/wp\/v2\/categories?post=613823"},{"taxonomy":"post_tag","embeddable":true,"href":"https:\/\/www.europesays.com\/fr\/wp-json\/wp\/v2\/tags?post=613823"}],"curies":[{"name":"wp","href":"https:\/\/api.w.org\/{rel}","templated":true}]}}