{"id":613825,"date":"2025-12-21T13:28:15","date_gmt":"2025-12-21T13:28:15","guid":{"rendered":"https:\/\/www.europesays.com\/fr\/613825\/"},"modified":"2025-12-21T13:28:15","modified_gmt":"2025-12-21T13:28:15","slug":"fais-pas-cette-gueule-muriel-robin-alpaguee-par-philippe-manoeuvre-en-pleine-emission-elle-replique-vivement-video","status":"publish","type":"post","link":"https:\/\/www.europesays.com\/fr\/613825\/","title":{"rendered":"\u00ab\u00a0Fais pas cette gueule !\u00a0\u00bb Muriel Robin alpagu\u00e9e par Philippe Manoeuvre en pleine \u00e9mission, elle r\u00e9plique vivement (VIDEO)"},"content":{"rendered":"<p>Qui s&rsquo;y frotte s&rsquo;y pique. Samedi 20 d\u00e9cembre 2025, dans l&rsquo;\u00e9mission <a href=\"https:\/\/www.programme-tv.net\/news\/tv\/394542-quelle-epoque-france-2-qui-sont-les-invites-de-lea-salame-ce-samedi-20-decembre-2025\/\" data-api-deeplink=\"teleloisirs:\/\/news\/394542\" target=\"_blank\" rel=\"noopener\">Quelle \u00e9poque !<\/a> diffus\u00e9e sur France 2, <a href=\"https:\/\/www.programme-tv.net\/biographie\/1044-salame-lea\/\" data-link-people=\"5c093c14-70e3-4f88-8231-98d25b01dc6f\" target=\"_blank\" rel=\"noopener\">L\u00e9a Salam\u00e9<\/a> recevait de nombreux invit\u00e9s. Parmi eux, Philippe Man\u0153uvre, Muriel Robin ou encore <a href=\"https:\/\/www.programme-tv.net\/biographie\/319-de-caunes-antoine\/\" data-link-people=\"7635763f-7057-4708-b7a5-5fa669c28701\" target=\"_blank\" rel=\"noopener\">Antoine de Caunes<\/a>. Et au d\u00e9tour d&rsquo;une question sur l&rsquo;unanimit\u00e9 dont semble faire preuve <a href=\"https:\/\/www.programme-tv.net\/news\/tv\/392726-exclu-des-petites-pilules-qui-font-sourire-antoine-de-caunes-raconte-sa-depression-apres-larret-du-grand-journal\/\" data-api-deeplink=\"teleloisirs:\/\/news\/392726\" target=\"_blank\" rel=\"noopener\">l&rsquo;ancien pr\u00e9sentateur du Grand Journal<\/a> sur Canal+, la com\u00e9dienne et le journaliste se sont lanc\u00e9s dans une passe d&rsquo;armes hilarante. \u00ab\u00a0Tout ce qu&rsquo;on aime avec Philippe (Man\u0153uvre), c&rsquo;est qu&rsquo;on fait \u00e7a (parler de pop culture, ndlr) avec beaucoup de s\u00e9rieux, sans se prendre nous-m\u00eames au s\u00e9rieux, c&rsquo;est ce qui fait la diff\u00e9rence je crois\u00a0\u00bb, explique l&rsquo;homme de t\u00e9l\u00e9vision, \u00e0 qui une s\u00e9rie documentaire est d\u00e9di\u00e9e sur la cha\u00eene crypt\u00e9e.<\/p>\n<p>\u00ab\u00a0Voil\u00e0 ! Et je voudrais passer un message \u00e0 Muriel Robin. Je voudrais lui dire : regarde nous, on est heureux ! Pourquoi t&rsquo;es malheureuse comme \u00e7a tout le temps ?\u00a0\u00bb, intervient l&rsquo;ancien r\u00e9dacteur en chef du magazine Rock &amp; Folk.  \u00ab\u00a0O\u00f9 je suis malheureuse tout le temps ? Qu&rsquo;est-ce qu&rsquo;il se passe ?\u00a0\u00bb, r\u00e9pond-elle, visiblement d\u00e9sorient\u00e9e par cette interpellation.<\/p>\n<p>                        \u00ab\u00a0Je vous l&rsquo;ai r\u00e9veill\u00e9e, la vieille\u00a0\u00bb : passe d&rsquo;armes entre Philippe Man\u0153uvre et Muriel Robin dans Quelle \u00e9poque !<\/p>\n<p>\u00ab\u00a0Et sa m\u00e8re, \u00e7a n&rsquo;allait pas. Et son p\u00e8re. Et ceci&#8230; M\u00eame ton film \u00e7a ne va pas. Alors si je pouvais te faire passer ce message de No\u00ebl&#8230;\u00a0\u00bb, explique l&rsquo;ancien jur\u00e9 de Nouvelle Star sur M6, sous les applaudissements du public. \u00ab\u00a0Compl\u00e8tement d&rsquo;accord avec toi, mais je suis pas all\u00e9e sur ce terrain. On me dit des choses que j&rsquo;ai dites avant. Mais moi, je le dis pas, je vais tr\u00e8s bien. On me demande comment je vais, je vais tr\u00e8s bien\u00a0\u00bb, se justifie <a href=\"https:\/\/www.programme-tv.net\/news\/people\/394460-muriel-robin-revele-cette-folie-qu-elle-a-faite-pour-soutenir-sa-femme-anne-le-nen-elle-ne-veut-pas-que-je-sois-dans-la-salle\/\" data-api-deeplink=\"teleloisirs:\/\/news\/394460\" target=\"_blank\" rel=\"noopener\">l&rsquo;humoriste<\/a>. \u00ab\u00a0J&rsquo;ai envie de lui dire : Muriel, tu as tout\u00a0\u00bb, reprend son camarade de plateau. \u00ab\u00a0Et Muriel, on t&rsquo;aime surtout\u00a0\u00bb, compl\u00e8te Antoine de Caunes, conciliant. \u00ab\u00a0Tu es une superbe actrice\u00a0\u00bb, rajoute son comp\u00e8re.<\/p>\n<p>L\u00e9a Salam\u00e9 a tent\u00e9 de recadrer la discussion en encha\u00eenant sur le seul en sc\u00e8ne de Philippe Manoeuvre Un enfant du rock, titre qui fait \u00e9videmment r\u00e9f\u00e9rence \u00e0 l&rsquo;\u00e9mission culte Les enfants du rock qu&rsquo;Antoine de Caunes et lui ont anim\u00e9e. \u00ab\u00a0Bon, Philippe Man\u0153uvre au th\u00e9\u00e2tre, \u00e7a, on ne l&rsquo;avait pas vu venir\u2026\u00a0\u00bb, lance la journaliste. \u00ab\u00a0Moi non plus\u00a0\u00bb, r\u00e9pond le concern\u00e9. C&rsquo;est le moment que choisit Muriel Robin pour se venger. \u00ab\u00a0Ben r\u00e9jouis-toi d&rsquo;\u00eatre au th\u00e9\u00e2tre !\u00a0\u00bb, balance-t-elle. \u00ab\u00a0Fais pas cette gueule !\u00a0\u00bb, insiste-t-elle \u00e0 deux reprises avant d&rsquo;imiter son manque d&rsquo;entrain. \u00ab\u00a0Sois heureux ! On est heureux quand on est au th\u00e9\u00e2tre\u00a0\u00bb, ajoute l&rsquo;humoriste sous les rires des chroniqueurs et invit\u00e9s.<\/p>\n<p>\u00ab\u00a0Avouez que je vous l&rsquo;ai r\u00e9veill\u00e9e, la vieille\u00a0\u00bb, rebondit une derni\u00e8re fois son adversaire de la soir\u00e9e. \u00ab\u00a0Je m&rsquo;en vais ! On s&rsquo;en va\u00a0\u00bb, l\u00e2che, un peu g\u00ean\u00e9, le chroniqueur <a href=\"https:\/\/www.programme-tv.net\/biographie\/278102-clement-hugo\/\" data-link-people=\"799a56b5-f5f2-479b-b7a0-3a76b9fae8a8\" target=\"_blank\" rel=\"noopener\">Hugo Cl\u00e9ment<\/a>, qui se l\u00e8ve de sa chaise et qui est imit\u00e9 par la pr\u00e9sentatrice de l&rsquo;\u00e9mission, tandis que les deux invit\u00e9s se serrent la main en \u00e9changeant un sourire complice. Un amusant moment de t\u00e9l\u00e9.<\/p>\n<blockquote class=\"twitter-tweet\">\n<p lang=\"fr\" dir=\"ltr\">\ud83d\ude2d Si Philippe Man\u0153uvre cherche Muriel Robin, il la trouve ! <a href=\"https:\/\/twitter.com\/hashtag\/QuelleEpoque?src=hash&amp;ref_src=twsrc%5Etfw\" target=\"_blank\" rel=\"noopener\">#QuelleEpoque<\/a> <a href=\"https:\/\/twitter.com\/FranceTV?ref_src=twsrc%5Etfw\" target=\"_blank\" rel=\"noopener\">@FranceTV<\/a> <a href=\"https:\/\/twitter.com\/LeaSalame?ref_src=twsrc%5Etfw\" target=\"_blank\" rel=\"noopener\">@LeaSalame<\/a> <a href=\"https:\/\/twitter.com\/hashtag\/humour?src=hash&amp;ref_src=twsrc%5Etfw\" target=\"_blank\" rel=\"noopener\">#humour<\/a> <a href=\"https:\/\/t.co\/QqVJNJdCwR\">pic.twitter.com\/QqVJNJdCwR<\/a><\/p>\n<p>\u2014 Quelle \u00c9poque! (@QuelleEpoqueOff) <a href=\"https:\/\/twitter.com\/QuelleEpoqueOff\/status\/2002524197898367009?ref_src=twsrc%5Etfw\" target=\"_blank\" rel=\"noopener\">December 20, 2025<\/a><\/p><\/blockquote>\n<p>Article \u00e9crit en collaboration avec 6Medias<\/p>\n<p>    <script async src=\"https:\/\/platform.twitter.com\/widgets.js\" charset=\"utf-8\"><\/script><\/p>\n","protected":false},"excerpt":{"rendered":"Qui s&rsquo;y frotte s&rsquo;y pique. Samedi 20 d\u00e9cembre 2025, dans l&rsquo;\u00e9mission Quelle \u00e9poque ! diffus\u00e9e sur France 2,&hellip;\n","protected":false},"author":2,"featured_media":613826,"comment_status":"","ping_status":"","sticky":false,"template":"","format":"standard","meta":{"footnotes":""},"categories":[1356],"tags":[12232,244,58,59,1011,27,11764,19708,3778,252,1364],"class_list":{"0":"post-613825","1":"post","2":"type-post","3":"status-publish","4":"format-standard","5":"has-post-thumbnail","7":"category-television","8":"tag-clash","9":"tag-commentaire","10":"tag-divertissement","11":"tag-entertainment","12":"tag-fr","13":"tag-france","14":"tag-muriel-robin","15":"tag-philippe-manoeuvre","16":"tag-quelle-u00e9poque","17":"tag-television","18":"tag-tv"},"share_on_mastodon":{"url":"https:\/\/pubeurope.com\/@fr\/115757796982551913","error":""},"_links":{"self":[{"href":"https:\/\/www.europesays.com\/fr\/wp-json\/wp\/v2\/posts\/613825","targetHints":{"allow":["GET"]}}],"collection":[{"href":"https:\/\/www.europesays.com\/fr\/wp-json\/wp\/v2\/posts"}],"about":[{"href":"https:\/\/www.europesays.com\/fr\/wp-json\/wp\/v2\/types\/post"}],"author":[{"embeddable":true,"href":"https:\/\/www.europesays.com\/fr\/wp-json\/wp\/v2\/users\/2"}],"replies":[{"embeddable":true,"href":"https:\/\/www.europesays.com\/fr\/wp-json\/wp\/v2\/comments?post=613825"}],"version-history":[{"count":0,"href":"https:\/\/www.europesays.com\/fr\/wp-json\/wp\/v2\/posts\/613825\/revisions"}],"wp:featuredmedia":[{"embeddable":true,"href":"https:\/\/www.europesays.com\/fr\/wp-json\/wp\/v2\/media\/613826"}],"wp:attachment":[{"href":"https:\/\/www.europesays.com\/fr\/wp-json\/wp\/v2\/media?parent=613825"}],"wp:term":[{"taxonomy":"category","embeddable":true,"href":"https:\/\/www.europesays.com\/fr\/wp-json\/wp\/v2\/categories?post=613825"},{"taxonomy":"post_tag","embeddable":true,"href":"https:\/\/www.europesays.com\/fr\/wp-json\/wp\/v2\/tags?post=613825"}],"curies":[{"name":"wp","href":"https:\/\/api.w.org\/{rel}","templated":true}]}}