{"id":613835,"date":"2025-12-21T13:33:10","date_gmt":"2025-12-21T13:33:10","guid":{"rendered":"https:\/\/www.europesays.com\/fr\/613835\/"},"modified":"2025-12-21T13:33:10","modified_gmt":"2025-12-21T13:33:10","slug":"pierre-vial-figure-de-la-comedie-francaise-et-enchanteur-du-film-les-visiteurs-est-mort-a-lage-de-97-ans","status":"publish","type":"post","link":"https:\/\/www.europesays.com\/fr\/613835\/","title":{"rendered":"Pierre Vial, figure de la Com\u00e9die fran\u00e7aise et enchanteur du film \u00ab\u00a0Les Visiteurs\u00a0\u00bb, est mort \u00e0 l\u2019\u00e2ge de 97\u00a0ans"},"content":{"rendered":"<p class=\"paragraph text_align_left lp-f-body-02\">Le com\u00e9dien, acteur et metteur en sc\u00e8ne Pierre Vial est mort \u00e0 l\u2019\u00e2ge de 97 ans, a annonc\u00e9 son fils \u00e0 l\u2019AFP. Pensionnaire puis soci\u00e9taire de <a href=\"https:\/\/www.leparisien.fr\/culture-loisirs\/notre-boulot-cest-detre-un-peu-des-faussaires-dans-les-ateliers-decors-de-la-comedie-francaise-04-05-2025-3I5RYOMUMJGKLI72SRZ5WZ7COA.php\" target=\"_self\" rel=\"noopener\">la Com\u00e9die fran\u00e7aise<\/a>, il \u00e9tait \u00e9galement connu du grand public pour son r\u00f4le dans les films \u00ab Les Visiteurs \u00bb.<\/p>\n<p class=\"\">\u00ab Sa m\u00e9moire est un corps travers\u00e9 par plus de cinq d\u00e9cennies d\u2019histoires et de destin\u00e9es th\u00e9\u00e2trales fran\u00e7aises \u00bb, \u00e9crit la Com\u00e9die fran\u00e7aise sur son site Internet.<\/p>\n<p class=\"\">Au cin\u00e9ma, Pierre Vial incarne Eus\u00e6bius, l\u2019enchanteur m\u00e9di\u00e9val, dans <a href=\"https:\/\/www.leparisien.fr\/culture-loisirs\/cinema\/les-visiteurs-les-repliques-preferees-des-francais-05-04-2016-5689027.php\" target=\"_self\" rel=\"noopener\">\u00ab Les Visiteurs \u00bb et \u00ab Les Visiteurs II \u00bb<\/a>. Dans cette saga culte, le mage tente d\u2019aider Godefroy de Montmirail, jou\u00e9 par Jean Reno, \u00e0 r\u00e9parer une faute tragique en le renvoyant dans le pass\u00e9 avec son valet Jacquouille la Fripouille, jou\u00e9 par <a href=\"https:\/\/www.leparisien.fr\/culture-loisirs\/cinema\/christian-clavier-et-chantal-lauby-dans-quest-ce-quon-a-tous-fait-au-bon-dieu-ensemble-on-se-lache-05-04-2022-WOVRIAK6PBFLFIE4NODIP53VLA.php\" target=\"_self\" rel=\"noopener\">Christian Clavier<\/a>. Une erreur de potion propulse finalement le duo du Moyen-\u00c2ge au XX\u1d49 si\u00e8cle, d\u00e9clenchant une s\u00e9rie de situations burlesques devenues embl\u00e9matiques.<\/p>\n<p class=\"\">Il entre \u00e0 la Com\u00e9die-Fran\u00e7aise en 1989, devient le 512e soci\u00e9taire &#8211; membre permanent de la troupe &#8211; le 1er janvier 2005.<\/p>\n<p>Directeur de la Com\u00e9die de Saint-\u00c9tienne<\/p>\n<p class=\"\">Il joue notamment dans \u00ab Le Mariage de Figaro \u00bb de Beaumarchais, mis en sc\u00e8ne par Jean-Pierre Vincent (1987) ou encore dans \u00ab Hamlet \u00bb de Shakespeare, mis en sc\u00e8ne par Antoine Vitez (1983), dans lequel il interpr\u00e8te le r\u00f4le de Polonius. Il met \u00e9galement en sc\u00e8ne \u00ab Le D\u00e9luge \u00bb de Ugo Betti ou encore \u00ab L\u2019Illusion comique \u00bb de Corneille.<\/p>\n<p class=\"\">Pierre Vial \u00e9tait aussi professeur de th\u00e9\u00e2tre, notamment au Conservatoire national d\u2019art dramatique, de 1975 \u00e0 1993, mais aussi au Th\u00e9\u00e2tre national de Chaillot. Il a \u00e9galement \u00e9t\u00e9 directeur de la Com\u00e9die de Saint-\u00c9tienne dans les ann\u00e9es 1970. Enfin, depuis 2010, Pierre Vial avait quitt\u00e9 la troupe de la Com\u00e9die-Fran\u00e7aise.<\/p>\n","protected":false},"excerpt":{"rendered":"Le com\u00e9dien, acteur et metteur en sc\u00e8ne Pierre Vial est mort \u00e0 l\u2019\u00e2ge de 97 ans, a annonc\u00e9&hellip;\n","protected":false},"author":2,"featured_media":613836,"comment_status":"","ping_status":"","sticky":false,"template":"","format":"standard","meta":{"footnotes":""},"categories":[8],"tags":[650,872,58,59,1011,27],"class_list":{"0":"post-613835","1":"post","2":"type-post","3":"status-publish","4":"format-standard","5":"has-post-thumbnail","7":"category-divertissement","8":"tag-cinema","9":"tag-culture-et-loisirs","10":"tag-divertissement","11":"tag-entertainment","12":"tag-fr","13":"tag-france"},"share_on_mastodon":{"url":"https:\/\/pubeurope.com\/@fr\/115757817477083406","error":""},"_links":{"self":[{"href":"https:\/\/www.europesays.com\/fr\/wp-json\/wp\/v2\/posts\/613835","targetHints":{"allow":["GET"]}}],"collection":[{"href":"https:\/\/www.europesays.com\/fr\/wp-json\/wp\/v2\/posts"}],"about":[{"href":"https:\/\/www.europesays.com\/fr\/wp-json\/wp\/v2\/types\/post"}],"author":[{"embeddable":true,"href":"https:\/\/www.europesays.com\/fr\/wp-json\/wp\/v2\/users\/2"}],"replies":[{"embeddable":true,"href":"https:\/\/www.europesays.com\/fr\/wp-json\/wp\/v2\/comments?post=613835"}],"version-history":[{"count":0,"href":"https:\/\/www.europesays.com\/fr\/wp-json\/wp\/v2\/posts\/613835\/revisions"}],"wp:featuredmedia":[{"embeddable":true,"href":"https:\/\/www.europesays.com\/fr\/wp-json\/wp\/v2\/media\/613836"}],"wp:attachment":[{"href":"https:\/\/www.europesays.com\/fr\/wp-json\/wp\/v2\/media?parent=613835"}],"wp:term":[{"taxonomy":"category","embeddable":true,"href":"https:\/\/www.europesays.com\/fr\/wp-json\/wp\/v2\/categories?post=613835"},{"taxonomy":"post_tag","embeddable":true,"href":"https:\/\/www.europesays.com\/fr\/wp-json\/wp\/v2\/tags?post=613835"}],"curies":[{"name":"wp","href":"https:\/\/api.w.org\/{rel}","templated":true}]}}