{"id":613841,"date":"2025-12-21T13:36:14","date_gmt":"2025-12-21T13:36:14","guid":{"rendered":"https:\/\/www.europesays.com\/fr\/613841\/"},"modified":"2025-12-21T13:36:14","modified_gmt":"2025-12-21T13:36:14","slug":"sous-controle-judiciaire-nicolas-sarkozy-soffre-une-semaine-de-vacances-en-guadeloupe","status":"publish","type":"post","link":"https:\/\/www.europesays.com\/fr\/613841\/","title":{"rendered":"Sous contr\u00f4le judiciaire, Nicolas Sarkozy s&rsquo;offre une semaine de vacances en Guadeloupe"},"content":{"rendered":"<p class=\"article-p mdl\">Des vacances sous contr\u00f4le judiciaire. Un peu plus d&rsquo;un mois apr\u00e8s\u00a0<a class=\"link\" href=\"https:\/\/www.rtl.fr\/actu\/politique\/sa-sortie-de-prison-nicolas-sarkozy-s-est-rendu-a-lourdes-pour-se-baigner-dans-les-piscines-du-sanctuaire-7900576030\" title=\"\u00c0 sa sortie de prison, Nicolas Sarkozy s&#039;est rendu \u00e0 Lourdes pour se baigner dans les piscines du sanctuaire\" target=\"_blank\" rel=\"noopener\">sa sortie de prison, le 10 novembre dernier,<\/a>\u00a0Nicolas Sarkozy est arriv\u00e9 en Guadeloupe pour une semaine de vacances, accompagn\u00e9 de Carla Bruni et de leur fille Giulia, a appris RTL, confirmant des informations de\u00a0<a class=\"link\" href=\"https:\/\/la1ere.franceinfo.fr\/guadeloupe\/basse-terre\/sainte-anne\/nicolas-sarkozy-en-voyage-prive-en-guadeloupe-pour-une-semaine-sous-controle-judiciaire-1654811.html\" target=\"_blank\" rel=\"noopener\">Guadeloupe La Premi\u00e8re<\/a>\u00a0et de\u00a0<a class=\"link\" href=\"https:\/\/rci.fm\/deuxiles\/infos\/Politique\/Nicolas-Sarkozy-et-son-epouse-sont-en-Guadeloupe-pour-une-semaine\" target=\"_blank\" rel=\"noopener\">RCI<\/a>.<\/p>\n<p class=\"article-p mdl\">D&rsquo;apr\u00e8s nos informations, l&rsquo;ancien chef d&rsquo;\u00c9tat n&rsquo;a pas formul\u00e9 de requ\u00eate ni re\u00e7u d&rsquo;autorisation des magistrats de la Cour d&rsquo;Appel pour effectuer ce voyage puisqu&rsquo;en se rendant en Guadeloupe, il respecte son contr\u00f4le judiciaire qui lui \u00ab\u00a0interdit de quitter le territoire national \u00ab\u00a0. On peut raisonnablement penser qu&rsquo;il s&rsquo;est assur\u00e9 aupr\u00e8s des magistrats qu&rsquo;il est bien en conformit\u00e9 avec le cadre judiciaire qui lui est impos\u00e9 avant de s&rsquo;envoler pour le d\u00e9partement d&rsquo;outre-mer fran\u00e7ais.<\/p>\n<p class=\"article-p mdl\">Apr\u00e8s sa condamnation pour association de malfaiteurs\u00a0<a class=\"link\" href=\"https:\/\/www.rtl.fr\/actu\/justice-faits-divers\/nicolas-sarkozy-en-prison-ce-qui-est-reproche-a-l-ex-president-dans-l-affaire-du-financement-libyen-7900545008\" title=\"Nicolas Sarkozy en prison ? Ce qui est reproch\u00e9 \u00e0 l&#039;ex-pr\u00e9sident dans l&#039;affaire du financement libyen\" target=\"_blank\" rel=\"noopener\">dans l&rsquo;affaire du financement libyen de sa campagne pr\u00e9sidentielle de 2007<\/a>, Nicolas Sarkozy est entr\u00e9 \u00e0 la prison de la Sant\u00e9 le 21 octobre, pour en sortir trois semaines plus tard.<\/p>\n<p>        \u00c0 \u00e9couter<\/p>\n<p class=\"col-12 col-md-11\">\n<p>                                Nicolas Sarkozy raconte dans son livre s&rsquo;\u00eatre rendu \u00e0 Lourdes \u00e0 sa sortie de prison\n                        <\/p>\n<p class=\"article-p mdl\">L&rsquo;ex-pr\u00e9sident doit \u00eatre jug\u00e9\u00a0<a class=\"link\" href=\"https:\/\/www.rtl.fr\/actu\/justice-faits-divers\/affaire-du-financement-libyen-nicolas-sarkozy-juge-en-appel-du-16-mars-au-3-juin-7900566031\" title=\"Affaire du &quot;financement libyen&quot; : Nicolas Sarkozy jug\u00e9 en appel du 16 mars au 3 juin\" target=\"_blank\" rel=\"noopener\">en appel pour cette m\u00eame affaire, du 16 mars au 3 juin 2026<\/a>, et risque un nouveau proc\u00e8s\u00a0<a class=\"link\" href=\"https:\/\/www.rtl.fr\/actu\/justice-faits-divers\/retractation-de-ziad-takieddine-de-quoi-nicolas-sarkozy-et-carla-bruni-sont-ils-accuses-7900579755\" title=\"R\u00e9tractation de Ziad Takieddine : de quoi Nicolas Sarkozy et Carla Bruni sont-ils accus\u00e9s ?\" target=\"_blank\" rel=\"noopener\">dans l&rsquo;affaire li\u00e9e de la r\u00e9tractation\u00a0de l&rsquo;interm\u00e9diaire Ziad Takieddine.<\/a>\u00a0Il est \u00e9galement en attente d\u2019une convocation du juge d\u2019application des peines pour savoir de quelle mani\u00e8re il va purger les six mois de prison ferme apr\u00e8s sa condamnation d\u00e9finitive dans\u00a0<a class=\"link\" href=\"https:\/\/www.rtl.fr\/actu\/justice-faits-divers\/affaire-bygmalion-condamnation-definitive-pour-nicolas-sarkozy-apres-le-rejet-de-son-pourvoi-par-la-cour-de-cassation-7900571344\" title=\"Affaire Bygmalion : Nicolas Sarkozy d\u00e9finitivement condamn\u00e9 apr\u00e8s le rejet de son pourvoi par la Cour de cassation\" target=\"_blank\" rel=\"noopener\">l\u2019affaire Bygmalion<\/a>. En f\u00e9vrier, il avait \u00e9t\u00e9 le premier ancien pr\u00e9sident \u00e0 \u00eatre mis sous bracelet \u00e9lectronique apr\u00e8s sa condamnation dans l&rsquo;affaire dite des \u00e9coutes.<\/p>\n<p>    La r\u00e9daction vous recommande<\/p>\n<p class=\"s-newsletter__title\">\n                L\u2019actualit\u00e9 par la r\u00e9daction de RTL dans votre bo\u00eete mail.\n            <\/p>\n<p class=\"s-newsletter__subtitle\">\n                Gr\u00e2ce \u00e0 votre compte RTL abonnez-vous \u00e0 la newsletter RTL info pour suivre toute l&rsquo;actualit\u00e9 au quotidien\n            <\/p>\n<p>\n                                    Lire la suite\n                                <\/p>\n","protected":false},"excerpt":{"rendered":"Des vacances sous contr\u00f4le judiciaire. Un peu plus d&rsquo;un mois apr\u00e8s\u00a0sa sortie de prison, le 10 novembre dernier,\u00a0Nicolas&hellip;\n","protected":false},"author":2,"featured_media":613842,"comment_status":"","ping_status":"","sticky":false,"template":"","format":"standard","meta":{"footnotes":""},"categories":[5],"tags":[11,54809,107,1011,27,6142,14,303,1249,12,3091,28],"class_list":{"0":"post-613841","1":"post","2":"type-post","3":"status-publish","4":"format-standard","5":"has-post-thumbnail","7":"category-international","8":"tag-actualites","9":"tag-affaire-sarkozy","10":"tag-fil-info","11":"tag-fr","12":"tag-france","13":"tag-guadeloupe","14":"tag-international","15":"tag-justice","16":"tag-justice-francaise","17":"tag-news","18":"tag-nicolas-sarkozy","19":"tag-world"},"share_on_mastodon":{"url":"https:\/\/pubeurope.com\/@fr\/115757828283893356","error":""},"_links":{"self":[{"href":"https:\/\/www.europesays.com\/fr\/wp-json\/wp\/v2\/posts\/613841","targetHints":{"allow":["GET"]}}],"collection":[{"href":"https:\/\/www.europesays.com\/fr\/wp-json\/wp\/v2\/posts"}],"about":[{"href":"https:\/\/www.europesays.com\/fr\/wp-json\/wp\/v2\/types\/post"}],"author":[{"embeddable":true,"href":"https:\/\/www.europesays.com\/fr\/wp-json\/wp\/v2\/users\/2"}],"replies":[{"embeddable":true,"href":"https:\/\/www.europesays.com\/fr\/wp-json\/wp\/v2\/comments?post=613841"}],"version-history":[{"count":0,"href":"https:\/\/www.europesays.com\/fr\/wp-json\/wp\/v2\/posts\/613841\/revisions"}],"wp:featuredmedia":[{"embeddable":true,"href":"https:\/\/www.europesays.com\/fr\/wp-json\/wp\/v2\/media\/613842"}],"wp:attachment":[{"href":"https:\/\/www.europesays.com\/fr\/wp-json\/wp\/v2\/media?parent=613841"}],"wp:term":[{"taxonomy":"category","embeddable":true,"href":"https:\/\/www.europesays.com\/fr\/wp-json\/wp\/v2\/categories?post=613841"},{"taxonomy":"post_tag","embeddable":true,"href":"https:\/\/www.europesays.com\/fr\/wp-json\/wp\/v2\/tags?post=613841"}],"curies":[{"name":"wp","href":"https:\/\/api.w.org\/{rel}","templated":true}]}}