{"id":613849,"date":"2025-12-21T13:43:13","date_gmt":"2025-12-21T13:43:13","guid":{"rendered":"https:\/\/www.europesays.com\/fr\/613849\/"},"modified":"2025-12-21T13:43:13","modified_gmt":"2025-12-21T13:43:13","slug":"la-solitude-est-ressentie-de-facon-beaucoup-plus-aigue-pendant-les-fetes","status":"publish","type":"post","link":"https:\/\/www.europesays.com\/fr\/613849\/","title":{"rendered":"\u00ab La solitude est ressentie de fa\u00e7on beaucoup plus aig\u00fce pendant les f\u00eates \u00bb"},"content":{"rendered":"<p><strong>Cette p\u00e9riode de No\u00ebl est-elle celle o\u00f9 vous \u00eates les plus sollicit\u00e9s dans l\u2019ann\u00e9e ?<\/strong><\/p>\n<p>\u00ab On sait qu\u2019il y a plus d\u2019appelants mais avec le nombre de b\u00e9n\u00e9voles qu\u2019on a (2 000 environ, NDLR), nous ne pouvons r\u00e9pondre qu\u2019\u00e0 deux appels sur dix en moyenne. Apr\u00e8s, c\u2019est s\u00fbr que la solitude est ressentie de fa\u00e7on beaucoup plus aigu\u00eb au moment des f\u00eates car les personnes seules savent que des gens se r\u00e9unissent en famille, avec des amis pour faire la f\u00eate, partager des repas\u2026 C\u2019est une p\u00e9riode tr\u00e8s difficile pour les personnes seules \u00bb.<\/p>\n<p>  \u00ab Des enfants de douze ans nous contactent \u00bb<\/p>\n<blockquote class=\"question\"><p><strong>Vous avez dit que l\u2019association ne pouvait prendre que deux appels sur dix. On imagine que cela traduit un manque cruel de b\u00e9n\u00e9voles\u2026<\/strong><\/p><\/blockquote>\n<p>\u00ab Absolument. Il y a <a href=\"https:\/\/www.estrepublicain.fr\/culture-loisirs\/2025\/09\/27\/fete-des-associations-comment-se-porte-le-benevolat\" target=\"_blank\" rel=\"noopener\">un manque de b\u00e9n\u00e9voles au niveau national<\/a> [\u2026] A Nancy, on est quarante-six b\u00e9n\u00e9voles, un chiffre en l\u00e9g\u00e8re hausse. Mais c\u2019est une plateforme nationale, donc quelqu\u2019un qui appelle de Toulouse peut tr\u00e8s bien \u00eatre pris en charge \u00e0 Brest [\u2026] La demande est tr\u00e8s tr\u00e8s forte. Tous les chiffres indiquent qu\u2019il y a une souffrance de plus en plus importante de la population, particuli\u00e8rement les jeunes. Avant la crise sanitaire, on n\u2019avait pas d\u2019appels des jeunes en dessous de dix-huit ans. Maintenant, il y a m\u00eame des enfants qui nous contactent \u00e0 partir de douze ans, surtout par le chat \u00bb.<\/p>\n<blockquote class=\"question\"><p><strong>Vous \u00eates b\u00e9n\u00e9vole \u00e0 S.O.S Amiti\u00e9 depuis quatre ans. Sentez-vous qu\u2019il y a de plus en plus de mal-\u00eatre dans la population ?<\/strong><\/p><\/blockquote>\n<p>\u00ab Oui, c\u2019est tr\u00e8s net et les chiffres l\u2019indiquent bien. 25 % des jeunes ressentent de l\u2019anxi\u00e9t\u00e9 (d\u2019apr\u00e8s une \u00e9tude Ipsos de mars 2025, NDLR). C\u2019est \u00e9norme. Sant\u00e9 Publique France rapporte \u00e9galement <a href=\"https:\/\/www.estrepublicain.fr\/magazine-sante\/2025\/11\/15\/sante-mentale-un-francais-sur-six-souffre-de-depression-et-la-moitie-ne-consulte-pas\" target=\"_blank\" rel=\"noopener\">une d\u00e9t\u00e9rioration de la sant\u00e9 mentale<\/a> avec des pens\u00e9es suicidaires multipli\u00e9es par deux entre 2014 et 2021 chez les 18-24 ans [\u2026] On sent bien que les jeunes ne vont pas bien, surtout les \u00e9tudiants [\u2026] Cette ann\u00e9e 2025 est celle de la sant\u00e9 mentale, et cela sera encore le cas en 2026. Tout cela est bien beau mais c\u2019est insuffisant. Il faudrait multiplier le nombre de psychologues et de psychiatres car la situation est extr\u00eamement difficile \u00bb.<\/p>\n<p class=\"note\">Num\u00e9ro national unique S.O.S Amiti\u00e9 : t\u00e9l. 09 72 39 40 50. Pr\u00e9vention suicide : 3114.<\/p>\n","protected":false},"excerpt":{"rendered":"Cette p\u00e9riode de No\u00ebl est-elle celle o\u00f9 vous \u00eates les plus sollicit\u00e9s dans l\u2019ann\u00e9e ? \u00ab On sait&hellip;\n","protected":false},"author":2,"featured_media":613850,"comment_status":"","ping_status":"","sticky":false,"template":"","format":"standard","meta":{"footnotes":""},"categories":[9635],"tags":[1111,11,1704,1777,674,1011,27,775,1702,1703,12,25,801,104,1631],"class_list":{"0":"post-613849","1":"post","2":"type-post","3":"status-publish","4":"format-standard","5":"has-post-thumbnail","7":"category-nancy","8":"tag-actu","9":"tag-actualites","10":"tag-edition-nancy-et-agglomeration","11":"tag-eu","12":"tag-europe","13":"tag-fr","14":"tag-france","15":"tag-grand-est","16":"tag-nancy","17":"tag-nancy-ville-54b","18":"tag-news","19":"tag-republique-francaise","20":"tag-social","21":"tag-societe","22":"tag-vie-associative"},"share_on_mastodon":{"url":"https:\/\/pubeurope.com\/@fr\/115757855732680290","error":""},"_links":{"self":[{"href":"https:\/\/www.europesays.com\/fr\/wp-json\/wp\/v2\/posts\/613849","targetHints":{"allow":["GET"]}}],"collection":[{"href":"https:\/\/www.europesays.com\/fr\/wp-json\/wp\/v2\/posts"}],"about":[{"href":"https:\/\/www.europesays.com\/fr\/wp-json\/wp\/v2\/types\/post"}],"author":[{"embeddable":true,"href":"https:\/\/www.europesays.com\/fr\/wp-json\/wp\/v2\/users\/2"}],"replies":[{"embeddable":true,"href":"https:\/\/www.europesays.com\/fr\/wp-json\/wp\/v2\/comments?post=613849"}],"version-history":[{"count":0,"href":"https:\/\/www.europesays.com\/fr\/wp-json\/wp\/v2\/posts\/613849\/revisions"}],"wp:featuredmedia":[{"embeddable":true,"href":"https:\/\/www.europesays.com\/fr\/wp-json\/wp\/v2\/media\/613850"}],"wp:attachment":[{"href":"https:\/\/www.europesays.com\/fr\/wp-json\/wp\/v2\/media?parent=613849"}],"wp:term":[{"taxonomy":"category","embeddable":true,"href":"https:\/\/www.europesays.com\/fr\/wp-json\/wp\/v2\/categories?post=613849"},{"taxonomy":"post_tag","embeddable":true,"href":"https:\/\/www.europesays.com\/fr\/wp-json\/wp\/v2\/tags?post=613849"}],"curies":[{"name":"wp","href":"https:\/\/api.w.org\/{rel}","templated":true}]}}