{"id":613853,"date":"2025-12-21T13:46:10","date_gmt":"2025-12-21T13:46:10","guid":{"rendered":"https:\/\/www.europesays.com\/fr\/613853\/"},"modified":"2025-12-21T13:46:10","modified_gmt":"2025-12-21T13:46:10","slug":"une-tentative-dintimidation-manifeste-quatre-vehicules-du-gsri-le-groupement-de-surete-inter-bailleurs-vises-par-un-incendie-criminel-a-montpellier","status":"publish","type":"post","link":"https:\/\/www.europesays.com\/fr\/613853\/","title":{"rendered":"\u00ab\u00a0Une tentative d\u2019intimidation manifeste\u00a0\u00bb\u00a0: quatre v\u00e9hicules du GSRI, le groupement de s\u00fbret\u00e9 inter-bailleurs, vis\u00e9s par un incendie criminel \u00e0 Montpellier"},"content":{"rendered":"<p>\n                                                                Charg\u00e9 depuis deux ans de la s\u00e9curit\u00e9 et de la tranquillit\u00e9 des logements sociaux \u00e0 Montpellier et sur la m\u00e9tropole, le GSRI a \u00e9t\u00e9 la cible d\u2019un incendie criminel sur quatre de ses v\u00e9hicules, dans son parking, au cours de la nuit de vendredi \u00e0 samedi 20\u00a0d\u00e9cembre. L\u2019enqu\u00eate de police a \u00e9t\u00e9 confi\u00e9e \u00e0 la division criminalit\u00e9 organis\u00e9e de la police judiciaire de Montpellier.\n                            <\/p>\n<p>\u00ab\u00a0Une tentative d\u2019intimidation manifeste \u00e0 l\u2019encontre d\u2019un outil de s\u00e9curit\u00e9 qui agit quotidiennement pour restaurer l\u2019ordre, la tranquillit\u00e9 et l\u2019autorit\u00e9 r\u00e9publicaine dans les quartiers\u00a0\u00bb\u00a0: c\u2019est en ces termes que le Groupement de s\u00fbret\u00e9 r\u00e9sidentielle inter-bailleurs (GSRI) r\u00e9agit, dans un communiqu\u00e9 publi\u00e9 ce dimanche 21\u00a0d\u00e9cembre, \u00e0 l\u2019incendie criminel perp\u00e9tr\u00e9 dans la nuit de vendredi \u00e0 samedi 20\u00a0d\u00e9cembre sur quatre de ses v\u00e9hicules.<\/p>\n<p>Au si\u00e8ge du GSRI<\/p>\n<p>Les voitures, qui \u00e9taient stationn\u00e9es sur le parking de la structure, \u00e0 Montpellier, ont \u00e9t\u00e9 enti\u00e8rement d\u00e9truites. Le sinistre a \u00e9galement occasionn\u00e9 des d\u00e9g\u00e2ts sur la couverture photovolta\u00efque du parking et sur le b\u00e2timent du GSRI situ\u00e9 \u00e0 proximit\u00e9. La direction du groupement a d\u00e9pos\u00e9 plainte samedi 20\u00a0d\u00e9cembre et l\u2019enqu\u00eate de police qui d\u00e9bute a \u00e9t\u00e9 confi\u00e9e par le parquet \u00e0 la division criminalit\u00e9 organis\u00e9e du Service interd\u00e9partemental de la police judiciaire (SIPJ) de Montpellier.<\/p>\n<p>Cr\u00e9\u00e9 il y a deux ans, le GSRI est un groupement d\u2019int\u00e9r\u00eat \u00e9conomique (GIE) qui associe sept bailleurs sociaux et la M\u00e9tropole de Montpellier. Ce dispositif, promesse de campagne de Micha\u00ebl Delafosse, vise \u00e0 apporter un climat apais\u00e9 dans les quartiers confront\u00e9s aux incivilit\u00e9s, aux squats des parties communes\u00a0et aux trafics.\u00a0Ses 36 agents effectuent des patrouilles quotidiennes entre 16\u00a0h et 2\u00a0h du matin dans une trentaine de r\u00e9sidences HLM.<\/p>\n<p>\u00ab\u00a0Les actions du GSRI d\u00e9rangent\u00a0\u00bb<\/p>\n<p>Le mois dernier, <a href=\"https:\/\/www.midilibre.fr\/2025\/11\/28\/numero-dappel-pour-les-locataires-salle-de-commandement-la-brigade-des-logements-sociaux-evolue-dans-la-metropole-de-montpellier-13075560.php\" target=\"_blank\" rel=\"noopener\">son directeur g\u00e9n\u00e9ral, Steve Lefebvre, avait annonc\u00e9 les \u00e9volutions programm\u00e9es pour 2026<\/a>\u00a0: un num\u00e9ro d\u2019appel destin\u00e9 aux locataires en cas de besoin d\u2019intervention, et une salle de commandement destin\u00e9e \u00e0 coordonner les rondes des \u00e9quipages.<\/p>\n<p>Dans son communiqu\u00e9, la structure souligne que l\u2019incendie dont elle a \u00e9t\u00e9 victime \u00ab\u00a0d\u00e9montre s\u2019il en \u00e9tait encore besoin, que les actions du GSRI d\u00e9rangent ceux qui cherchent \u00e0 imposer des logiques de zones de non-droit.\u00a0Depuis les faits, le GSRI a re\u00e7u de tr\u00e8s nombreux messages de soutien \u00e9manant des r\u00e9sidents, des bailleurs partenaires, des \u00e9lus et des institutions. Ces marques de confiance et de solidarit\u00e9 t\u00e9moignent de la l\u00e9gitimit\u00e9 de nos missions et de l\u2019utilit\u00e9 reconnue de notre action sur le terrain\u00a0\u00bb.<\/p>\n<p>\u00ab\u00a0Nous ne c\u00e9derons ni \u00e0 la pression, ni \u00e0 la menace\u00a0\u00bb<\/p>\n<p>Le groupement de s\u00fbret\u00e9 r\u00e9sidentielle inter-bailleurs insiste par ailleurs sur sa \u00ab\u00a0d\u00e9termination totale et intacte\u00a0\u00bb \u00e0 la suite de cet acte. \u00ab\u00a0Nous ne c\u00e9derons ni \u00e0 la pression, ni \u00e0 la menace. \u00c0 destination des r\u00e9sidents, des bailleurs et des \u00e9lus, nous affirmons avec force que les missions du GSRI se poursuivent sans interruption, les \u00e9quipes sont pleinement mobilis\u00e9es sur le terrain, aucune cons\u00e9quence ne sera subie par les habitants\u00a0\u00bb.<\/p>\n<p>Et d\u2019insister\u00a0: \u00ab\u00a0Cet acte criminel n\u2019affecte ni notre organisation, ni notre engagement, ni notre efficacit\u00e9 op\u00e9rationnelle. Bien au contraire, il renforce notre conviction que notre pr\u00e9sence est n\u00e9cessaire, l\u00e9gitime et indispensable. Le GSRI continuera d\u2019agir avec rigueur, professionnalisme et fermet\u00e9, partout o\u00f9 il est missionn\u00e9, pour ramener la s\u00e9curit\u00e9, garantir la tranquillit\u00e9 r\u00e9sidentielle et soutenir les bailleurs et les collectivit\u00e9s dans l\u2019exercice de leurs responsabilit\u00e9s\u00a0\u00bb.<\/p>\n","protected":false},"excerpt":{"rendered":"Charg\u00e9 depuis deux ans de la s\u00e9curit\u00e9 et de la tranquillit\u00e9 des logements sociaux \u00e0 Montpellier et sur&hellip;\n","protected":false},"author":2,"featured_media":613854,"comment_status":"","ping_status":"","sticky":false,"template":"","format":"standard","meta":{"footnotes":""},"categories":[9599],"tags":[1111,11,1777,674,118,1011,27,7089,2208,12,2680,25],"class_list":{"0":"post-613853","1":"post","2":"type-post","3":"status-publish","4":"format-standard","5":"has-post-thumbnail","7":"category-montpellier","8":"tag-actu","9":"tag-actualites","10":"tag-eu","11":"tag-europe","12":"tag-faits-divers","13":"tag-fr","14":"tag-france","15":"tag-herault","16":"tag-montpellier","17":"tag-news","18":"tag-occitanie","19":"tag-republique-francaise"},"share_on_mastodon":{"url":"https:\/\/pubeurope.com\/@fr\/115757867677506490","error":""},"_links":{"self":[{"href":"https:\/\/www.europesays.com\/fr\/wp-json\/wp\/v2\/posts\/613853","targetHints":{"allow":["GET"]}}],"collection":[{"href":"https:\/\/www.europesays.com\/fr\/wp-json\/wp\/v2\/posts"}],"about":[{"href":"https:\/\/www.europesays.com\/fr\/wp-json\/wp\/v2\/types\/post"}],"author":[{"embeddable":true,"href":"https:\/\/www.europesays.com\/fr\/wp-json\/wp\/v2\/users\/2"}],"replies":[{"embeddable":true,"href":"https:\/\/www.europesays.com\/fr\/wp-json\/wp\/v2\/comments?post=613853"}],"version-history":[{"count":0,"href":"https:\/\/www.europesays.com\/fr\/wp-json\/wp\/v2\/posts\/613853\/revisions"}],"wp:featuredmedia":[{"embeddable":true,"href":"https:\/\/www.europesays.com\/fr\/wp-json\/wp\/v2\/media\/613854"}],"wp:attachment":[{"href":"https:\/\/www.europesays.com\/fr\/wp-json\/wp\/v2\/media?parent=613853"}],"wp:term":[{"taxonomy":"category","embeddable":true,"href":"https:\/\/www.europesays.com\/fr\/wp-json\/wp\/v2\/categories?post=613853"},{"taxonomy":"post_tag","embeddable":true,"href":"https:\/\/www.europesays.com\/fr\/wp-json\/wp\/v2\/tags?post=613853"}],"curies":[{"name":"wp","href":"https:\/\/api.w.org\/{rel}","templated":true}]}}