{"id":613859,"date":"2025-12-21T13:49:11","date_gmt":"2025-12-21T13:49:11","guid":{"rendered":"https:\/\/www.europesays.com\/fr\/613859\/"},"modified":"2025-12-21T13:49:11","modified_gmt":"2025-12-21T13:49:11","slug":"rouen-voyage-au-coeur-du-dessin","status":"publish","type":"post","link":"https:\/\/www.europesays.com\/fr\/613859\/","title":{"rendered":"Rouen. Voyage au c\u0153ur du dessin"},"content":{"rendered":"<p melodystyle=\"texte\" data-start=\"390\">Cette ann\u00e9e, les mus\u00e9es de la M\u00e9tropole de Rouen mettent le dessin \u00e0 l&rsquo;honneur. Avec cinq expositions gratuites pr\u00e9sent\u00e9es au mus\u00e9e des Beaux-Arts, au mus\u00e9e Flaubert et d&rsquo;Histoire de la M\u00e9decine et \u00e0 la Corderie Vallois, la nouvelle \u00e9dition de La Saison &#8211; Le dessin \u00e0 l&rsquo;\u0153uvre\u00a0invite petits et grands \u00e0 d\u00e9couvrir ce m\u00e9dium sous toutes ses formes\u00a0: croquis d&rsquo;artistes, \u00e9tudes, illustrations litt\u00e9raires, dessins industriels ou cr\u00e9ations contemporaines.<\/p>\n<p>De l&rsquo;art \u00e0 l&rsquo;industrie<\/p>\n<p melodystyle=\"texte\" data-start=\"855\">A travers ce parcours in\u00e9dit, le dessin appara\u00eet tant\u00f4t geste spontan\u00e9, tant\u00f4t outil de travail ou \u0153uvre \u00e0 part enti\u00e8re. Un fil conducteur qui permet de plonger au c\u0153ur de la cr\u00e9ation, mais aussi dans les histoires d&rsquo;art, de litt\u00e9rature, de design et d&rsquo;industrie qui fa\u00e7onnent les collections des mus\u00e9es m\u00e9tropolitains.<\/p>\n<p melodystyle=\"texte\" data-start=\"855\">Au mus\u00e9e des Beaux-Arts de Rouen, c&rsquo;est une plong\u00e9e dans une collection exceptionnelle qui est offerte, avec la d\u00e9couverte de la donation Henri et Suzanne Baderou, un couple qui achetait des \u0153uvres en \u00e9coutant sa sensibilit\u00e9. Elle r\u00e9v\u00e8le des dessins d&rsquo;une finesse rare, datant du XVe au XIXe\u00a0si\u00e8cle.<\/p>\n<p melodystyle=\"texte\" data-start=\"855\">Autre d\u00e9couverte, plus fantaisiste, avec \u00ab\u00a0Jamais trop rococo\u00a0\u00bb, pr\u00e8s de deux cents dessins, gravures et objets qui peuvent surprendre, amuser, et qui explorent l&rsquo;univers des ornemanistes, qui ont inspir\u00e9 bien d&rsquo;autres artistes et artisans d&rsquo;art.<\/p>\n<p melodystyle=\"texte\" data-start=\"855\">Autre temps, autres cr\u00e9ations, celles d&rsquo;Olivier Kosta-Th\u00e9faine, qui envahissent la galerie. L&rsquo;artiste, form\u00e9 au graffiti, fait des traces du quotidien des paysages po\u00e9tiques.<\/p>\n<p melodystyle=\"texte\" data-start=\"855\">Au mus\u00e9e Flaubert et d&rsquo;Histoire de la M\u00e9decine, une exposition est consacr\u00e9e au grand illustrateur Georges-Antoine Rochegrosse, qui a su traduire en images toute l&rsquo;intensit\u00e9 des \u0153uvres de Gustave Flaubert. Dessins, aquarelles et compositions grav\u00e9es r\u00e9v\u00e8lent la puissance de la ligne d&rsquo;un artiste du tournant du XXe\u00a0si\u00e8cle.<\/p>\n<p>Du dessin au tissu<\/p>\n<p melodystyle=\"texte\" data-start=\"855\">Au mus\u00e9e de la Corderie Vallois, \u00e0 Notre-Dame-de-Bondeville, l&rsquo;esquisse quitte le papier pour devenir mati\u00e8re. On d\u00e9couvre notamment les pratiques des dessinateurs d&rsquo;indiennes (tissus qui ont fait la richesse de la r\u00e9gion) et l&rsquo;\u0153uvre de Juliette Green.<\/p>\n<p style=\"font-weight:bold;color:#002458;\">Jusqu&rsquo;au 18\u00a0mai 2026, dans les mus\u00e9es des Beaux-Arts, Flaubert et d&rsquo;Histoire de la M\u00e9decine, de la Corderie Vallois (Notre-Dame-de-Bondeville). Gratuit.<\/p>\n","protected":false},"excerpt":{"rendered":"Cette ann\u00e9e, les mus\u00e9es de la M\u00e9tropole de Rouen mettent le dessin \u00e0 l&rsquo;honneur. Avec cinq expositions gratuites&hellip;\n","protected":false},"author":2,"featured_media":613860,"comment_status":"","ping_status":"","sticky":false,"template":"","format":"standard","meta":{"footnotes":""},"categories":[9587],"tags":[1111,11,1777,674,1011,27,12,5161,25,9590],"class_list":{"0":"post-613859","1":"post","2":"type-post","3":"status-publish","4":"format-standard","5":"has-post-thumbnail","7":"category-rouen","8":"tag-actu","9":"tag-actualites","10":"tag-eu","11":"tag-europe","12":"tag-fr","13":"tag-france","14":"tag-news","15":"tag-normandie","16":"tag-republique-francaise","17":"tag-rouen"},"share_on_mastodon":{"url":"https:\/\/pubeurope.com\/@fr\/115757879519182550","error":""},"_links":{"self":[{"href":"https:\/\/www.europesays.com\/fr\/wp-json\/wp\/v2\/posts\/613859","targetHints":{"allow":["GET"]}}],"collection":[{"href":"https:\/\/www.europesays.com\/fr\/wp-json\/wp\/v2\/posts"}],"about":[{"href":"https:\/\/www.europesays.com\/fr\/wp-json\/wp\/v2\/types\/post"}],"author":[{"embeddable":true,"href":"https:\/\/www.europesays.com\/fr\/wp-json\/wp\/v2\/users\/2"}],"replies":[{"embeddable":true,"href":"https:\/\/www.europesays.com\/fr\/wp-json\/wp\/v2\/comments?post=613859"}],"version-history":[{"count":0,"href":"https:\/\/www.europesays.com\/fr\/wp-json\/wp\/v2\/posts\/613859\/revisions"}],"wp:featuredmedia":[{"embeddable":true,"href":"https:\/\/www.europesays.com\/fr\/wp-json\/wp\/v2\/media\/613860"}],"wp:attachment":[{"href":"https:\/\/www.europesays.com\/fr\/wp-json\/wp\/v2\/media?parent=613859"}],"wp:term":[{"taxonomy":"category","embeddable":true,"href":"https:\/\/www.europesays.com\/fr\/wp-json\/wp\/v2\/categories?post=613859"},{"taxonomy":"post_tag","embeddable":true,"href":"https:\/\/www.europesays.com\/fr\/wp-json\/wp\/v2\/tags?post=613859"}],"curies":[{"name":"wp","href":"https:\/\/api.w.org\/{rel}","templated":true}]}}