{"id":613868,"date":"2025-12-21T13:56:18","date_gmt":"2025-12-21T13:56:18","guid":{"rendered":"https:\/\/www.europesays.com\/fr\/613868\/"},"modified":"2025-12-21T13:56:18","modified_gmt":"2025-12-21T13:56:18","slug":"une-mobilisation-exceptionnelle-annoncee-dans-la-region","status":"publish","type":"post","link":"https:\/\/www.europesays.com\/fr\/613868\/","title":{"rendered":"une mobilisation exceptionnelle annonc\u00e9e dans la r\u00e9gion"},"content":{"rendered":"<p>\u00ab\u00a0Cette mobilisation est inhabituelle. Je n\u2019ai jamais vu \u00e7a depuis mon internat en 1997\u00a0\u00bb, insiste Radu Lupescu, m\u00e9decin anesth\u00e9siste et pr\u00e9sident de la conf\u00e9rence m\u00e9dicale d\u2019\u00e9tablissement (CME) de la clinique Rh\u00e9na \u00e0 Strasbourg. Elle sera in\u00e9dite par sa dur\u00e9e \u2013 dix jours- mais aussi par la forte participation attendue. Six syndicats de m\u00e9decins repr\u00e9sentatifs des g\u00e9n\u00e9ralistes et sp\u00e9cialistes lib\u00e9raux, les Jeunes m\u00e9decins, les syndicats des internes et rempla\u00e7ants mais aussi des collectifs m\u00e9dicaux appellent \u00e0 cesser d\u2019exercer du 5 au 15\u00a0janvier.<\/p>\n<p>Malgr\u00e9 le retrait de certains points jug\u00e9s les plus irritants du projet, <a href=\"https:\/\/www.lalsace.fr\/politique\/2025\/12\/16\/le-budget-de-la-securite-sociale-definitivement-adopte-apres-un-dernier-vote-de-l-assemblee-nationale\" target=\"_blank\" rel=\"noopener\">le budget de la s\u00e9curit\u00e9 sociale 2026 adopt\u00e9 le mardi 16\u00a0d\u00e9cembre<\/a> continuent d\u2019alarmer les praticiens, en mati\u00e8re de revalorisation des actes ou encore de d\u00e9livrance des arr\u00eats de travail. \u00ab\u00a0C\u2019est une attaque en r\u00e8gle contre tous les secteurs de la m\u00e9decine et de la chirurgie lib\u00e9rales. L\u2019esprit du texte persiste\u00a0: les m\u00e9decins lib\u00e9raux sont accus\u00e9s d\u2019\u00eatre des fraudeurs, des truands, des rentiers\u00a0\u00bb, d\u00e9nonce Vincent Meteyer, pr\u00e9sident de la CME Diaconat-Roosevelt \u00e0 Mulhouse.<\/p>\n<p>Dans un courrier envoy\u00e9 \u00e0 l\u2019Agence r\u00e9gionale de sant\u00e9 (ARS), les pr\u00e9sidents des CME d\u2019Alsace contestent un budget qui, selon eux, \u00ab\u00a0avance sans aucune concertation pr\u00e9alable avec les acteurs concern\u00e9s\u00a0\u00bb, \u00ab\u00a0impose de nouvelles charges financi\u00e8res et administratives aux cabinets et aux \u00e9tablissements\u00a0\u00bb et \u00ab\u00a0donne \u00e0 l\u2019Assurance maladie un pouvoir de d\u00e9cision tarifaire unilat\u00e9ral\u00a0\u00bb en cas d\u2019\u00e9chec des n\u00e9gociations conventionnelles.<\/p>\n<p>  Fermeture des blocs op\u00e9ratoires \u00e0 partir du 9\u00a0janvier<\/p>\n<p>Faute de reprise du dialogue, l\u2019ensemble des cliniques priv\u00e9es alsaciennes \u2013 Diaconat-Fonderie, Diaconat Roosevelt, clinique de l\u2019Orangerie, Rh\u00e9na et Saint-Fran\u00e7ois \u2013 fermeront leurs urgences pendant toute la dur\u00e9e du mouvement. \u00ab\u00a0Les patients seront renvoy\u00e9s vers les h\u00f4pitaux publics\u00a0\u00bb, pr\u00e9cise Radu Lupescu, rappelant que \u00ab\u00a0la clinique Rh\u00e9na assure, \u00e0 elle seule, 39\u00a0% de l\u2019activit\u00e9 chirurgicale de l\u2019Eurom\u00e9tropole de Strasbourg\u00a0\u00bb.<\/p>\n<p>Les m\u00e9decins gr\u00e9vistes assureront uniquement \u00ab\u00a0la continuit\u00e9 des soins, les situations d\u2019urgence, les prises en charge impossibles \u00e0 diff\u00e9rer et les missions strictement indispensables \u00e0 la s\u00e9curit\u00e9 des personnes\u00a0\u00bb. \u00c0 partir du 9\u00a0janvier, les blocs op\u00e9ratoires fermeront \u00e0 leur tour.<\/p>\n<p>Pour alerter sur la situation, une majorit\u00e9 des praticiens exer\u00e7ant en clinique ont d\u00e9j\u00e0 suspendu l\u2019alimentation du dossier m\u00e9dical partag\u00e9 (MDP), qu\u2019ils consid\u00e8rent comme \u00ab\u00a0un danger pour le secret m\u00e9dical\u00a0\u00bb, ainsi que la t\u00e9l\u00e9transmission des feuilles de soins.<\/p>\n<p>Dans les cabinets lib\u00e9raux, la mobilisation s\u2019organise \u00e9galement. De nombreux sp\u00e9cialistes \u2013 cardiologues, angiologues, gyn\u00e9cologues, anesth\u00e9sistes, radiologues,\u00a0etc.- s\u2019appr\u00eatent \u00e0 rejoindre le mouvement. \u00c0 Colmar, Wa\u00ebl Younes, m\u00e9decin vasculaire, fermera son cabinet avec ses deux confr\u00e8res. Selon lui, \u00ab\u00a095\u00a0% des cinquante angiologues alsaciens\u00a0\u00bb seront en gr\u00e8ve. Depuis le 1er\u00a0d\u00e9cembre, son cabinet a d\u00e9j\u00e0 entam\u00e9 une gr\u00e8ve du t\u00e9l\u00e9phone, cessant de r\u00e9pondre aux appels hors situations urgentes.<\/p>\n<p>Du c\u00f4t\u00e9 des m\u00e9decins g\u00e9n\u00e9ralistes, le mouvement sera bien suivi mais \u00e0 des degr\u00e9s diff\u00e9rents. \u00ab\u00a0Nous sommes partag\u00e9s entre la n\u00e9cessit\u00e9 de manifester notre col\u00e8re et notre volont\u00e9 de ne pas p\u00e9naliser les patients. Certains fermeront, mais pas sur toute la dur\u00e9e. L\u2019impact sur la population sera toutefois relativement important\u00a0\u00bb, reconna\u00eet Fran\u00e7ois-Xavier Schelcher, pr\u00e9sident de MG68.<\/p>\n<p>Pour garantir la permanence des soins, une organisation renforc\u00e9e est pr\u00e9vue pendant le mouvement, avec notamment davantage de m\u00e9decins lib\u00e9raux mobilis\u00e9s \u00e0 la r\u00e9gulation du 15.<\/p>\n","protected":false},"excerpt":{"rendered":"\u00ab\u00a0Cette mobilisation est inhabituelle. Je n\u2019ai jamais vu \u00e7a depuis mon internat en 1997\u00a0\u00bb, insiste Radu Lupescu, m\u00e9decin&hellip;\n","protected":false},"author":2,"featured_media":613869,"comment_status":"","ping_status":"","sticky":false,"template":"","format":"standard","meta":{"footnotes":""},"categories":[2820],"tags":[1111,11,2389,9671,1777,674,107,1011,27,775,12,25,71,801,640],"class_list":{"0":"post-613868","1":"post","2":"type-post","3":"status-publish","4":"format-standard","5":"has-post-thumbnail","7":"category-strasbourg","8":"tag-actu","9":"tag-actualites","10":"tag-alsace","11":"tag-conflit-social","12":"tag-eu","13":"tag-europe","14":"tag-fil-info","15":"tag-fr","16":"tag-france","17":"tag-grand-est","18":"tag-news","19":"tag-republique-francaise","20":"tag-sante","21":"tag-social","22":"tag-strasbourg"},"share_on_mastodon":{"url":"https:\/\/pubeurope.com\/@fr\/115757906959741962","error":""},"_links":{"self":[{"href":"https:\/\/www.europesays.com\/fr\/wp-json\/wp\/v2\/posts\/613868","targetHints":{"allow":["GET"]}}],"collection":[{"href":"https:\/\/www.europesays.com\/fr\/wp-json\/wp\/v2\/posts"}],"about":[{"href":"https:\/\/www.europesays.com\/fr\/wp-json\/wp\/v2\/types\/post"}],"author":[{"embeddable":true,"href":"https:\/\/www.europesays.com\/fr\/wp-json\/wp\/v2\/users\/2"}],"replies":[{"embeddable":true,"href":"https:\/\/www.europesays.com\/fr\/wp-json\/wp\/v2\/comments?post=613868"}],"version-history":[{"count":0,"href":"https:\/\/www.europesays.com\/fr\/wp-json\/wp\/v2\/posts\/613868\/revisions"}],"wp:featuredmedia":[{"embeddable":true,"href":"https:\/\/www.europesays.com\/fr\/wp-json\/wp\/v2\/media\/613869"}],"wp:attachment":[{"href":"https:\/\/www.europesays.com\/fr\/wp-json\/wp\/v2\/media?parent=613868"}],"wp:term":[{"taxonomy":"category","embeddable":true,"href":"https:\/\/www.europesays.com\/fr\/wp-json\/wp\/v2\/categories?post=613868"},{"taxonomy":"post_tag","embeddable":true,"href":"https:\/\/www.europesays.com\/fr\/wp-json\/wp\/v2\/tags?post=613868"}],"curies":[{"name":"wp","href":"https:\/\/api.w.org\/{rel}","templated":true}]}}