{"id":613872,"date":"2025-12-21T13:59:14","date_gmt":"2025-12-21T13:59:14","guid":{"rendered":"https:\/\/www.europesays.com\/fr\/613872\/"},"modified":"2025-12-21T13:59:14","modified_gmt":"2025-12-21T13:59:14","slug":"a-68-ans-lucien-favre-ancien-coach-de-logc-nice-prend-sa-retraite","status":"publish","type":"post","link":"https:\/\/www.europesays.com\/fr\/613872\/","title":{"rendered":"\u00e0 68\u00a0ans, Lucien Favre, ancien coach de l\u2019OGC Nice, prend sa retraite"},"content":{"rendered":"<p class=\"fs-5 \">Lucien Favre aura donc v\u00e9cu sa derni\u00e8re exp\u00e9rience de coach sur le banc de l\u2019OGC Nice. Il y a quasiment trois ans, le Suisse \u00e9tait licenci\u00e9 apr\u00e8s une \u00e9limination, le 9 janvier 2023, en\u00a032es\u00a0de finale de la Coupe de France au Puy. A 68\u00a0ans, l\u2019ancien milieu de terrain a donc d\u00e9cid\u00e9 de refermer le chapitre de sa carri\u00e8re d\u2019entra\u00eeneur, longue de 32\u00a0ans. Il l\u2019a annonc\u00e9 ce dimanche dans les colonnes du m\u00e9dia suisse Blick.<\/p>\n<p>        <img src=\"https:\/\/www.europesays.com\/fr\/wp-content\/uploads\/2025\/12\/1fca79d_ftp-1-7v70f0tphz0h-spoxxq50-rivere-cohen-ogcnice.jpg\"   loading=\"lazy\" decoding=\"async\" alt=\"L\u2019OGC Nice annonce le d\u00e9part de son pr\u00e9sident Fabrice Bocquet, Jean-Pierre Riv\u00e8re et Maurice Cohen de retour&#10;L\u2019OGC Nice a annonc\u00e9 vendredi 19 d\u00e9cembre le d\u00e9part de son pr\u00e9sident Fabrice Bocquet. Il sera remplac\u00e9 par un duo de revenants : Jean-Pierre Riv\u00e8re et Maurice Cohen, ses deux anciens pr\u00e9sidents\" class=\"img-fluid position-absolute w-100 object-fit-cover rounded-2\" width=\"600\" height=\"400\"\/><\/p>\n<p class=\"fs-5 \">\u00ab\u00a0J\u2019ai pris ma d\u00e9cision il y a longtemps d\u00e9j\u00e0, parce que j\u2019ai senti que c\u2019\u00e9tait le moment&#8230; Tout est accompli, c\u2019est assez. Je suis \u00e0 un \u00e2ge o\u00f9 l\u2019on peut voir les choses ainsi\u00a0\u00bb, a-t-il expliqu\u00e9. \u00ab\u00a0Bien s\u00fbr, il y a eu des demandes &#8211; d\u2019Europe, d\u2019Arabie saoudite. J\u2019ai refus\u00e9 poliment, car c\u2019est d\u00e9finitivement termin\u00e9. (&#8230;) Ma d\u00e9cision est la bonne, j\u2019en suis plus que jamais convaincu. Sinon, je serai encore sur le terrain \u00e0 70\u00a0ans. J\u2019en ai fait assez, \u00e7a suffit.\u00a0\u00bb<\/p>\n<p>                                                                                Champion d\u2019automne avec Nice<\/p>\n<p class=\"fs-5 \">Apr\u00e8s une carri\u00e8re de coach d\u00e9but\u00e9e en Suisse, Lucien Favre a longtemps entra\u00een\u00e9 en Allemagne (Hertha Berlin, Borussia M\u00f6nchengladbach, Dortmund o\u00f9 il a notamment coach\u00e9 \u00a0Erling Haaland et Jude Bellingham), ayant \u00e9t\u00e9 d\u00e9sign\u00e9 deux fois \u2019\u2019entra\u00eeneur de l\u2019ann\u00e9e\u2019\u2019, mais c\u2019est \u00e0 Nice, lors de son premier passage, qu\u2019il aura marqu\u00e9 les esprits en France. Lors de la saison 2016-17, alors qu\u2019il prenait la suite de Claude Puel, le Suisse \u00e9tait parvenu \u00e0 remporter le titre de champion d\u2019automne et avait emmen\u00e9 le Gym jusque sur la troisi\u00e8me place de la Ligue 1\u00a0derri\u00e8re l\u2019AS Monaco de Mbapp\u00e9 et le PSG, avec les Dante, Cyprien, Seri, Plea ou Belhanda. Cette saison-l\u00e0, il n\u2019avait pas h\u00e9sit\u00e9 \u00e0 lancer le jeune Malang Sarr, Yoan Cardinale dans les buts et avait r\u00e9ussi \u00e0 relancer Mario Balotelli, en le pla\u00e7ant parfois sur le banc pour le piquer. Lors de la 35e journ\u00e9e, son Gym avait r\u00e9ussi l\u2019exploit de battre le PSG 3-1\u00a0dans une Allianz Riviera incandescente.<\/p>\n<p class=\"fs-5 \">\u00ab\u00a0Les premiers matchs de championnat ont \u00e9t\u00e9 compliqu\u00e9s, mais Belhanda, Balotelli et Dante sont arriv\u00e9s\u201c,  avait-il comment\u00e9 dans nos colonnes \u00e0 la fin de cette saison inoubliable. \u201dOn a d\u00e9marr\u00e9 la saison avec seulement Baysse en d\u00e9fense centrale. On s\u2019est vite aper\u00e7u que Malang (Sarr) avait des qualit\u00e9s. A 17 ans, ce n\u2019\u00e9tait pas pr\u00e9vu qu\u2019il d\u00e9bute. Mais Boscagli \u00e9tait indisponible et Maxime (Le Marchand) \u00e9tait bless\u00e9. La venue de Dante  \u00e9tait indispensable\u00a0\u00bb.<\/p>\n<p class=\"fs-5 \">Cette saison 2016-17\u00a0aura \u00e9t\u00e9 le chef d\u2019oeuvre de son passage \u00e0 Nice, \u00e9galement marqu\u00e9 par la qualification (pour les barrages de la Ligue des champions) contre l\u2019Ajax Amsterdam en ao\u00fbt 2017.<\/p>\n","protected":false},"excerpt":{"rendered":"Lucien Favre aura donc v\u00e9cu sa derni\u00e8re exp\u00e9rience de coach sur le banc de l\u2019OGC Nice. Il y&hellip;\n","protected":false},"author":2,"featured_media":613873,"comment_status":"","ping_status":"","sticky":false,"template":"","format":"standard","meta":{"footnotes":""},"categories":[2819],"tags":[1111,11,1777,674,1011,27,12,2401,54521,882,25],"class_list":{"0":"post-613872","1":"post","2":"type-post","3":"status-publish","4":"format-standard","5":"has-post-thumbnail","7":"category-nice","8":"tag-actu","9":"tag-actualites","10":"tag-eu","11":"tag-europe","12":"tag-fr","13":"tag-france","14":"tag-news","15":"tag-nice","16":"tag-ogcnice","17":"tag-provence-alpes-cote-dazur","18":"tag-republique-francaise"},"share_on_mastodon":{"url":"","error":""},"_links":{"self":[{"href":"https:\/\/www.europesays.com\/fr\/wp-json\/wp\/v2\/posts\/613872","targetHints":{"allow":["GET"]}}],"collection":[{"href":"https:\/\/www.europesays.com\/fr\/wp-json\/wp\/v2\/posts"}],"about":[{"href":"https:\/\/www.europesays.com\/fr\/wp-json\/wp\/v2\/types\/post"}],"author":[{"embeddable":true,"href":"https:\/\/www.europesays.com\/fr\/wp-json\/wp\/v2\/users\/2"}],"replies":[{"embeddable":true,"href":"https:\/\/www.europesays.com\/fr\/wp-json\/wp\/v2\/comments?post=613872"}],"version-history":[{"count":0,"href":"https:\/\/www.europesays.com\/fr\/wp-json\/wp\/v2\/posts\/613872\/revisions"}],"wp:featuredmedia":[{"embeddable":true,"href":"https:\/\/www.europesays.com\/fr\/wp-json\/wp\/v2\/media\/613873"}],"wp:attachment":[{"href":"https:\/\/www.europesays.com\/fr\/wp-json\/wp\/v2\/media?parent=613872"}],"wp:term":[{"taxonomy":"category","embeddable":true,"href":"https:\/\/www.europesays.com\/fr\/wp-json\/wp\/v2\/categories?post=613872"},{"taxonomy":"post_tag","embeddable":true,"href":"https:\/\/www.europesays.com\/fr\/wp-json\/wp\/v2\/tags?post=613872"}],"curies":[{"name":"wp","href":"https:\/\/api.w.org\/{rel}","templated":true}]}}