{"id":613878,"date":"2025-12-21T14:04:54","date_gmt":"2025-12-21T14:04:54","guid":{"rendered":"https:\/\/www.europesays.com\/fr\/613878\/"},"modified":"2025-12-21T14:04:54","modified_gmt":"2025-12-21T14:04:54","slug":"le-dernier-budget-municipal-de-pierre-hurmic-dans-le-vert-lopposition-tire-a-boulets-rouges","status":"publish","type":"post","link":"https:\/\/www.europesays.com\/fr\/613878\/","title":{"rendered":"Le dernier budget municipal de Pierre Hurmic \u00ab\u00a0dans le vert\u00a0\u00bb, l&rsquo;opposition tire \u00e0 boulets rouges"},"content":{"rendered":"<p class=\"wp-block-post-excerpt__excerpt\">Le budget primitif 2026 de la mairie de Bordeaux, dernier de la mandature de Pierre Hurmic, a cristallis\u00e9 les oppositions, lib\u00e9r\u00e9 les attaques personnelles et donn\u00e9 lieu \u00e0 une suspension de s\u00e9ance, sympt\u00f4me d\u2019un niveau de tension \u00e9lev\u00e9 \u00e0 l\u2019entr\u00e9e dans la campagne des municipales. <\/p>\n<p><a href=\"https:\/\/rue89bordeaux.com\/category\/actualite\/\" rel=\"tag noopener\" target=\"_blank\">Actualit\u00e9<\/a>, <a href=\"https:\/\/rue89bordeaux.com\/category\/kiosque-abonne\/\" rel=\"tag noopener\" target=\"_blank\">\u00c9dition abonn\u00e9s<\/a><\/p>\n<p>Walid Salem<\/p>\n<p>Publi\u00e9 le 17 d\u00e9cembre 2025\u00a0\u00a0\u00b7\u00a0\u00a0<\/p>\n<p>Imprim\u00e9 le 21 d\u00e9cembre 2025 \u00e0 15h04\u00a0\u00a0\u00b7\u00a0\u00a0<\/p>\n<p>\t\t\t\t\t6\u00a0minutes\n<\/p>\n<p>C\u2019est un d\u00e9bat des grands jours \u2013 plus de deux heures trente minutes ! \u2013 qui s\u2019est tenu au conseil municipal de Bordeaux ce mardi 16 d\u00e9cembre. Avec tout ce qu\u2019il faut pour que, \u00e0 moins de trois mois des \u00e9lections municipales, les \u00e9changes sur le budget primitif 2026 prennent des allures de r\u00e9p\u00e9tition g\u00e9n\u00e9rale de la campagne.<\/p>\n<p>Ce budget 2026 \u2013 de 636 millions d\u2019euros, dont 451 en fonctionnement \u2013, que le maire \u00e9cologiste qualifie de \u00ab\u00a0coh\u00e9rent\u00a0\u00bb, \u00ab\u00a0solide\u00a0\u00bb et \u00ab\u00a0fid\u00e8le aux engagements\u00a0\u00bb, est aussi celui qui cl\u00f4t six ann\u00e9es de pouvoir vert \u00e0 Bordeaux. Et si Pierre Hurmic n\u2019a pas encore officiellement annonc\u00e9 sa candidature \u00e0 un second mandat, personne, dans l\u2019h\u00e9micycle, ne semble douter de ses intentions. \u00c0 commencer par ses adversaires directs, Thomas Cazenave (Renouveau Bordeaux) et Nathalie Delattre (Bordeaux ensemble), tous deux d\u00e9j\u00e0 entr\u00e9s en lice, ou Philippe Poutou.<\/p>\n<p>\t\tInvestissement \u00ab\u00a0exceptionnel\u00a0\u00bb<\/p>\n<p>D\u00e8s l\u2019ouverture du d\u00e9bat, Pierre Hurmic loue l\u2019action sous sa mandature.<\/p>\n<blockquote class=\"wp-block-quote is-layout-flow wp-block-quote-is-layout-flow\">\n<p>\u00ab\u00a0Bordeaux est une ville qui investit, une ville qui soutient, une ville qui prot\u00e8ge et une ville qui g\u00e8re avec rigueur. Bordeaux est une ville qui assume ses choix et qui continue d\u2019agir malgr\u00e9 un contexte national extr\u00eamement contraint\u00a0\u00bb, affirme-t-il.<\/p>\n<\/blockquote>\n<p>Le maire insiste sur un niveau d\u2019investissement qu\u2019il juge \u00ab\u00a0exceptionnel\u00a0\u00bb, avec 115 millions d\u2019euros pr\u00e9vus en 2026 (il \u00e9tait de 88 millions d\u2019euros en 2020), et \u00e9gr\u00e8ne une longue liste de r\u00e9alisations : \u00ab\u00a0Le centre d\u2019animation des Aubiers, le centre d\u2019animation L\u2019Escargot au Grand Parc, l\u2019Esplanade M\u00e9riadeck, les all\u00e9es Tourny, la r\u00e9novation du parc Lescure, la v\u00e9g\u00e9talisation de 10 cours d\u2019\u00e9coles et de cr\u00e8ches, l\u2019aire de jeu du parc Bordelais, le lancement du chantier de r\u00e9habilitation de la Rock School Barbey, la cr\u00e9ation d\u2019un gymnase \u00e0 Brazza, la place Stalingrad, les all\u00e9es Serr, la livraison de la piscine Jean-Zay.\u00a0\u00bb<\/p>\n<p class=\"has-warning-color has-text-color\">\n\t\t\t<strong> Cet article fait partie de l\u2019\u00e9dition abonn\u00e9s.<\/strong><br \/>\n\t\t\t| D\u00e9j\u00e0 abonn\u00e9\u00a0?<br \/>\n\t\t\t<a href=\"https:\/\/rue89bordeaux.com\/user\/login\/\" data-type=\"page\" data-id=\"26256\" target=\"_blank\" rel=\"noopener\">Connectez-vous<\/a>\n\t\t<\/p>\n<p>Abonnez-vous maintenant pour poursuivre votre lecture<\/p>\n<p><img loading=\"lazy\" decoding=\"async\" width=\"607\" height=\"480\" src=\"https:\/\/www.europesays.com\/fr\/wp-content\/uploads\/2025\/04\/1744387698_768_04-paywall.png\" alt=\"Abonnez-vous\" class=\"wp-image-128438\"  \/><\/p>\n<p>\t\t\t<a href=\"https:\/\/rue89bordeaux.com\/\" class=\"custom-logo-link\" rel=\"home noopener\" target=\"_blank\"><img loading=\"lazy\" decoding=\"async\" width=\"290\" height=\"49\" src=\"https:\/\/www.europesays.com\/fr\/wp-content\/uploads\/2025\/04\/logo.png\" class=\"custom-logo\" alt=\"Rue89Bordeaux Enqu\u00eates et informations de proximit\u00e9\"  \/><\/a><\/p>\n<p>\n\t\t\t\tAbonnez-vous maintenant pour suivre l\u2019actualit\u00e9 locale.\t\t\t<\/p>\n<p class=\"font-bold font-serif-heading mb-2 text-4xl\">\n\t\t\t\t\t\tL\u2019investigation locale \u00e0 port\u00e9e de main.\n\t\t\t\t\t<\/p>\n<p>\n\t\t\t\t\t\tAbonnez-vous et profitez d\u2019un acc\u00e8s illimit\u00e9 \u00e0 Rue89Bordeaux. Annulez quand vous voulez.\n\t\t\t\t\t<\/p>\n<p class=\"xl:text-sm\">\n\t\t\t\t\tD\u00e9j\u00e0 abonn\u00e9\u00a0?<br \/>\n\t\t\t\t\t<a class=\"border border-transparent text-center transition-colors duration-instant focus:border-info focus:rounded focus:shadow-focus cursor-pointer text-black hover:text-gray-700 active:bg-black-700 font-semibold inline-block\" href=\"https:\/\/rue89bordeaux.com\/user\/login\/?redirect=\/2025\/12\/le-dernier-budget-municipal-de-pierre-hurmic-dans-le-vert-lopposition-tire-a-boulets-rouges\/\" target=\"_blank\" rel=\"noopener\">Connectez-vous<\/a>\t\t\t\t<\/p>\n<p>\n\t\t\t\tChoisissez votre formule\u00a0:\n\t\t\t<\/p>\n<p>\t\t\t\tFermer<\/p>\n","protected":false},"excerpt":{"rendered":"Le budget primitif 2026 de la mairie de Bordeaux, dernier de la mandature de Pierre Hurmic, a cristallis\u00e9&hellip;\n","protected":false},"author":2,"featured_media":613879,"comment_status":"","ping_status":"","sticky":false,"template":"","format":"standard","meta":{"footnotes":""},"categories":[2817],"tags":[1111,11,1997,1003,72464,1777,674,1011,27,24257,12,2219,4860,316,25,11736],"class_list":{"0":"post-613878","1":"post","2":"type-post","3":"status-publish","4":"format-standard","5":"has-post-thumbnail","7":"category-bordeaux","8":"tag-actu","9":"tag-actualites","10":"tag-bordeaux","11":"tag-budget","12":"tag-conseil-municipal-de-bordeaux","13":"tag-eu","14":"tag-europe","15":"tag-fr","16":"tag-france","17":"tag-nathalie-delattre","18":"tag-news","19":"tag-nouvelle-aquitaine","20":"tag-pierre-hurmic","21":"tag-politique","22":"tag-republique-francaise","23":"tag-thomas-cazenave"},"share_on_mastodon":{"url":"https:\/\/pubeurope.com\/@fr\/115757943515807485","error":""},"_links":{"self":[{"href":"https:\/\/www.europesays.com\/fr\/wp-json\/wp\/v2\/posts\/613878","targetHints":{"allow":["GET"]}}],"collection":[{"href":"https:\/\/www.europesays.com\/fr\/wp-json\/wp\/v2\/posts"}],"about":[{"href":"https:\/\/www.europesays.com\/fr\/wp-json\/wp\/v2\/types\/post"}],"author":[{"embeddable":true,"href":"https:\/\/www.europesays.com\/fr\/wp-json\/wp\/v2\/users\/2"}],"replies":[{"embeddable":true,"href":"https:\/\/www.europesays.com\/fr\/wp-json\/wp\/v2\/comments?post=613878"}],"version-history":[{"count":0,"href":"https:\/\/www.europesays.com\/fr\/wp-json\/wp\/v2\/posts\/613878\/revisions"}],"wp:featuredmedia":[{"embeddable":true,"href":"https:\/\/www.europesays.com\/fr\/wp-json\/wp\/v2\/media\/613879"}],"wp:attachment":[{"href":"https:\/\/www.europesays.com\/fr\/wp-json\/wp\/v2\/media?parent=613878"}],"wp:term":[{"taxonomy":"category","embeddable":true,"href":"https:\/\/www.europesays.com\/fr\/wp-json\/wp\/v2\/categories?post=613878"},{"taxonomy":"post_tag","embeddable":true,"href":"https:\/\/www.europesays.com\/fr\/wp-json\/wp\/v2\/tags?post=613878"}],"curies":[{"name":"wp","href":"https:\/\/api.w.org\/{rel}","templated":true}]}}