{"id":613895,"date":"2025-12-21T14:16:15","date_gmt":"2025-12-21T14:16:15","guid":{"rendered":"https:\/\/www.europesays.com\/fr\/613895\/"},"modified":"2025-12-21T14:16:15","modified_gmt":"2025-12-21T14:16:15","slug":"les-routes-de-paris-et-dile-de-france-saturees-pour-les-vacances-de-noel","status":"publish","type":"post","link":"https:\/\/www.europesays.com\/fr\/613895\/","title":{"rendered":"les routes de Paris et d&rsquo;\u00cele-de-France satur\u00e9es pour les vacances de No\u00ebl"},"content":{"rendered":"<p>                    Par<br \/>\n        <strong><br \/>\n            <a href=\"https:\/\/actu.fr\/auteur\/redaction-paris\" title=\"Consulter tous les articles de R\u00e9daction Paris\" target=\"_blank\" rel=\"noopener\">R\u00e9daction Paris<\/a><br \/>\n                    <\/strong><\/p>\n<p>        Publi\u00e9 le<\/p>\n<p>            21 d\u00e9c. 2025 \u00e0 14h53        <\/p>\n<p>Cela devait \u00eatre une journ\u00e9e sans difficult\u00e9 particuli\u00e8re. Mais la circulation r\u00e9serve toujours des surprises \u00e0 <a href=\"https:\/\/actu.fr\/paris\/\" target=\"_blank\" rel=\"noopener\">Paris<\/a> et en <a href=\"https:\/\/actu.fr\/ile-de-france\/\" target=\"_blank\" rel=\"noopener\">\u00cele-de-France<\/a>. En attestent les niveaux enregistr\u00e9s \u00e0 la mi-journ\u00e9e, ce dimanche 21\u00a0d\u00e9cembre 2025 par <a href=\"https:\/\/www.sytadin.fr\/sys\/barometre_bouchon.jsp.html\" target=\"_blank\" rel=\"noopener\">Sytadin.fr<\/a>, \u00e0 l\u2019occasion des d\u00e9parts en vacances de No\u00ebl. Depuis le d\u00e9but de la journ\u00e9e, <strong>100 kilom\u00e8tres de bouchons<\/strong> ont \u00e9t\u00e9 observ\u00e9s sur les routes franciliennes vers 14h30, un niveau rarement atteint pour un dimanche.<\/p>\n<p>120 kilom\u00e8tres \u00e0 la mi-journ\u00e9e<\/p>\n<p class=\" wall-content\">La densit\u00e9 du trafic n\u2019avait pas \u00e9t\u00e9 anticip\u00e9e \u00e0 cette mesure par <a href=\"https:\/\/actu.fr\/tag\/bison-fute\" target=\"_blank\" rel=\"noopener\">Bison Fut\u00e9<\/a>, qui avait class\u00e9 la France en vert dans le sens des d\u00e9parts et des retours. Mais les voitures ont progressivement gagn\u00e9 les axes majeurs vers 10\u00a0heures, comme en t\u00e9moigne la courbe g\u00e9n\u00e9r\u00e9e par Sytadin.fr. Un pic a m\u00eame \u00e9t\u00e9 constat\u00e9 peu apr\u00e8s <strong>12\u00a0heures<\/strong>, avec 120 kilom\u00e8tres d\u2019embouteillages.<\/p>\n<p>    <img   decoding=\"async\" loading=\"lazy\" src=\"https:\/\/www.europesays.com\/fr\/wp-content\/uploads\/2025\/12\/noel-960x640.jpg\" alt=\"La circulation est difficile ce dimanche 21 d\u00e9cembre 2025 \u00e0 Paris et en \u00cele-de-France. \" width=\"960\" height=\"640\"\/><br \/>\n    La circulation est difficile ce dimanche 21\u00a0d\u00e9cembre 2025 \u00e0 Paris et en \u00cele-de-France. (\u00a9Capture d\u2019\u00e9cran Sytadin.fr)<\/p>\n<p class=\" wall-content\">Les r\u00e9seaux les plus emprunt\u00e9s sont ceux reliant l\u2019\u00cele-de-France \u00e0 l\u2019arc alpin, \u00e0 la Bretagne et la Normandie. La journ\u00e9e du samedi 20\u00a0d\u00e9cembre 2025 avait \u00e9t\u00e9 class\u00e9e en orange dans le sens des d\u00e9parts par Bison Fut\u00e9.<\/p>\n<p class=\" wall-content\">Personnalisez votre actualit\u00e9 en ajoutant vos villes et m\u00e9dias en favori avec <a href=\"https:\/\/moncompte.actu.fr\" title=\"D\u00e9couvez Mon Actu\" rel=\"nofollow noopener\" data-trk=\"{&quot;cta&quot;:{&quot;action&quot;:&quot;https:\\\/\\\/moncompte.actu.fr&quot;,&quot;category&quot;:&quot;mon compte&quot;,&quot;from&quot;:&quot;article footer&quot;,&quot;name&quot;:&quot;Mon actu&quot;,&quot;type&quot;:&quot;cta&quot;}}\" target=\"_blank\">Mon Actu<\/a>.<\/p>\n","protected":false},"excerpt":{"rendered":"Par R\u00e9daction Paris Publi\u00e9 le 21 d\u00e9c. 2025 \u00e0 14h53 Cela devait \u00eatre une journ\u00e9e sans difficult\u00e9 particuli\u00e8re.&hellip;\n","protected":false},"author":2,"featured_media":613896,"comment_status":"","ping_status":"","sticky":false,"template":"","format":"standard","meta":{"footnotes":""},"categories":[1592],"tags":[1111,11,6427,3542,1777,674,1011,27,662,12,626,25,104,3176],"class_list":{"0":"post-613895","1":"post","2":"type-post","3":"status-publish","4":"format-standard","5":"has-post-thumbnail","7":"category-ile-de-france","8":"tag-actu","9":"tag-actualites","10":"tag-bison-fute","11":"tag-circulation","12":"tag-eu","13":"tag-europe","14":"tag-fr","15":"tag-france","16":"tag-ile-de-france","17":"tag-news","18":"tag-paris","19":"tag-republique-francaise","20":"tag-societe","21":"tag-vacances-scolaires"},"share_on_mastodon":{"url":"https:\/\/pubeurope.com\/@fr\/115757986340694194","error":""},"_links":{"self":[{"href":"https:\/\/www.europesays.com\/fr\/wp-json\/wp\/v2\/posts\/613895","targetHints":{"allow":["GET"]}}],"collection":[{"href":"https:\/\/www.europesays.com\/fr\/wp-json\/wp\/v2\/posts"}],"about":[{"href":"https:\/\/www.europesays.com\/fr\/wp-json\/wp\/v2\/types\/post"}],"author":[{"embeddable":true,"href":"https:\/\/www.europesays.com\/fr\/wp-json\/wp\/v2\/users\/2"}],"replies":[{"embeddable":true,"href":"https:\/\/www.europesays.com\/fr\/wp-json\/wp\/v2\/comments?post=613895"}],"version-history":[{"count":0,"href":"https:\/\/www.europesays.com\/fr\/wp-json\/wp\/v2\/posts\/613895\/revisions"}],"wp:featuredmedia":[{"embeddable":true,"href":"https:\/\/www.europesays.com\/fr\/wp-json\/wp\/v2\/media\/613896"}],"wp:attachment":[{"href":"https:\/\/www.europesays.com\/fr\/wp-json\/wp\/v2\/media?parent=613895"}],"wp:term":[{"taxonomy":"category","embeddable":true,"href":"https:\/\/www.europesays.com\/fr\/wp-json\/wp\/v2\/categories?post=613895"},{"taxonomy":"post_tag","embeddable":true,"href":"https:\/\/www.europesays.com\/fr\/wp-json\/wp\/v2\/tags?post=613895"}],"curies":[{"name":"wp","href":"https:\/\/api.w.org\/{rel}","templated":true}]}}