{"id":613903,"date":"2025-12-21T14:20:15","date_gmt":"2025-12-21T14:20:15","guid":{"rendered":"https:\/\/www.europesays.com\/fr\/613903\/"},"modified":"2025-12-21T14:20:15","modified_gmt":"2025-12-21T14:20:15","slug":"trumpisme-violence-brutalite-raphael-glucksmann-charge-les-adversaires-de-la-gauche-en-vue-des-municipales-a-paris","status":"publish","type":"post","link":"https:\/\/www.europesays.com\/fr\/613903\/","title":{"rendered":"\u00abTrumpisme\u00bb, \u00abviolence\u00bb, \u00abbrutalit\u00e9\u00bb&#8230; Rapha\u00ebl Glucksmann charge les adversaires de la gauche en vue des municipales \u00e0 Paris"},"content":{"rendered":"<p>\n    Soutien d\u2019Emmanuel Gr\u00e9goire, le d\u00e9put\u00e9 europ\u00e9en a d\u00e9nonc\u00e9 le \u00abrapport \u00e0 la politique\u00bb de ses adversaires lors d\u2019une d\u00e9ambulation avec le candidat PS samedi dans le Ve arrondissement de Paris.<\/p>\n<p class=\"fig-paragraph\">L&rsquo;enjeu de la campagne des municipales \u00e0 Paris sera \u00able choix entre le progr\u00e8s et le trumpisme conservateur\u00bb, a estim\u00e9 ce dimanche l&rsquo;eurod\u00e9put\u00e9 Rapha\u00ebl Glucksmann, dont le parti Place publique participe \u00e0 la coalition de gauche men\u00e9e par le socialiste\u00a0<a href=\"http:\/\/www.lefigaro.fr\/politique\/municipales-a-paris-sur-le-terrain-emmanuel-gregoire-et-david-belliard-mettent-en-scene-leur-alliance-20251218\" data-fig-type=\"Article\" data-gtm-custom-categorie=\"navigation\" data-gtm-custom-action=\"crossclick\" data-gtm-custom-label=\"Contextuel\" data-gtm-event=\"customEventSPE\" data-fig-domain=\"LEFIGARO\" target=\"_blank\" rel=\"noopener\">Emmanuel Gr\u00e9goire<\/a>. Lors d&rsquo;une d\u00e9ambulation dans le Ve arrondissement de Paris avec le candidat PS qui brigue la succession d&rsquo;Anne Hidalgo, Rapha\u00ebl Gluscksmann a d\u00e9nonc\u00e9 chez ses adversaires \u00abun rapport \u00e0 la politique qui est fait de violence, de brutalit\u00e9\u00bb.<\/p>\n<p class=\"fig-paragraph\">\u00abCe rapport-l\u00e0, on le rejette. La d\u00e9mocratie est en train de s&rsquo;ab\u00eemer par des discours extr\u00eamement durs et des attaques tr\u00e8s violentes en permanence: ce n&rsquo;est pas notre mani\u00e8re de faire de la politique et on va l&rsquo;assumer\u00bb, a poursuivi celui dont la liste aux \u00e9lections europ\u00e9ennes \u00e9tait arriv\u00e9e \u00e0 la troisi\u00e8me place en 2024. \u00abOn nous expliquera qu&rsquo;\u00e0 l&rsquo;heure des r\u00e9seaux sociaux, ce qu&rsquo;il faut, c&rsquo;est faire du Trump. Eh ben non. En fait, on va montrer qu&rsquo;il y a autre chose dans la vie politique et que cette autre chose peut gagner\u00bb, a encore insist\u00e9 Rapha\u00ebl Glucksmann.<\/p>\n<p>                                            <a class=\"fig-a11y-skip\" href=\"#fig-a11y-skip-main-inarticle\" data-module=\"a11y-skip\" data-context=\"was @visible\"><br \/>\n    Passer la publicit\u00e9<br \/>\n<\/a>            <\/p>\n<p>                                            \u00abUn choc de projets\u00bb<\/p>\n<p class=\"fig-paragraph\">Emmanuel Gr\u00e9goire a pour sa part estim\u00e9 que la campagne serait \u00abun choc de projets\u00bb face \u00e0 la candidature de\u00a0<a href=\"http:\/\/www.lefigaro.fr\/politique\/rachida-dati-a-toute-sa-place-au-gouvernement-assure-la-porte-parole-maud-bregeon-20251219\" data-fig-type=\"NewsFlash\" data-gtm-custom-categorie=\"navigation\" data-gtm-custom-action=\"crossclick\" data-gtm-custom-label=\"Contextuel\" data-gtm-event=\"customEventSPE\" data-fig-domain=\"LEFIGARO\" target=\"_blank\" rel=\"noopener\">Rachida Dati<\/a>, maire du VIIe arrondissement et candidate malheureuse \u00e0 la mairie centrale en 2020, soutenue par Les R\u00e9publicains et le MoDem.<\/p>\n<p class=\"fig-paragraph\">Apr\u00e8s la conclusion cette semaine d&rsquo;un accord d\u00e8s le premier tour avec le PCF, Place publique et, surtout, les \u00c9cologistes &#8211; ces derniers faisaient traditionnellement cavalier seul aux municipales \u00e0 Paris avant le second tour -, Emmanuel Gr\u00e9goire a d\u00e9fendu \u00able choix du rassemblement (pour) cr\u00e9er une dynamique d&rsquo;union \u00e0 gauche et (&#8230;) porter un projet qui soit tr\u00e8s innovant\u00bb. \u00abCe n&rsquo;est pas faire fi de ses singularit\u00e9s et parfois des diff\u00e9rences\u00bb, a-t-il assur\u00e9, reconnaissant avoir \u00abparfois des d\u00e9saccords\u00bb avec les autres formations de gauche et les \u00abassumant\u00bb.<\/p>\n","protected":false},"excerpt":{"rendered":"Soutien d\u2019Emmanuel Gr\u00e9goire, le d\u00e9put\u00e9 europ\u00e9en a d\u00e9nonc\u00e9 le \u00abrapport \u00e0 la politique\u00bb de ses adversaires lors d\u2019une&hellip;\n","protected":false},"author":2,"featured_media":613904,"comment_status":"","ping_status":"","sticky":false,"template":"","format":"standard","meta":{"footnotes":""},"categories":[1888],"tags":[11,8186,1777,674,1011,27,12,626,15923,25],"class_list":{"0":"post-613903","1":"post","2":"type-post","3":"status-publish","4":"format-standard","5":"has-post-thumbnail","7":"category-paris","8":"tag-actualites","9":"tag-emmanuel-gregoire","10":"tag-eu","11":"tag-europe","12":"tag-fr","13":"tag-france","14":"tag-news","15":"tag-paris","16":"tag-raphael-glucksmann","17":"tag-republique-francaise"},"share_on_mastodon":{"url":"https:\/\/pubeurope.com\/@fr\/115758001355587359","error":""},"_links":{"self":[{"href":"https:\/\/www.europesays.com\/fr\/wp-json\/wp\/v2\/posts\/613903","targetHints":{"allow":["GET"]}}],"collection":[{"href":"https:\/\/www.europesays.com\/fr\/wp-json\/wp\/v2\/posts"}],"about":[{"href":"https:\/\/www.europesays.com\/fr\/wp-json\/wp\/v2\/types\/post"}],"author":[{"embeddable":true,"href":"https:\/\/www.europesays.com\/fr\/wp-json\/wp\/v2\/users\/2"}],"replies":[{"embeddable":true,"href":"https:\/\/www.europesays.com\/fr\/wp-json\/wp\/v2\/comments?post=613903"}],"version-history":[{"count":0,"href":"https:\/\/www.europesays.com\/fr\/wp-json\/wp\/v2\/posts\/613903\/revisions"}],"wp:featuredmedia":[{"embeddable":true,"href":"https:\/\/www.europesays.com\/fr\/wp-json\/wp\/v2\/media\/613904"}],"wp:attachment":[{"href":"https:\/\/www.europesays.com\/fr\/wp-json\/wp\/v2\/media?parent=613903"}],"wp:term":[{"taxonomy":"category","embeddable":true,"href":"https:\/\/www.europesays.com\/fr\/wp-json\/wp\/v2\/categories?post=613903"},{"taxonomy":"post_tag","embeddable":true,"href":"https:\/\/www.europesays.com\/fr\/wp-json\/wp\/v2\/tags?post=613903"}],"curies":[{"name":"wp","href":"https:\/\/api.w.org\/{rel}","templated":true}]}}