{"id":613905,"date":"2025-12-21T14:21:14","date_gmt":"2025-12-21T14:21:14","guid":{"rendered":"https:\/\/www.europesays.com\/fr\/613905\/"},"modified":"2025-12-21T14:21:14","modified_gmt":"2025-12-21T14:21:14","slug":"pour-la-russie-les-propositions-de-kiev-et-des-pays-europeens-nameliorent-pas-les-chances-de-parvenir-a-une-paix-durable","status":"publish","type":"post","link":"https:\/\/www.europesays.com\/fr\/613905\/","title":{"rendered":"pour la Russie, les propositions de Kiev et des pays europ\u00e9ens \u00ab\u00a0n\u2019am\u00e9liorent pas les chances de parvenir \u00e0 une paix durable\u00a0\u00bb"},"content":{"rendered":"<p>   L\u2019arm\u00e9e russe a emmen\u00e9 plus de 50\u00a0civils de l\u2019oblast de Soumy, selon les forces arm\u00e9es ukrainiennes             <\/p>\n<p class=\"post__live-container--answer-text post__space-node\">Les forces russes sont entr\u00e9es dans le village frontalier de Hrabovske, dans l\u2019oblast de Soumy, dans la nuit de samedi \u00e0 dimanche, ont rapport\u00e9 plusieurs m\u00e9dias, dont le journal local <a href=\"https:\/\/www.facebook.com\/kordonmedia\/posts\/pfbid0372cMTu3cqbnA9VFoDrmhEZx5LggvdQwuABVcRjGtMXYQXjijnLPRvpjgjeLEemNvl\" target=\"_blank\" rel=\"noopener\" title=\"Nouvelle fen\u00eatre\">Kordon. Media<\/a>.<\/p>\n<p class=\"post__live-container--answer-text post__space-node\">Selon le porte-parole de l\u2019\u00e9tat-major g\u00e9n\u00e9ral des forces arm\u00e9es ukrainiennes, Dmytro Lykhoviy, plus de 50\u00a0civils ukrainiens ont \u00e9t\u00e9 emmen\u00e9s de force sur le territoire de la F\u00e9d\u00e9ration de Russie apr\u00e8s la prise de contr\u00f4le du village, a-t-il rapport\u00e9 dans une d\u00e9claration dimanche matin au journal Ukra\u00efnska Pravda. Il s\u2019agit pour la plupart de personnes \u00e2g\u00e9es, a-t-il pr\u00e9cis\u00e9. Presque tous avaient auparavant refus\u00e9 d\u2019\u00eatre \u00e9vacu\u00e9 en territoire ukrainien.<\/p>\n<p class=\"post__live-container--answer-text post__space-node\">L\u2019arm\u00e9e a exhort\u00e9 les habitants des zones frontali\u00e8res \u00e0 partir. Dans l\u2019oblast de Soumy, plus de 30\u00a0000\u00a0personnes ont d\u00e9j\u00e0 \u00e9t\u00e9 \u00e9vacu\u00e9es, tandis que pr\u00e8s de 5\u00a0700\u00a0autres, dont 38\u00a0enfants, ont refus\u00e9 de partir, toujours selon Dmytro Lykhoviy, cit\u00e9 par Ukra\u00efnska Pravda.<\/p>\n","protected":false},"excerpt":{"rendered":"L\u2019arm\u00e9e russe a emmen\u00e9 plus de 50\u00a0civils de l\u2019oblast de Soumy, selon les forces arm\u00e9es ukrainiennes Les forces&hellip;\n","protected":false},"author":2,"featured_media":613906,"comment_status":"","ping_status":"","sticky":false,"template":"","format":"standard","meta":{"footnotes":""},"categories":[1591],"tags":[11,1887,12,1885,1886,132],"class_list":{"0":"post-613905","1":"post","2":"type-post","3":"status-publish","4":"format-standard","5":"has-post-thumbnail","7":"category-russie","8":"tag-actualites","9":"tag-federation-de-russie","10":"tag-news","11":"tag-russia","12":"tag-russian-federation","13":"tag-russie"},"share_on_mastodon":{"url":"https:\/\/pubeurope.com\/@fr\/115758005597460293","error":""},"_links":{"self":[{"href":"https:\/\/www.europesays.com\/fr\/wp-json\/wp\/v2\/posts\/613905","targetHints":{"allow":["GET"]}}],"collection":[{"href":"https:\/\/www.europesays.com\/fr\/wp-json\/wp\/v2\/posts"}],"about":[{"href":"https:\/\/www.europesays.com\/fr\/wp-json\/wp\/v2\/types\/post"}],"author":[{"embeddable":true,"href":"https:\/\/www.europesays.com\/fr\/wp-json\/wp\/v2\/users\/2"}],"replies":[{"embeddable":true,"href":"https:\/\/www.europesays.com\/fr\/wp-json\/wp\/v2\/comments?post=613905"}],"version-history":[{"count":0,"href":"https:\/\/www.europesays.com\/fr\/wp-json\/wp\/v2\/posts\/613905\/revisions"}],"wp:featuredmedia":[{"embeddable":true,"href":"https:\/\/www.europesays.com\/fr\/wp-json\/wp\/v2\/media\/613906"}],"wp:attachment":[{"href":"https:\/\/www.europesays.com\/fr\/wp-json\/wp\/v2\/media?parent=613905"}],"wp:term":[{"taxonomy":"category","embeddable":true,"href":"https:\/\/www.europesays.com\/fr\/wp-json\/wp\/v2\/categories?post=613905"},{"taxonomy":"post_tag","embeddable":true,"href":"https:\/\/www.europesays.com\/fr\/wp-json\/wp\/v2\/tags?post=613905"}],"curies":[{"name":"wp","href":"https:\/\/api.w.org\/{rel}","templated":true}]}}