{"id":613916,"date":"2025-12-21T14:27:13","date_gmt":"2025-12-21T14:27:13","guid":{"rendered":"https:\/\/www.europesays.com\/fr\/613916\/"},"modified":"2025-12-21T14:27:13","modified_gmt":"2025-12-21T14:27:13","slug":"et-si-on-remplacait-ursula-von-der-leyen-par-mario-draghi","status":"publish","type":"post","link":"https:\/\/www.europesays.com\/fr\/613916\/","title":{"rendered":"\u00ab\u00a0Et si on rempla\u00e7ait Ursula von der Leyen par Mario Draghi\u00a0? \u00bb"},"content":{"rendered":"<p>\n    <strong>CHRONIQUE &#8211;<\/strong> La renaissance de l\u2019UE passe par le d\u00e9part d\u2019Ursula von\u00a0der\u00a0Leyen et par la nomination de Mario Draghi \u00e0 la t\u00eate de la Commission mais aussi du Conseil europ\u00e9en. Qui mieux que l\u2019homme qui a sauv\u00e9 l\u2019euro puis redress\u00e9 l\u2019Italie peut aujourd\u2019hui faire rena\u00eetre l\u2019Europe face aux empires\u00a0?<\/p>\n<p class=\"fig-paragraph\">Le mod\u00e8le qui a pr\u00e9sid\u00e9 \u00e0 la reconstruction de l\u2019Europe est caduc. Il reposait sur la foi dans le droit et le commence pour garantir la paix, sur la conviction que la taille du march\u00e9 produisait de l\u2019influence \u00e9conomique et du pouvoir g\u00e9opolitique, sur le pari d\u2019une souverainet\u00e9 partag\u00e9e dissociant le soft power confi\u00e9 \u00e0 Bruxelles et le hard power laiss\u00e9 aux \u00c9tats. Ces principes sont obsol\u00e8tes dans un monde domin\u00e9 par\u00a0<a href=\"http:\/\/www.lefigaro.fr\/international\/grace-a-trump-poutine-estime-conclure-l-annee-2025-en-position-de-force-20251219\" data-fig-type=\"Article\" data-gtm-custom-categorie=\"navigation\" data-gtm-custom-action=\"crossclick\" data-gtm-custom-label=\"Contextuel\" data-gtm-event=\"customEventSPE\" data-fig-domain=\"LEFIGARO\" target=\"_blank\" rel=\"noopener\">les hommes forts et les pr\u00e9dateurs<\/a>.<\/p>\n<p class=\"fig-paragraph\">Aussi le doute va-t-il croissant sur la p\u00e9rennit\u00e9 et les grandes orientations de l\u2019Union europ\u00e9enne, sur ses priorit\u00e9s budg\u00e9taires, sur son avenir d\u00e9mographique et \u00e9conomique, sur sa s\u00e9curit\u00e9 &#8211;\u00a0avec pour tests la guerre d\u2019Ukraine et le soutien financier et militaire \u00e0 Kiev. Mais dans le m\u00eame temps, Donald Trump est en passe de r\u00e9aliser ce que Vladimir Poutine, avec l\u2019invasion de l\u2019Ukraine, n\u2019avait pas r\u00e9ussi \u00e0 obtenir\u00a0: le r\u00e9veil des Europ\u00e9ens, la fin du mirage de la sortie de l\u2019histoire, le retour \u00e0 la r\u00e9alit\u00e9, le d\u00e9passement de l\u2019immobilisme<\/p>\n<p class=\"fig-premium-paywall__infos\">\n        Cet article est r\u00e9serv\u00e9 aux abonn\u00e9s.        Il vous reste 85% \u00e0 d\u00e9couvrir.\n    <\/p>\n<p>                <img  data- alt=\"Le Figaro\" class=\"fig-img--complete fig-img\"\/><\/p>\n<p class=\"fig-premium-paywall__title\">Vous avez envie de lire la suite ?<\/p>\n<p class=\"fig-premium-paywall__subtitle\">D\u00e9bloquez tous les articles imm\u00e9diatement.<\/p>\n<p class=\"fig-premium-paywall__connect\">\n                D\u00e9j\u00e0 abonn\u00e9\u00a0?                <a class=\"fig-premium-paywall__connect-link\" href=\"https:\/\/connect.lefigaro.fr\/login?client=horizon_web&amp;type=main&amp;redirect_uri=https%3A%2F%2Fwww.lefigaro.fr%2Fvox%2Fmonde%2Fnicolas-baverez-et-si-on-remplacait-ursula-von-der-leyen-par-mario-draghi-20251221\" data-js-gtm=\"{&quot;customCategorie&quot;: &quot;conversion&quot;, &quot;customAction&quot;: &quot;before_Landing_Connexion_paywall_auto&quot;, &quot;customLabel&quot;: &quot;bGVmaWdhcm8uZnJfXzFmMGRjZGE5LTYwZDMtNmViMC1iMTFhLTMxNmM4ZjYxZTY4OF9fQXJ0aWNsZQ==_Nicolas Baverez\u00a0: \u00ab\u00a0Et si on rempla\u00e7ait Ursula von der Leyen par Mario Draghi\u00a0?\u00a0\u00bb_543&quot;, &quot;customIDSPE&quot;: &quot;bGVmaWdhcm8uZnJfXzFmMGRjZGE5LTYwZDMtNmViMC1iMTFhLTMxNmM4ZjYxZTY4OF9fQXJ0aWNsZQ==&quot;, &quot;event&quot;: &quot;customEventSPE&quot;}\" target=\"_blank\" rel=\"noopener\"><br \/>\n                    Connectez-vous<br \/>\n                <\/a>\n            <\/p>\n","protected":false},"excerpt":{"rendered":"CHRONIQUE &#8211; La renaissance de l\u2019UE passe par le d\u00e9part d\u2019Ursula von\u00a0der\u00a0Leyen et par la nomination de Mario&hellip;\n","protected":false},"author":2,"featured_media":613917,"comment_status":"","ping_status":"","sticky":false,"template":"","format":"standard","meta":{"footnotes":""},"categories":[1586],"tags":[11,1777,674,1779,1011,27,17912,12,25,1778,364,2544],"class_list":{"0":"post-613916","1":"post","2":"type-post","3":"status-publish","4":"format-standard","5":"has-post-thumbnail","7":"category-europe","8":"tag-actualites","9":"tag-eu","10":"tag-europe","11":"tag-european-union","12":"tag-fr","13":"tag-france","14":"tag-mario-draghi","15":"tag-news","16":"tag-republique-francaise","17":"tag-ue","18":"tag-union-europeenne","19":"tag-ursula-von-der-leyen"},"share_on_mastodon":{"url":"","error":""},"_links":{"self":[{"href":"https:\/\/www.europesays.com\/fr\/wp-json\/wp\/v2\/posts\/613916","targetHints":{"allow":["GET"]}}],"collection":[{"href":"https:\/\/www.europesays.com\/fr\/wp-json\/wp\/v2\/posts"}],"about":[{"href":"https:\/\/www.europesays.com\/fr\/wp-json\/wp\/v2\/types\/post"}],"author":[{"embeddable":true,"href":"https:\/\/www.europesays.com\/fr\/wp-json\/wp\/v2\/users\/2"}],"replies":[{"embeddable":true,"href":"https:\/\/www.europesays.com\/fr\/wp-json\/wp\/v2\/comments?post=613916"}],"version-history":[{"count":0,"href":"https:\/\/www.europesays.com\/fr\/wp-json\/wp\/v2\/posts\/613916\/revisions"}],"wp:featuredmedia":[{"embeddable":true,"href":"https:\/\/www.europesays.com\/fr\/wp-json\/wp\/v2\/media\/613917"}],"wp:attachment":[{"href":"https:\/\/www.europesays.com\/fr\/wp-json\/wp\/v2\/media?parent=613916"}],"wp:term":[{"taxonomy":"category","embeddable":true,"href":"https:\/\/www.europesays.com\/fr\/wp-json\/wp\/v2\/categories?post=613916"},{"taxonomy":"post_tag","embeddable":true,"href":"https:\/\/www.europesays.com\/fr\/wp-json\/wp\/v2\/tags?post=613916"}],"curies":[{"name":"wp","href":"https:\/\/api.w.org\/{rel}","templated":true}]}}