{"id":613931,"date":"2025-12-21T14:38:13","date_gmt":"2025-12-21T14:38:13","guid":{"rendered":"https:\/\/www.europesays.com\/fr\/613931\/"},"modified":"2025-12-21T14:38:13","modified_gmt":"2025-12-21T14:38:13","slug":"ineos-grenadiers-vauquelin-decouvre-une-nouvelle-maniere-de-travailler-sports","status":"publish","type":"post","link":"https:\/\/www.europesays.com\/fr\/613931\/","title":{"rendered":"Ineos Grenadiers : Vauquelin \u00ab d\u00e9couvre une nouvelle mani\u00e8re de travailler \u00bb : Sports"},"content":{"rendered":"<p class=\"date\">\n                                                            Emmanuel LANGELLIER, Media365 : publi\u00e9 le dimanche 21 d\u00e9cembre 2025 \u00e0 12h22\n                                                    <\/p>\n<p>Pass\u00e9 chez Ineos Grenadiers, K\u00e9vin Vauquelin vient de s&rsquo;acclimater en Espagne \u00e0 sa nouvelle formation.<\/p>\n<p>\u00c7a y est, K\u00e9vin Vauquelin a fait le grand saut. <a href=\"https:\/\/sports.orange.fr\/cyclisme\/article\/ineos-grenadiers-vauquelin-etait-pret-a-rester-chez-arkea-exclu-CNT000002lpNgs.html\" target=\"_blank\" rel=\"noopener\"> Au revoir Ark\u00e9a-BxB Hotels <\/a> (qui a disparu), bonjour Ineos Grenadiers. Le meilleur coureur fran\u00e7ais de la saison 2025, <a href=\"https:\/\/sports.orange.fr\/cyclisme\/article\/velo-d-or-2025-pogacar-et-ferrand-prevot-a-l-honneur-exclu-CNT000002m3Yz0.html\" target=\"_blank\" rel=\"noopener\">r\u00e9cemment r\u00e9compens\u00e9 du prix Bernard Hinault \u00e0 la c\u00e9r\u00e9monie du V\u00e9lo d&rsquo;Or<\/a>, est parti poursuivre sa progression dans une nouvelle et grosse formation, un mastodonte cosmopolite dans lequel le 7e du dernier Tour de France sera l&rsquo;un des 3 Fran\u00e7ais avec Axel Laurance et Dorian Godon, le champion de France qui arrive lui en provenance de Decathlon-AG2R.<\/p>\n<p>\u00ab Assez impressionnant de se retrouver aux c\u00f4t\u00e9s de coureurs comme Bernal ou Kwiatkowski \u00bb<\/p>\n<p>Vauquelin, 2e de la Fl\u00e8che Wallonne (derri\u00e8re le monstre Tadej Pogacar) et 2e du Tour de Suisse (derri\u00e8re Joao Almeida) en 2025, vient de d\u00e9couvrir son nouvel environnement en passant 2 semaines dans le sud-est de l&rsquo;Espagne. Un stage fructueux entre Valence et Alicante. \u00ab C&rsquo;est assez impressionnant de se retrouver aux c\u00f4t\u00e9s de coureurs comme Egan Bernal ou Michal Kwiatkowski, j&rsquo;avais l&rsquo;habitude de les voir \u00e0 la t\u00e9l\u00e9, pas de leur parler \u00bb, souligne dans Ouest-France le jeune cycliste de 24 ans qui a encha\u00een\u00e9 les sorties \u00e0 plus 6 heures sur la Costa Blanca.<\/p>\n<p>Vauquelin \u00ab frapp\u00e9 par la rigueur et l&rsquo;ambiance \u00e0 l&rsquo;entra\u00eenement \u00bb<\/p>\n<p>Les premi\u00e8res impressions au milieu de sa nouvelle \u00e9quipe sont tr\u00e8s bonnes. \u00ab Je d\u00e9couvre une nouvelle mani\u00e8re de travailler, avec beaucoup de moyens, c&rsquo;est ce que je recherchais afin de poursuivre mon \u00e9volution et l&rsquo;accueil est \u00e0 la hauteur de mes esp\u00e9rances. Je suis frapp\u00e9 par la rigueur et l&rsquo;ambiance \u00e0 l&rsquo;entra\u00eenement. Et ressentir autant d&rsquo;attente, c&rsquo;est une vraie reconnaissance \u00bb, rel\u00e8ve Vauquelin dont le manager britannique, Dave Brailsford, souhaite en faire son leader sur les courses par \u00e9tapes. Le Normand, qui <a href=\"https:\/\/sports.orange.fr\/cyclisme\/article\/ineos-grenadiers-vauquelin-reve-du-maillot-jaune-exclu-CNT000002m69GQ.html\" target=\"_blank\" rel=\"noopener\"> r\u00eave d&rsquo;endosser le maillot jaune l&rsquo;\u00e9t\u00e9 prochain <\/a> et qui ne connait pas encore pr\u00e9cis\u00e9ment son programme reprise, sera aussi conseill\u00e9 par Geraint Thomas, jeune retrait\u00e9, devenu son \u00ab directeur de course \u00bb au sein d&rsquo;Ineos Grenadiers.<\/p>\n","protected":false},"excerpt":{"rendered":"Emmanuel LANGELLIER, Media365 : publi\u00e9 le dimanche 21 d\u00e9cembre 2025 \u00e0 12h22 Pass\u00e9 chez Ineos Grenadiers, K\u00e9vin Vauquelin&hellip;\n","protected":false},"author":2,"featured_media":613932,"comment_status":"","ping_status":"","sticky":false,"template":"","format":"standard","meta":{"footnotes":""},"categories":[1411],"tags":[1154,207,1011,27,60],"class_list":{"0":"post-613931","1":"post","2":"type-post","3":"status-publish","4":"format-standard","5":"has-post-thumbnail","7":"category-cyclisme","8":"tag-cycling","9":"tag-cyclisme","10":"tag-fr","11":"tag-france","12":"tag-sports"},"share_on_mastodon":{"url":"https:\/\/pubeurope.com\/@fr\/115758072140349008","error":""},"_links":{"self":[{"href":"https:\/\/www.europesays.com\/fr\/wp-json\/wp\/v2\/posts\/613931","targetHints":{"allow":["GET"]}}],"collection":[{"href":"https:\/\/www.europesays.com\/fr\/wp-json\/wp\/v2\/posts"}],"about":[{"href":"https:\/\/www.europesays.com\/fr\/wp-json\/wp\/v2\/types\/post"}],"author":[{"embeddable":true,"href":"https:\/\/www.europesays.com\/fr\/wp-json\/wp\/v2\/users\/2"}],"replies":[{"embeddable":true,"href":"https:\/\/www.europesays.com\/fr\/wp-json\/wp\/v2\/comments?post=613931"}],"version-history":[{"count":0,"href":"https:\/\/www.europesays.com\/fr\/wp-json\/wp\/v2\/posts\/613931\/revisions"}],"wp:featuredmedia":[{"embeddable":true,"href":"https:\/\/www.europesays.com\/fr\/wp-json\/wp\/v2\/media\/613932"}],"wp:attachment":[{"href":"https:\/\/www.europesays.com\/fr\/wp-json\/wp\/v2\/media?parent=613931"}],"wp:term":[{"taxonomy":"category","embeddable":true,"href":"https:\/\/www.europesays.com\/fr\/wp-json\/wp\/v2\/categories?post=613931"},{"taxonomy":"post_tag","embeddable":true,"href":"https:\/\/www.europesays.com\/fr\/wp-json\/wp\/v2\/tags?post=613931"}],"curies":[{"name":"wp","href":"https:\/\/api.w.org\/{rel}","templated":true}]}}