{"id":613937,"date":"2025-12-21T14:41:13","date_gmt":"2025-12-21T14:41:13","guid":{"rendered":"https:\/\/www.europesays.com\/fr\/613937\/"},"modified":"2025-12-21T14:41:13","modified_gmt":"2025-12-21T14:41:13","slug":"une-annee-en-syrie-racontee-par-laurence-geai-photographe","status":"publish","type":"post","link":"https:\/\/www.europesays.com\/fr\/613937\/","title":{"rendered":"une ann\u00e9e en Syrie racont\u00e9e par Laurence Geai, photographe"},"content":{"rendered":"\n<p class=\"article__paragraph article__paragraph--lf \">L\u2019annonce est tomb\u00e9e un dimanche\u00a0: <a href=\"https:\/\/www.lemonde.fr\/chute-de-bachar-al-assad-en-syrie\/\" target=\"_blank\" rel=\"noopener\">Bachar al-Assad, despote sanguinaire au pouvoir en Syrie depuis vingt-quatre\u00a0ans, s\u2019est enfui<\/a> dans la nuit du 7\u00a0au 8\u00a0d\u00e9cembre\u00a02024, chass\u00e9 par une coalition de rebelles conduite par le groupe islamiste Hayat Tahrir Al-Cham (HTC). Le lendemain, la photographe de presse Laurence Geai s\u2019envolait pour couvrir cette bascule historique. Install\u00e9e depuis l\u2019\u00e9t\u00e9 \u00e0 J\u00e9rusalem, elle s\u2019est rendue en Syrie \u00e0 trois reprises cette ann\u00e9e.<\/p>\n<p>                  Depuis le d\u00e9but de la guerre civile en Syrie en\u00a02011, vous y \u00eates all\u00e9e plusieurs fois. Pouvez-vous nous raconter vos diff\u00e9rents voyages\u00a0?                  <\/p>\n<p class=\"article__paragraph article__paragraph--lf \">Je suis all\u00e9e en Syrie pour la premi\u00e8re fois en\u00a02013 [deux ans apr\u00e8s le d\u00e9but de la guerre civile]. Je me lan\u00e7ais tout juste en tant que photographe, tout \u00e9tait nouveau. Je me suis rendue du c\u00f4t\u00e9 des rebelles pr\u00e8s d\u2019Alep, \u00e0 la fronti\u00e8re turque, dans le cadre d\u2019une mission humanitaire avec un m\u00e9decin fran\u00e7ais qui faisait des formations \u00e0 la m\u00e9decine de guerre aux personnels locaux. J\u2019y suis retourn\u00e9e en\u00a02014, cette fois-ci\u00a0\u00e0 Alep, mais le lieu \u00e9tait r\u00e9guli\u00e8rement bombard\u00e9 par le r\u00e9gime, c\u2019\u00e9tait tr\u00e8s difficile de travailler.<\/p>\n<p class=\"article__paragraph article__paragraph--lf \">Apr\u00e8s \u00e7a, j\u2019ai d\u00fb cesser mes reportages avec les rebelles car il y avait beaucoup de kidnappings de l\u2019Etat Islamique (EI), de journalistes et d\u2019humanitaires. Je suis ensuite all\u00e9e dans le Rojava, notamment \u00e0 Koban\u00e9 et Rakka, jusqu\u2019\u00e0 la chute de l\u2019Etat Islamique (EI), que j\u2019ai couverte dans le dernier bastion qu\u2019ils tenaient \u00e0 Baghouz en\u00a02019. J\u2019ai document\u00e9 l\u2019apr\u00e8s dans ces r\u00e9gions, notamment l\u2019op\u00e9ration \u00ab\u00a0Source de paix\u00a0\u00bb [l\u2019offensive turque contre les Kurdes], mais aussi les prisons et les camps o\u00f9 \u00e9taient d\u00e9tenus les membres suppos\u00e9s de l\u2019EI et leurs familles, puis la lente reconstruction de Rakka\u2026<\/p>\n<p class=\"reading-mode-only \"><strong>Il vous reste 76.32% de cet article \u00e0 lire. La suite est r\u00e9serv\u00e9e aux abonn\u00e9s.<\/strong><\/p>\n","protected":false},"excerpt":{"rendered":"L\u2019annonce est tomb\u00e9e un dimanche\u00a0: Bachar al-Assad, despote sanguinaire au pouvoir en Syrie depuis vingt-quatre\u00a0ans, s\u2019est enfui dans&hellip;\n","protected":false},"author":2,"featured_media":613938,"comment_status":"","ping_status":"","sticky":false,"template":"","format":"standard","meta":{"footnotes":""},"categories":[1358],"tags":[1348,1384,1385,1386,58,59,1011,27],"class_list":{"0":"post-613937","1":"post","2":"type-post","3":"status-publish","4":"format-standard","5":"has-post-thumbnail","7":"category-arts-et-design","8":"tag-arts","9":"tag-arts-and-design","10":"tag-arts-et-design","11":"tag-design","12":"tag-divertissement","13":"tag-entertainment","14":"tag-fr","15":"tag-france"},"share_on_mastodon":{"url":"https:\/\/pubeurope.com\/@fr\/115758083815972049","error":""},"_links":{"self":[{"href":"https:\/\/www.europesays.com\/fr\/wp-json\/wp\/v2\/posts\/613937","targetHints":{"allow":["GET"]}}],"collection":[{"href":"https:\/\/www.europesays.com\/fr\/wp-json\/wp\/v2\/posts"}],"about":[{"href":"https:\/\/www.europesays.com\/fr\/wp-json\/wp\/v2\/types\/post"}],"author":[{"embeddable":true,"href":"https:\/\/www.europesays.com\/fr\/wp-json\/wp\/v2\/users\/2"}],"replies":[{"embeddable":true,"href":"https:\/\/www.europesays.com\/fr\/wp-json\/wp\/v2\/comments?post=613937"}],"version-history":[{"count":0,"href":"https:\/\/www.europesays.com\/fr\/wp-json\/wp\/v2\/posts\/613937\/revisions"}],"wp:featuredmedia":[{"embeddable":true,"href":"https:\/\/www.europesays.com\/fr\/wp-json\/wp\/v2\/media\/613938"}],"wp:attachment":[{"href":"https:\/\/www.europesays.com\/fr\/wp-json\/wp\/v2\/media?parent=613937"}],"wp:term":[{"taxonomy":"category","embeddable":true,"href":"https:\/\/www.europesays.com\/fr\/wp-json\/wp\/v2\/categories?post=613937"},{"taxonomy":"post_tag","embeddable":true,"href":"https:\/\/www.europesays.com\/fr\/wp-json\/wp\/v2\/tags?post=613937"}],"curies":[{"name":"wp","href":"https:\/\/api.w.org\/{rel}","templated":true}]}}