{"id":613939,"date":"2025-12-21T14:43:16","date_gmt":"2025-12-21T14:43:16","guid":{"rendered":"https:\/\/www.europesays.com\/fr\/613939\/"},"modified":"2025-12-21T14:43:16","modified_gmt":"2025-12-21T14:43:16","slug":"fin-de-teleshopping-sur-tf1-on-connait-la-date-darrivee-de-marie-ange-nardi-sur-m6","status":"publish","type":"post","link":"https:\/\/www.europesays.com\/fr\/613939\/","title":{"rendered":"Fin de \u201cT\u00e9l\u00e9shopping\u201d sur TF1 : On conna\u00eet la date d\u2019arriv\u00e9e de Marie-Ange Nardi sur M6"},"content":{"rendered":"<p>                <img loading=\"lazy\" decoding=\"async\" src=\"https:\/\/www.europesays.com\/fr\/wp-content\/uploads\/2025\/04\/91f0667af8d5f95d-35x35-1.png\" class=\"author-article-picture\" width=\"35\" height=\"35\"\/><\/p>\n<p>                    Par<\/p>\n<p>                                            <a class=\"author-article-bio-link\" href=\"https:\/\/www.ozap.com\/auteur\/raphael-gioia_a93\" target=\"_blank\" rel=\"noopener\">Rapha\u00ebl Gioia<\/a><\/p>\n<p>                    |<\/p>\n<p>                                            Journaliste<\/p>\n<p>\n                Des go\u00fbters devant le Club Doroth\u00e9e aux soir\u00e9es pizza\/\u00a0\u00bbKoh-Lanta\u00a0\u00bb, il y a quelques pas de c\u00f4t\u00e9 que cet enfant du bitume a effectu\u00e9 pour transformer un rituel sacr\u00e9 en piges passionn\u00e9es.\n            <\/p>\n<p>\n    La \u00ab\u00a0nouvelle \u00e8re\u00a0\u00bb promise par le leader du t\u00e9l\u00e9-achat s&rsquo;ouvrira d\u00e8s le d\u00e9but de l&rsquo;ann\u00e9e 2026.\n<\/p>\n<p>                            <img loading=\"lazy\" decoding=\"async\" class=\"player-thumbnail\" src=\"https:\/\/www.europesays.com\/fr\/wp-content\/uploads\/2025\/12\/564e28158ce085ce-580x326-2.png\" width=\"580\" height=\"326\"\/><\/p>\n<p>                            \u201cQui est qui ?\u201d : Le jeu culte bient\u00f4t de retour \u00e0 l\u2019antenne ? L\u2019animatrice Marie-Ange Nardi r\u00e9pond dans \u00ab\u00a0On refait la t\u00e9l\u00e9\u00a0\u00bb \u00a9 RTL<\/p>\n<p>La suite apr\u00e8s la publicit\u00e9<\/p>\n<p>Marie-Ange Nardi change de cr\u00e8merie mais pas de filon. Aux commandes du \u00ab\u00a0T\u00e9l\u00e9shopping\u00a0\u00bb de TF1 depuis dix-sept ans, Marie-Ange Nardi est contrainte d&rsquo;abandonner <a href=\"https:\/\/www.ozap.com\/actu\/alexandre-devoise-arrive-au-teleshopping-sur-tf1\/453739\" target=\"_blank\" rel=\"noopener\">son comparse Alexandre Devoise<\/a> pour former un nouveau bin\u00f4me dans le groupe M6. L&rsquo;animatrice de 64 ans va <a href=\"https:\/\/www.ozap.com\/actu\/surprise-apres-la-fin-de-teleshopping-sur-tf1-marie-ange-nardi-rejoint-pour-m6-pour-animer-un-teleachat-plus-moderne-et-plus-vivant\/652851\" target=\"_blank\" rel=\"noopener\">rejoindre un programme quasi-\u00e9quivalent sur la Six<\/a> et ses petites soeurs, W9 et 6ter, et lui donnera vie en compagnie de Charlotte Rosier. Cette derni\u00e8re pr\u00e9sentait jusqu&rsquo;\u00e0 pr\u00e9sent<a href=\"https:\/\/www.ozap.com\/actu\/-m6-boutique-pourquoi-pierre-dhostel-et-valerie-pascale-ont-ils-ete-remplaces-sans-explication-a-la-presentation-du-tele-achat-de-m6\/641809\" target=\"_blank\" rel=\"noopener\"> \u00ab\u00a0M6 Boutique\u00a0\u00bb aux c\u00f4t\u00e9s de Laurent Artufel<\/a>. \u00ab\u00a0On unit les forces des deux marques pour \u00e9crire une nouvelle page sur les cha\u00eenes du groupe M6\u00a0\u00bb, a fait valoir Fernando Prata, directeur g\u00e9n\u00e9ral de Selextra, en promettant un programme \u00ab\u00a0plus moderne, plus proche des t\u00e9l\u00e9spectateurs et plus vivant\u00a0\u00bb. Cette \u00ab\u00a0nouvelle \u00e8re\u00a0\u00bb promise par le leader du t\u00e9l\u00e9-achat d\u00e9butera le vendredi 2 janvier d\u00e8s 8h05 sur M6.<\/p>\n<p>En quotidienne sur M6, le week-end sur W9 et 6ter<\/p>\n<p>D\u00e8s le lendemain, l&rsquo;\u00e9mission intitul\u00e9e \u00ab\u00a0My Boutique T\u00e9l\u00e9shop\u00a0\u00bb sera diffus\u00e9e sur W9 et 6ter. Elle sera quotidienne sur le canal 6 de la TNT, et programm\u00e9e uniquement le week-end sur les deux autres canaux aux audiences plus confidentielles. Entour\u00e9es d&rsquo;inventeurs, d&rsquo;experts et de testeurs, les deux pr\u00e9sentatrices proposeront \u00ab\u00a0une s\u00e9lection de produits astucieux, originaux et exclusifs\u00a0\u00bb, \u00e0 la vente en ligne ou par t\u00e9l\u00e9phone. \u00ab\u00a0Ce sera comme une discussion entre copines dans un salon\u00a0\u00bb, projette Fernando Prata. Le dirigeant compte sur \u00ab\u00a0l&rsquo;expertise\u00a0\u00bb de Marie-Ange Nardi et \u00ab\u00a0le dynamisme\u00a0\u00bb de Charlotte Rosier pour tenter de faire remonter les audiences, puisque les t\u00e9l\u00e9spectateurs d\u00e9laissent progressivement le t\u00e9l\u00e9-achat pour le commerce en ligne.<\/p>\n<blockquote class=\"twitter-tweet\">\n<p lang=\"fr\" dir=\"ltr\">\ud83d\udcfa <a href=\"https:\/\/twitter.com\/hashtag\/Medias?src=hash&amp;ref_src=twsrc%5Etfw\" target=\"_blank\" rel=\"noopener\">#Medias<\/a> <br \/>Le nouveau t\u00e9l\u00e9achat \u00ab plus moderne et plus vivant \u00bb arrive en 2026 sur le groupe M6 ! <\/p>\n<p>L&rsquo;\u00e9mission baptis\u00e9e \u00ab My Boutique T\u00e9l\u00e9shop \u00bb avec Marie-Ange Nardi et Charlotte Rosier d\u00e9barque d\u00e8s le vendredi 2 janvier \u00e0 8h05 sur M6 et le 3 janvier sur W9 \u00e0 8h05. <a href=\"https:\/\/t.co\/SPPhgkHrhZ\">pic.twitter.com\/SPPhgkHrhZ<\/a><\/p>\n<p>\u2014 Monascope7 \ud83d\uddde\ufe0f (@Monascope7) <a href=\"https:\/\/twitter.com\/Monascope7\/status\/2001029005412327798?ref_src=twsrc%5Etfw\" target=\"_blank\" rel=\"noopener\">December 16, 2025<\/a><\/p><\/blockquote>\n<p>A lire aussi : <a href=\"https:\/\/www.ozap.com\/actu\/nous-ferons-plus-de-primes-avec-cyril-hanouna-en-2026-le-directeur-des-programmes-du-groupe-m6-veut-prolonger-le-succes-de-la-grosse-rigolade-sur-w9\/652807\" target=\"_blank\" rel=\"noopener\"><strong>\u00ab\u00a0Nous ferons plus de primes avec Cyril Hanouna en 2026\u00a0\u00bb : Le directeur des programmes du groupe M6 veut prolonger le succ\u00e8s de \u00ab\u00a0La grosse rigolade\u00a0\u00bb sur W9<\/strong><\/a><\/p>\n<p>Face \u00e0 la concurrence du e-commerce<\/p>\n<p>Premi\u00e8re cha\u00eene fran\u00e7aise \u00e0 lancer ce concept de t\u00e9l\u00e9-achat en 1987, sous l&rsquo;impulsion notamment de Pierre Bellemare, TF1 a choisi de tirer le rideau sur \u00ab\u00a0T\u00e9l\u00e9shopping\u00a0\u00bb et ses 38 ans d&rsquo;existence \u00e0 cause d&rsquo;audiences devenues rachitiques. Avec 130.000 fid\u00e8les tous les jours depuis le d\u00e9but de la saison, cette institution du PAF est la case la plus faible de la grille de la Une. Elle c\u00e9dera son cr\u00e9neau horaire \u00e0 <a href=\"https:\/\/www.ozap.com\/actu\/bonjour-rallonge-dune-heure-en-2026-apres-larret-du-teleshopping-sur-tf1-christophe-beaugrand-choisi-pour-animer-la-derniere-partie\/652531\" target=\"_blank\" rel=\"noopener\">la matinale \u00ab\u00a0Bonjour!\u00a0\u00bb \u00e9tir\u00e9e de 7h \u00e0 11h<\/a> \u00e0 partir de la rentr\u00e9e de janvier. Le rendez-vous incarn\u00e9 par Bruce Toussaint, <a href=\"https:\/\/www.ozap.com\/actu\/audiences-3-mois-apres-la-rentree-quel-bilan-pour-les-versions-rallongees-de-bonjour-sur-tf1-et-telematin-sur-france-2\/652666\" target=\"_blank\" rel=\"noopener\">de plus en plus suivi par les l\u00e8ves-t\u00f4t<\/a>, sera d\u00e9sormais scind\u00e9 en deux : une premi\u00e8re partie de 7h \u00e0 10h assur\u00e9e par Bruce Toussaint avec sa bande de chroniqueurs puis une seconde qui prendra des airs de \u00ab\u00a0talk-show \u00e0 la fran\u00e7aise\u00a0\u00bb avec <a href=\"https:\/\/www.ozap.com\/personnalite\/christophe-beaugrand_e264366\" target=\"_blank\" rel=\"noopener\">Christophe Beaugrand<\/a> aux manettes. En restructurant cette case, Thierry Thullier esp\u00e8re \u00ab\u00a0continuer \u00e0 consolider l\u2019audience de la journ\u00e9e\u00a0\u00bb de la cha\u00eene.<\/p>\n<p>        <img decoding=\"async\" class=\"thumb-img-100 thumb-img\" src=\"https:\/\/www.europesays.com\/fr\/wp-content\/uploads\/2025\/12\/5ed21022453f3b6b-320x180-1.jpg\" alt=\"&quot;On leur envoie les num\u00e9ros en avance&quot; : Comment M6 et la production de &quot;La France a un incroyable talent&quot; briefent les juges invit\u00e9s des quarts de finale\" width=\"320\" height=\"180\" loading=\"lazy\" role=\"presentation\"\/><\/p>\n<p>                                            \u00ab\u00a0On leur envoie les num\u00e9ros en avance\u00a0\u00bb : Comment M6 et la production de \u00ab\u00a0La France a un incroyable talent\u00a0\u00bb briefent les juges invit\u00e9s des quarts de finale<\/p>\n<p>        <img decoding=\"async\" class=\"thumb-img-100 thumb-img\" src=\"https:\/\/www.europesays.com\/fr\/wp-content\/uploads\/2025\/12\/8fda25f817302f20-320x180-1.jpg\" alt=\"&quot;Pandore&quot; : Quel est le principe du nouveau jeu de M6 anim\u00e9 par Olivier Minne ?\" width=\"320\" height=\"180\" loading=\"lazy\" role=\"presentation\"\/><\/p>\n<p>                                            \u00ab\u00a0Pandore\u00a0\u00bb : Quel est le principe du nouveau jeu de M6 anim\u00e9 par Olivier Minne ?<\/p>\n<p>        <img decoding=\"async\" class=\"thumb-img-100 thumb-img\" src=\"https:\/\/www.europesays.com\/fr\/wp-content\/uploads\/2025\/12\/6d69506158db9f26-320x180-1.jpg\" alt=\"&quot;Camera Caf\u00e9&quot; bient\u00f4t de retour sur M6 avec une soir\u00e9e in\u00e9dite\" width=\"320\" height=\"180\" loading=\"lazy\" role=\"presentation\"\/><\/p>\n<p>                                            \u00ab\u00a0Camera Caf\u00e9\u00a0\u00bb bient\u00f4t de retour sur M6 avec une soir\u00e9e in\u00e9dite<\/p>\n<p>        <script async src=\"https:\/\/platform.twitter.com\/widgets.js\" charset=\"utf-8\"><\/script><\/p>\n","protected":false},"excerpt":{"rendered":"Par Rapha\u00ebl Gioia | Journaliste Des go\u00fbters devant le Club Doroth\u00e9e aux soir\u00e9es pizza\/\u00a0\u00bbKoh-Lanta\u00a0\u00bb, il y a quelques&hellip;\n","protected":false},"author":2,"featured_media":613940,"comment_status":"","ping_status":"","sticky":false,"template":"","format":"standard","meta":{"footnotes":""},"categories":[1356],"tags":[58,59,1011,27,252,1364],"class_list":{"0":"post-613939","1":"post","2":"type-post","3":"status-publish","4":"format-standard","5":"has-post-thumbnail","7":"category-television","8":"tag-divertissement","9":"tag-entertainment","10":"tag-fr","11":"tag-france","12":"tag-television","13":"tag-tv"},"share_on_mastodon":{"url":"https:\/\/pubeurope.com\/@fr\/115758094311995785","error":""},"_links":{"self":[{"href":"https:\/\/www.europesays.com\/fr\/wp-json\/wp\/v2\/posts\/613939","targetHints":{"allow":["GET"]}}],"collection":[{"href":"https:\/\/www.europesays.com\/fr\/wp-json\/wp\/v2\/posts"}],"about":[{"href":"https:\/\/www.europesays.com\/fr\/wp-json\/wp\/v2\/types\/post"}],"author":[{"embeddable":true,"href":"https:\/\/www.europesays.com\/fr\/wp-json\/wp\/v2\/users\/2"}],"replies":[{"embeddable":true,"href":"https:\/\/www.europesays.com\/fr\/wp-json\/wp\/v2\/comments?post=613939"}],"version-history":[{"count":0,"href":"https:\/\/www.europesays.com\/fr\/wp-json\/wp\/v2\/posts\/613939\/revisions"}],"wp:featuredmedia":[{"embeddable":true,"href":"https:\/\/www.europesays.com\/fr\/wp-json\/wp\/v2\/media\/613940"}],"wp:attachment":[{"href":"https:\/\/www.europesays.com\/fr\/wp-json\/wp\/v2\/media?parent=613939"}],"wp:term":[{"taxonomy":"category","embeddable":true,"href":"https:\/\/www.europesays.com\/fr\/wp-json\/wp\/v2\/categories?post=613939"},{"taxonomy":"post_tag","embeddable":true,"href":"https:\/\/www.europesays.com\/fr\/wp-json\/wp\/v2\/tags?post=613939"}],"curies":[{"name":"wp","href":"https:\/\/api.w.org\/{rel}","templated":true}]}}