{"id":613941,"date":"2025-12-21T14:44:11","date_gmt":"2025-12-21T14:44:11","guid":{"rendered":"https:\/\/www.europesays.com\/fr\/613941\/"},"modified":"2025-12-21T14:44:11","modified_gmt":"2025-12-21T14:44:11","slug":"son-magnifique-appartement-a-montmartre-2","status":"publish","type":"post","link":"https:\/\/www.europesays.com\/fr\/613941\/","title":{"rendered":"son magnifique appartement \u00e0 Montmartre"},"content":{"rendered":"<p>Nolwenn Leroy est connue pour son attachement \u00e0 la Bretagne,<br \/>\nmais c\u00a0\u00bbest \u00e0 Paris que la chanteuse a construit une part de son<br \/>\nidentit\u00e9 artistique. Selon un article du Journal des<br \/>\nFemmes, elle garde un lien tr\u00e8s fort avec le quartier de<br \/>\nMontmartre o\u00f9 elle a v\u00e9cu pendant de nombreuses ann\u00e9es.<\/p>\n<p>L&rsquo;appartement parisien de Nolwenn Leroy<\/p>\n<p>M\u00eame si elle habite d\u00e9sormais dans <a href=\"https:\/\/www.lejournaldelamaison.fr\/le-journal-de-la-maison\/reportages-maisons\/maisons-reportages-maisons\/alessandra-sublet-javais-envie-vraie-qualite-vie-nouveau-refuge-sud-france-entre-var-alpes-maritimes-526817.html\" target=\"_blank\" rel=\"noopener\"><br \/>\nle sud de la France<\/a> <strong>avec son compagnon Arnaud<br \/>\nCl\u00e9ment<\/strong> et leur fils Marin, Nolwenn Leroy n&rsquo;a jamais<br \/>\nvraiment rompu avec Paris. La chanteuse conserve d&rsquo;ailleurs<br \/>\ntoujours son appartement \u00e0 Montmartre. \u00ab\u00a0Je suis devenue une<br \/>\nfille du XVIII\u1d49 (\u2026) <strong>J&rsquo;ai toujours mon endroit<br \/>\nl\u00e0-bas<\/strong>. Je ne pense pas que je bougerai (\u2026) C&rsquo;est un coin<br \/>\n\u00e0 part pour moi le XVIII\u1d49. J&rsquo;ai une part de mon c\u0153ur aujourd&rsquo;hui<br \/>\nqui est \u00e0 Paris. Je tire mon \u00e9nergie aussi de Paris\u00a0\u00bb,<br \/>\nconfiait-elle d&rsquo;ailleurs \u00e0 France Bleu en 2021.<\/p>\n<p>Peu apr\u00e8s <strong>ses d\u00e9buts \u00e0 la Star Academy<\/strong>, elle<br \/>\ns&rsquo;est install\u00e9e dans cet arrondissement si important pour elle.<br \/>\nLors d&rsquo;un entretien accord\u00e9 au Point en 2024, elle<br \/>\nexpliquait avoir \u00e9t\u00e9 rassur\u00e9e par <a href=\"https:\/\/www.lejournaldelamaison.fr\/le-journal-de-la-maison\/reportages-maisons\/maisons-reportages-maisons\/mireille-darc-premier-appartement-montmartre-1960-avant-alain-delon-529977.html\" target=\"_blank\" rel=\"noopener\"><br \/>\nle quartier de Montmartre<\/a>, alors que la capitale pouvait<br \/>\nsembler <strong>un peu effrayante au premier abord<\/strong>.<\/p>\n<p>Nolwenn Leroy reste tr\u00e8s attach\u00e9e \u00e0 Paris<\/p>\n<p>Mais au-del\u00e0 de cet arrondissement, Nolwenn Leroy a appris<br \/>\n<strong>\u00e0 aimer la ville toute enti\u00e8re<\/strong>. Elle y poss\u00e8de de<br \/>\ntr\u00e8s nombreux souvenirs et certains \u00e9pisodes de sa carri\u00e8re s&rsquo;y<br \/>\nsont d\u00e9roul\u00e9s. En 2015, elle avait par exemple particip\u00e9 \u00e0<br \/>\nl\u2019hommage national aux victimes des attentats, dans <a href=\"https:\/\/www.lejournaldelamaison.fr\/le-journal-de-la-maison\/reportages-maisons\/appartements\/serge-lama-ce-quartier-je-lai-connu-quand-nous-etions-pauvres-aujourdhui-il-represente-pour-moi-une-forme-daccomplissement-son-appartement-parisien-avec-vue-s-513083.html\" target=\"_blank\" rel=\"noopener\"><br \/>\nla cour des Invalides<\/a>. Un \u00e9v\u00e8nement qui restera grav\u00e9 <strong>\u00e0<br \/>\njamais dans sa m\u00e9moire<\/strong>.<\/p>\n<p><strong>V\u00e9ritable passionn\u00e9e d&rsquo;art<\/strong>, la chanteuse ne<br \/>\npouvait pas trouver ville plus culturelle que Paris. Elle a d\u00e9j\u00e0<br \/>\n\u00e9cum\u00e9 les nombreux mus\u00e9es de la capitale et ne s&rsquo;en lasse jamais.<br \/>\nElle poss\u00e8de aussi <a href=\"https:\/\/www.lejournaldelamaison.fr\/le-journal-de-la-maison\/decoration-par-style\/deco-par-style\/ces-sublimes-restaurants-signes-par-des-architectes-dinterieur-de-renom-437878.html\" target=\"_blank\" rel=\"noopener\"><br \/>\nses restaurants favoris<\/a>. En tant que Bretonne, elle conna\u00eet les<br \/>\n<strong>meilleures cr\u00eaperies de toute la capitale<\/strong>.<\/p>\n<blockquote class=\"instagram-media\" style=\"background: #ffffff;border: 0;margin: 1px;width: 100%;padding: 0;max-width: 500px;\" data-instgrm-permalink=\"https:\/\/www.instagram.com\/reels\/DPtrF5BCF0t\/\" data-instgrm-version=\"14\"\/><p>\nLa chanteuse a choisi de s&rsquo;installer<br \/>\ndans le sud de la France<\/p>\n<p>Pourtant, et <strong>malgr\u00e9 tous les attraits de Paris<\/strong>,<br \/>\nNolwenn Leroy a choisi de s&rsquo;installer dans le sud de la France,<br \/>\ntout pr\u00e8s <a href=\"https:\/\/www.lejournaldelamaison.fr\/le-journal-de-la-maison\/reportages-maisons\/maisons-reportages-maisons\/andrea-ferreol-je-ne-pourrais-pas-vivre-toute-seule-dans-une-maison-perdue-dans-la-nature-son-hotel-particulier-a-aix-en-provence-ou-elle-vit-loin-du-tumulte-de-la-capitale-523613.html\" target=\"_blank\" rel=\"noopener\"><br \/>\nd&rsquo;Aix-en-Provence<\/a>, dans la r\u00e9gion natale de son compagnon.<br \/>\nL\u00e0-bas, elle profite d&rsquo;un cadre de vie bien plus calme pour \u00e9lever<br \/>\nson fils, loin des m\u00e9dias <strong>et de l&rsquo;agitation<br \/>\nparisienne<\/strong>.<\/p>\n<p>\u00ab\u00a0Paris c&rsquo;est pas une ville pour les tout-petits <strong>et<br \/>\nlorsqu&rsquo;on est \u00e2g\u00e9s<\/strong>\u2026 Paris c&rsquo;est fabuleux quand on est<br \/>\njeunes (\u2026) Paris c&rsquo;est la dualit\u00e9 entre cet \u00e9merveillement et aussi<br \/>\nla duret\u00e9 de la ville\u00a0\u00bb, confiait la chanteuse. Finalement,<br \/>\nNolwenn Leroy a trouv\u00e9 le parfait \u00e9quilibre <strong>entre sa<br \/>\ncarri\u00e8re et <a href=\"https:\/\/www.lejournaldelamaison.fr\/actualite\/marquinhos-villa-570mc2b2-vesinet-devoilee-luxe-intimite-vie-famille-nous-boulot-pour-arriver-ici-pour-avoir-mentalite-adn-513067.html\" target=\"_blank\" rel=\"noopener\"><br \/>\nsa vie de famille<\/a><\/strong>.<\/p>\n<p><script async src=\"\/\/www.instagram.com\/embed.js\"><\/script><\/p>\n","protected":false},"excerpt":{"rendered":"Nolwenn Leroy est connue pour son attachement \u00e0 la Bretagne, mais c\u00a0\u00bbest \u00e0 Paris que la chanteuse a&hellip;\n","protected":false},"author":2,"featured_media":613942,"comment_status":"","ping_status":"","sticky":false,"template":"","format":"standard","meta":{"footnotes":""},"categories":[1355],"tags":[72470,13041,9071,3475,6521,1805,42980,58,3029,3170,893,59,195,1011,27,757,71653,18799,11078,7661,1361,873,2042,10650,626,15178,3711,758,19455,1810,96],"class_list":{"0":"post-613941","1":"post","2":"type-post","3":"status-publish","4":"format-standard","5":"has-post-thumbnail","7":"category-musique","8":"tag-18e","9":"tag-a","10":"tag-appartement","11":"tag-aussi","12":"tag-coeur","13":"tag-de","14":"tag-devenue","15":"tag-divertissement","16":"tag-du","17":"tag-elle","18":"tag-energie","19":"tag-entertainment","20":"tag-fille","21":"tag-fr","22":"tag-france","23":"tag-je","24":"tag-leroy","25":"tag-magnifique","26":"tag-mon","27":"tag-montmartre","28":"tag-music","29":"tag-musique","30":"tag-nolwenn","31":"tag-ou","32":"tag-paris","33":"tag-part","34":"tag-son","35":"tag-suis","36":"tag-tire","37":"tag-toujours","38":"tag-une"},"share_on_mastodon":{"url":"https:\/\/pubeurope.com\/@fr\/115758095875478226","error":""},"_links":{"self":[{"href":"https:\/\/www.europesays.com\/fr\/wp-json\/wp\/v2\/posts\/613941","targetHints":{"allow":["GET"]}}],"collection":[{"href":"https:\/\/www.europesays.com\/fr\/wp-json\/wp\/v2\/posts"}],"about":[{"href":"https:\/\/www.europesays.com\/fr\/wp-json\/wp\/v2\/types\/post"}],"author":[{"embeddable":true,"href":"https:\/\/www.europesays.com\/fr\/wp-json\/wp\/v2\/users\/2"}],"replies":[{"embeddable":true,"href":"https:\/\/www.europesays.com\/fr\/wp-json\/wp\/v2\/comments?post=613941"}],"version-history":[{"count":0,"href":"https:\/\/www.europesays.com\/fr\/wp-json\/wp\/v2\/posts\/613941\/revisions"}],"wp:featuredmedia":[{"embeddable":true,"href":"https:\/\/www.europesays.com\/fr\/wp-json\/wp\/v2\/media\/613942"}],"wp:attachment":[{"href":"https:\/\/www.europesays.com\/fr\/wp-json\/wp\/v2\/media?parent=613941"}],"wp:term":[{"taxonomy":"category","embeddable":true,"href":"https:\/\/www.europesays.com\/fr\/wp-json\/wp\/v2\/categories?post=613941"},{"taxonomy":"post_tag","embeddable":true,"href":"https:\/\/www.europesays.com\/fr\/wp-json\/wp\/v2\/tags?post=613941"}],"curies":[{"name":"wp","href":"https:\/\/api.w.org\/{rel}","templated":true}]}}