{"id":613945,"date":"2025-12-21T14:46:10","date_gmt":"2025-12-21T14:46:10","guid":{"rendered":"https:\/\/www.europesays.com\/fr\/613945\/"},"modified":"2025-12-21T14:46:10","modified_gmt":"2025-12-21T14:46:10","slug":"cancer-du-poumon-feminin-une-hausse-alarmante-que-les-experts-expliquent","status":"publish","type":"post","link":"https:\/\/www.europesays.com\/fr\/613945\/","title":{"rendered":"Cancer du poumon f\u00e9minin, une hausse alarmante que les experts expliquent"},"content":{"rendered":"<p>\u00ab\u00a0Le cancer du poumon est le plus meurtrier chez la femme<br \/>\ndevant le cancer du sein\u00a0\u00bb, alerte le <strong>Dr Vincent<br \/>\nValinducq<\/strong> sur le plateau de l\u2019\u00e9mission Bonjour ! la<br \/>\nmatinale, diffus\u00e9e sur TF1. Ce chiffre, aussi gla\u00e7ant<br \/>\nqu\u2019inattendu, r\u00e9sonnait particuli\u00e8rement durant le mois de novembre<br \/>\nmarqu\u00e9 par la <strong>campagne du Mois sans Tabac<\/strong>. Alors<br \/>\nque <strong>75 000 d\u00e9c\u00e8s<\/strong> par an sont li\u00e9s au tabac en<br \/>\nFrance, dont <strong>200<\/strong> chaque jour, les femmes semblent<br \/>\nde plus en plus concern\u00e9es.<\/p>\n<p>Si le <a href=\"https:\/\/www.melty.fr\/people\/julie-pekin-express-bouleverse-les-nouvelles-ne-sont-pas-bonnes-elle-raconte-la-suite-de-son-combat-contre-le-cancer-du-sein-2282429.html\" target=\"_blank\" rel=\"noopener\"><br \/>\ncancer du sein<\/a> reste le plus fr\u00e9quent chez les femmes, le<br \/>\n<strong>cancer du poumon<\/strong> le d\u00e9passe d\u00e9sormais en termes de<br \/>\nmortalit\u00e9. Et la tendance ne faiblit pas. En 2025, <strong>20<br \/>\n000<\/strong> nouveaux cas ont \u00e9t\u00e9 diagnostiqu\u00e9s chez les femmes,<br \/>\nsoit une hausse de <strong>4,3 %<\/strong> par an. Chez les hommes,<br \/>\nen revanche, le nombre de cas stagne depuis plusieurs ann\u00e9es.<\/p>\n<p>Pourquoi cette explosion des cas chez les femmes ?<\/p>\n<p>Pour le Dr Valinducq, cit\u00e9 dans <a href=\"https:\/\/www.femmeactuelle.fr\/sante\/news-sante\/une-explosion-chez-les-femmes-ce-cancer-progresse-et-il-tue-plus-que-le-cancer-du-sein-2200934\" target=\"_blank\" rel=\"nofollow noopener\">Femme<br \/>\nActuelle<\/a>, la r\u00e9ponse est sans \u00e9quivoque : \u00ab\u00a0Explosion<br \/>\ndes cancers 10, 20, 30, 40 ans apr\u00e8s cette augmentation de la<br \/>\nconsommation de tabac\u00a0\u00bb. L\u2019augmentation massive du tabagisme<br \/>\nf\u00e9minin entre 1970 et 2000 a fini par produire ses effets, visibles<br \/>\naujourd\u2019hui dans les chiffres du cancer.<\/p>\n<p>Mais fumer n\u2019est plus l\u2019unique explication. En effet, le<br \/>\nprofesseur <strong>Paul De Leyn<\/strong>, chirurgien pulmonaire \u00e0<br \/>\nl\u2019UZ Leuven, observe une tendance pr\u00e9occupante mentionn\u00e9 dans une<br \/>\nrevue de <a href=\"https:\/\/www.rtbf.be\/article\/le-cancer-du-poumon-en-hausse-chez-les-femmes-en-baisse-chez-les-hommes-11573153\" target=\"_blank\" rel=\"nofollow noopener\">rtbf actu<\/a> :<br \/>\n\u00ab\u00a0Nous voyons de plus en plus des gens qui n\u2019ont jamais fum\u00e9 de<br \/>\nleur vie qui d\u00e9veloppent quand m\u00eame un cancer des poumons. Il<br \/>\ns\u2019agit d\u00e9sormais de presque un patient sur cinq, et ce sont des de<br \/>\nplus en plus souvent des femmes.\u00a0\u00bb\u00a0Parmi les pistes<br \/>\n\u00e9voqu\u00e9es, la <strong>pollution atmosph\u00e9rique<\/strong> et les<br \/>\n<strong>facteurs hormonaux<\/strong> sont suspect\u00e9s, m\u00eame si aucune<br \/>\npreuve formelle ne permet aujourd\u2019hui de trancher.<\/p>\n<p>Autre constat gla\u00e7ant : les femmes seraient plus vuln\u00e9rables que<br \/>\nles hommes face aux effets du tabac. Le <strong>Dr Bertrand<br \/>\nMennecier<\/strong>, du CHRU de Strasbourg, pr\u00e9cisait que les femmes<br \/>\n\u00ab\u00a0d\u00e9clarent \u00e0 tabagisme \u00e9gal un cancer du poumon plus t\u00f4t que<br \/>\nles hommes ou au m\u00eame \u00e2ge que les hommes mais avec un niveau de<br \/>\ntabagisme inf\u00e9rieur\u00a0\u00bb. Il ajoute : \u00ab\u00a0Les femmes semblent en<br \/>\noutre pr\u00e9senter une susceptibilit\u00e9 sup\u00e9rieure aux carcinog\u00e8nes et<br \/>\naux substances non carcinog\u00e8nes du tabac.\u00a0\u00bb<\/p>\n<p>Vers un d\u00e9pistage g\u00e9n\u00e9ralis\u00e9 d\u2019ici 2030<br \/>\n?<\/p>\n<p>Aujourd\u2019hui, aucun d\u00e9pistage organis\u00e9 n\u2019existe pour le <a href=\"https:\/\/www.melty.fr\/people\/pascal-bataille-atteint-dun-cancer-il-donne-de-ses-nouvelles-on-ma-enleve-le-lobe-inferieur-du-poumon-2210617.html\" target=\"_blank\" rel=\"noopener\"><br \/>\ncancer du poumon, dont souffre Pascal Bataille<\/a>,\u00a0<br \/>\ncontrairement au sein ou au c\u00f4lon. Mais cela pourrait bient\u00f4t<br \/>\nchanger. L\u2019Institut national du cancer (<strong>INCa<\/strong>) a<br \/>\nlanc\u00e9 en janvier un programme exp\u00e9rimental baptis\u00e9<br \/>\n<strong>IMPULSION<\/strong>. Objectif : proposer un d\u00e9pistage<br \/>\npr\u00e9coce \u00e0 20 000 volontaires \u00e2g\u00e9s de 50 \u00e0 74 ans, tous fumeurs ou<br \/>\nex-fumeurs. Ces derniers \u00ab\u00a0sont des fumeurs et ex-fumeurs,<br \/>\nsevr\u00e9s depuis moins de 15 ans, avec, par exemple, une consommation<br \/>\ntabagique cumul\u00e9e d\u2019au moins 20 paquets ann\u00e9e\u00a0\u00bb.<\/p>\n<p>Ces participants b\u00e9n\u00e9ficieront de <strong>scanners thoraciques \u00e0<br \/>\nfaible dose<\/strong>, espac\u00e9s d\u2019un an puis tous les deux ans. En<br \/>\nparall\u00e8le, un accompagnement au sevrage tabagique est pr\u00e9vu. Selon<br \/>\nles projections, cette approche combin\u00e9e pourrait r\u00e9duire de<br \/>\n<strong>38 %<\/strong> le risque de d\u00e9c\u00e8s.<\/p>\n<p>Et pour celles et ceux qui veulent arr\u00eater de fumer, plusieurs<br \/>\noptions sont disponibles. Le Dr Valinducq insiste : \u00ab\u00a0Je vous<br \/>\ninvite \u00e0 en parler \u00e0 votre m\u00e9decin, tabacologue, addictologue,<br \/>\npsychologue\u2026 C\u2019est vraiment avec une \u00e9quipe qui va vous accompagner<br \/>\npour arr\u00eater.\u00a0\u00bb Les substituts nicotiniques peuvent \u00eatre<br \/>\nprescrits par divers professionnels de sant\u00e9 et sont pris en charge<br \/>\npar l\u2019Assurance maladie.<\/p>\n<p>Malgr\u00e9 une baisse encourageante du tabagisme observ\u00e9e en 2024,<br \/>\nSant\u00e9 publique France alerte : \u00ab\u00a0Le fardeau du tabac reste<br \/>\nlourd\u00a0\u00bb. Il demeure \u00ab\u00a0la premi\u00e8re cause de mortalit\u00e9 \u00e9vitable en<br \/>\nFrance.\u00a0\u00bb<\/p>\n","protected":false},"excerpt":{"rendered":"\u00ab\u00a0Le cancer du poumon est le plus meurtrier chez la femme devant le cancer du sein\u00a0\u00bb, alerte le&hellip;\n","protected":false},"author":2,"featured_media":613946,"comment_status":"","ping_status":"","sticky":false,"template":"","format":"standard","meta":{"footnotes":""},"categories":[10],"tags":[1011,27,72,71,65861],"class_list":{"0":"post-613945","1":"post","2":"type-post","3":"status-publish","4":"format-standard","5":"has-post-thumbnail","7":"category-sante","8":"tag-fr","9":"tag-france","10":"tag-health","11":"tag-sante","12":"tag-trend"},"share_on_mastodon":{"url":"https:\/\/pubeurope.com\/@fr\/115758103523806313","error":""},"_links":{"self":[{"href":"https:\/\/www.europesays.com\/fr\/wp-json\/wp\/v2\/posts\/613945","targetHints":{"allow":["GET"]}}],"collection":[{"href":"https:\/\/www.europesays.com\/fr\/wp-json\/wp\/v2\/posts"}],"about":[{"href":"https:\/\/www.europesays.com\/fr\/wp-json\/wp\/v2\/types\/post"}],"author":[{"embeddable":true,"href":"https:\/\/www.europesays.com\/fr\/wp-json\/wp\/v2\/users\/2"}],"replies":[{"embeddable":true,"href":"https:\/\/www.europesays.com\/fr\/wp-json\/wp\/v2\/comments?post=613945"}],"version-history":[{"count":0,"href":"https:\/\/www.europesays.com\/fr\/wp-json\/wp\/v2\/posts\/613945\/revisions"}],"wp:featuredmedia":[{"embeddable":true,"href":"https:\/\/www.europesays.com\/fr\/wp-json\/wp\/v2\/media\/613946"}],"wp:attachment":[{"href":"https:\/\/www.europesays.com\/fr\/wp-json\/wp\/v2\/media?parent=613945"}],"wp:term":[{"taxonomy":"category","embeddable":true,"href":"https:\/\/www.europesays.com\/fr\/wp-json\/wp\/v2\/categories?post=613945"},{"taxonomy":"post_tag","embeddable":true,"href":"https:\/\/www.europesays.com\/fr\/wp-json\/wp\/v2\/tags?post=613945"}],"curies":[{"name":"wp","href":"https:\/\/api.w.org\/{rel}","templated":true}]}}