{"id":613955,"date":"2025-12-21T14:51:19","date_gmt":"2025-12-21T14:51:19","guid":{"rendered":"https:\/\/www.europesays.com\/fr\/613955\/"},"modified":"2025-12-21T14:51:19","modified_gmt":"2025-12-21T14:51:19","slug":"le-cabinet-de-securite-approuve-la-creation-de-19-colonies-en-cisjordanie","status":"publish","type":"post","link":"https:\/\/www.europesays.com\/fr\/613955\/","title":{"rendered":"le cabinet de s\u00e9curit\u00e9 approuve la cr\u00e9ation de 19 colonies en Cisjordanie"},"content":{"rendered":"<p>                      <img loading=\"lazy\" decoding=\"async\" src=\"https:\/\/www.europesays.com\/fr\/wp-content\/uploads\/2025\/12\/b0f7d37_1687183217688-530369.jpg\" alt=\"La colonie isra\u00e9lienne de Maal\u00e9 Adoumim, en Cisjordanie, le 18\u00a0juin 2023.\"   width=\"664\" height=\"443\"\/>    La colonie isra\u00e9lienne de Maal\u00e9 Adoumim, en Cisjordanie, le 18\u00a0juin 2023.  MAHMOUD ILLEAN \/ AP                          <\/p>\n<p class=\"article__paragraph  \">Les autorit\u00e9s isra\u00e9liennes ont approuv\u00e9 l\u2019installation de 19 colonies en Cisjordanie, portant \u00e0 69 le nombre total de colonies ayant obtenu un feu vert ces trois derni\u00e8res ann\u00e9es, selon un communiqu\u00e9 officiel publi\u00e9 dimanche 21\u00a0d\u00e9cembre.<\/p>\n<p>                                            Lire aussi |  Article r\u00e9serv\u00e9 \u00e0 nos abonn\u00e9s  <a href=\"https:\/\/www.lemonde.fr\/international\/article\/2025\/12\/10\/israel-impose-un-regime-de-terreur-en-cisjordanie_6656784_3210.html\" class=\"js-article-read-also catcher--favoris__link\" data-premium=\"1\" id=\"article-title-3449560\" target=\"_blank\" rel=\"noopener\">Les m\u00e9thodes d\u2019Isra\u00ebl pour imposer un r\u00e9gime de terreur in\u00e9dit en Cisjordanie<\/a>    <\/p>\n<p>   Lire plus tard  <\/p>\n<p class=\"article__paragraph  \">\u00ab\u00a0La proposition du ministre des finances, Bezalel Smotrich, et du ministre de la d\u00e9fense, Isra\u00ebl Katz, de d\u00e9clarer et formaliser 19 nouvelles colonies en Jud\u00e9e et Samarie [la Cisjordanie, occup\u00e9e par Isra\u00ebl depuis 1967] a \u00e9t\u00e9 approuv\u00e9e par le cabinet\u00a0\u00bb de s\u00e9curit\u00e9 du gouvernement, ont annonc\u00e9 les services de M. Smotrich. Ce dernier est\u00a0lui-m\u00eame colon et partisan d\u2019une annexion de ce territoire occup\u00e9 par Isra\u00ebl depuis 1967.<\/p>\n<p class=\"article__paragraph  \">Ces 19 colonies se trouvent dans des zones \u00ab\u00a0hautement strat\u00e9giques\u00a0\u00bb, ont pr\u00e9cis\u00e9 les services du ministre. Cinq d\u2019entre elles sont des avant-postes qui existent d\u00e9j\u00e0 depuis plusieurs ann\u00e9es, c\u2019est-\u00e0-dire des colonies d\u00e9j\u00e0 implant\u00e9es en territoire palestinien, sans avoir obtenu les autorisations n\u00e9cessaires des autorit\u00e9s isra\u00e9liennes. Et deux de ces 19\u00a0colonies, Ganim et Kadim, dans le nord de la Cisjordanie, seront r\u00e9install\u00e9es \u2013 elles avaient \u00e9t\u00e9 d\u00e9mantel\u00e9es il y a deux d\u00e9cennies.<\/p>\n<p class=\"article__paragraph  \">\u00ab\u00a0Sur le terrain, nous bloquons l\u2019\u00e9tablissement d\u2019un Etat palestinien terroriste. Nous continuerons \u00e0 d\u00e9velopper, construire et \u00e0 nous implanter sur la terre de notre patrimoine ancestral\u00a0\u00bb, ont-ils ajout\u00e9. Vendredi, un rapport du secr\u00e9taire g\u00e9n\u00e9ral de l\u2019Organisation des Nations unies (ONU) rapportait que<a href=\"https:\/\/www.lemonde.fr\/international\/article\/2025\/12\/12\/en-cisjordanie-la-croissance-des-colonies-israelienne-atteint-son-niveau-le-plus-haut-depuis-2017-affirme-l-onu_6657110_3210.html\" target=\"_blank\" rel=\"noopener\"> la croissance des colonies isra\u00e9liennes en Cisjordanie avait atteint en\u00a02025 un niveau record <\/a>depuis le d\u00e9but du suivi de l\u2019ONU en\u00a02017.<\/p>\n<p>                    Une acc\u00e9l\u00e9ration de la colonisation apr\u00e8s le 7-Octobre                    <\/p>\n<p class=\"article__paragraph  \">Si la colonisation s\u2019est poursuivie sous tous les gouvernements isra\u00e9liens, de gauche comme de droite depuis 1967, elle s\u2019est nettement intensifi\u00e9e sous l\u2019ex\u00e9cutif actuel, en particulier depuis le d\u00e9but de la guerre \u00e0 Gaza d\u00e9clench\u00e9e le 7\u00a0octobre\u00a02023 par l\u2019attaque terroriste du mouvement islamiste palestinien Hamas en Isra\u00ebl.<\/p>\n<p class=\"article__paragraph  \">Dans le rapport de l\u2019ONU, son secr\u00e9taire g\u00e9n\u00e9ral, Antonio Guterres, avait \u00ab\u00a0condamn\u00e9 l\u2019expansion implacable de la colonisation isra\u00e9lienne en Cisjordanie occup\u00e9e, y compris J\u00e9rusalem-Est, qui continue \u00e0 alimenter les tensions, emp\u00eacher l\u2019acc\u00e8s des Palestiniens \u00e0 leur terre et menace la viabilit\u00e9 d\u2019un Etat palestinien totalement ind\u00e9pendant, d\u00e9mocratique, continu et souverain\u00a0\u00bb.<\/p>\n<p class=\"article__paragraph  \">L\u2019avanc\u00e9e de la colonisation s\u2019accompagne en outre d\u2019une augmentation \u00ab\u00a0alarmante\u00a0\u00bb des violences des colons, d\u00e9nonce-t-il dans le document, \u00e9voquant des attaques parfois \u00ab\u00a0en pr\u00e9sence ou avec le soutien des forces de s\u00e9curit\u00e9 isra\u00e9liennes\u00a0\u00bb.<\/p>\n<p class=\"author__detail\">  Le Monde avec AFP  <\/p>\n<p>                <a href=\"https:\/\/www.lemonde.fr\/syndication\/\" class=\"reuse__content\" title=\"R\u00e9utiliser ce contenu\" target=\"_blank\" rel=\"noopener\">R\u00e9utiliser ce contenu<\/a>      <\/p>\n","protected":false},"excerpt":{"rendered":"La colonie isra\u00e9lienne de Maal\u00e9 Adoumim, en Cisjordanie, le 18\u00a0juin 2023. MAHMOUD ILLEAN \/ AP Les autorit\u00e9s isra\u00e9liennes&hellip;\n","protected":false},"author":2,"featured_media":613956,"comment_status":"","ping_status":"","sticky":false,"template":"","format":"standard","meta":{"footnotes":""},"categories":[5],"tags":[11,1011,27,14,12,28],"class_list":{"0":"post-613955","1":"post","2":"type-post","3":"status-publish","4":"format-standard","5":"has-post-thumbnail","7":"category-international","8":"tag-actualites","9":"tag-fr","10":"tag-france","11":"tag-international","12":"tag-news","13":"tag-world"},"share_on_mastodon":{"url":"https:\/\/pubeurope.com\/@fr\/115758124232053305","error":""},"_links":{"self":[{"href":"https:\/\/www.europesays.com\/fr\/wp-json\/wp\/v2\/posts\/613955","targetHints":{"allow":["GET"]}}],"collection":[{"href":"https:\/\/www.europesays.com\/fr\/wp-json\/wp\/v2\/posts"}],"about":[{"href":"https:\/\/www.europesays.com\/fr\/wp-json\/wp\/v2\/types\/post"}],"author":[{"embeddable":true,"href":"https:\/\/www.europesays.com\/fr\/wp-json\/wp\/v2\/users\/2"}],"replies":[{"embeddable":true,"href":"https:\/\/www.europesays.com\/fr\/wp-json\/wp\/v2\/comments?post=613955"}],"version-history":[{"count":0,"href":"https:\/\/www.europesays.com\/fr\/wp-json\/wp\/v2\/posts\/613955\/revisions"}],"wp:featuredmedia":[{"embeddable":true,"href":"https:\/\/www.europesays.com\/fr\/wp-json\/wp\/v2\/media\/613956"}],"wp:attachment":[{"href":"https:\/\/www.europesays.com\/fr\/wp-json\/wp\/v2\/media?parent=613955"}],"wp:term":[{"taxonomy":"category","embeddable":true,"href":"https:\/\/www.europesays.com\/fr\/wp-json\/wp\/v2\/categories?post=613955"},{"taxonomy":"post_tag","embeddable":true,"href":"https:\/\/www.europesays.com\/fr\/wp-json\/wp\/v2\/tags?post=613955"}],"curies":[{"name":"wp","href":"https:\/\/api.w.org\/{rel}","templated":true}]}}