{"id":613964,"date":"2025-12-21T14:58:57","date_gmt":"2025-12-21T14:58:57","guid":{"rendered":"https:\/\/www.europesays.com\/fr\/613964\/"},"modified":"2025-12-21T14:58:57","modified_gmt":"2025-12-21T14:58:57","slug":"devant-nancy-necrologie-deces-de-nadia-humbert","status":"publish","type":"post","link":"https:\/\/www.europesays.com\/fr\/613964\/","title":{"rendered":"devant-Nancy | N\u00e9crologie. D\u00e9c\u00e8s de Nadia Humbert"},"content":{"rendered":"<p>Nadia Humbert s\u2019est \u00e9teinte le 19\u00a0d\u00e9cembre, \u00e0 l\u2019\u00e2ge de 65 ans, apr\u00e8s un combat men\u00e9 avec courage et dignit\u00e9 contre la maladie. Elle rejoint son p\u00e8re Claude et son fr\u00e8re Patrice. Elle laisse derri\u00e8re elle le souvenir d\u2019une femme profond\u00e9ment bienveillante, lumineuse et g\u00e9n\u00e9reuse.<\/p>\n<p>N\u00e9e le 27\u00a0juin 1960 \u00e0 Lun\u00e9ville, de l\u2019union de Claude et Simone Humbert, elle est l\u2019a\u00een\u00e9e d\u2019une fratrie de quatre enfants. Tr\u00e8s t\u00f4t, elle se distingue par son sens des responsabilit\u00e9s, son \u00e9coute attentive et sa capacit\u00e9 \u00e0 f\u00e9d\u00e9rer. Des qualit\u00e9s qu\u2019elle ne cesse de mettre au service des autres tout au long de sa vie.<\/p>\n<p>Professionnellement, Nadia accomplit une carri\u00e8re exemplaire au sein de la Caisse d\u2019allocations familiales. Entr\u00e9e \u00e0 la CAF de Nancy, mut\u00e9e \u00e0 \u00c9pinal, elle gravit les \u00e9chelons avec rigueur et humanit\u00e9, jusqu\u2019\u00e0 occuper les fonctions de sous-directrice. Appr\u00e9ci\u00e9e de ses collaborateurs, Nadia Humbert incarne un management fond\u00e9 sur la confiance, le respect et la bienveillance.<\/p>\n<p>Mais c\u2019est avant tout dans sa vie personnelle qu\u2019elle rayonne le plus. M\u00e8re aimante et profond\u00e9ment attach\u00e9e \u00e0 sa fille unique M\u00e9lissa, elle trouve son plus grand bonheur aupr\u00e8s de ses petits-enfants, Victor, Cl\u00e9a et L\u00e9onie, qu\u2019elle ch\u00e9rit avec une infinie tendresse.<\/p>\n<p>V\u00e9ritable pilier familial, Nadia est ce lien discret mais essentiel, ce rep\u00e8re rassurant autour duquel chacun trouve \u00e9coute et soutien. Une fois sa carri\u00e8re achev\u00e9e, Nadia s\u2019investit dans la vie associative, notamment, au sein de la MJC de Laneuveville, poursuivant son engagement au service des autres.<\/p>\n<p>Son sourire, sa douceur et son attention aux autres resteront grav\u00e9s dans les m\u00e9moires de tous ceux qui ont crois\u00e9 son chemin. Nos condol\u00e9ances.<\/p>\n","protected":false},"excerpt":{"rendered":"Nadia Humbert s\u2019est \u00e9teinte le 19\u00a0d\u00e9cembre, \u00e0 l\u2019\u00e2ge de 65 ans, apr\u00e8s un combat men\u00e9 avec courage et&hellip;\n","protected":false},"author":2,"featured_media":613965,"comment_status":"","ping_status":"","sticky":false,"template":"","format":"standard","meta":{"footnotes":""},"categories":[9635],"tags":[1111,11,9223,1704,1777,674,1011,27,775,18459,9649,1702,1391,12,25,104],"class_list":{"0":"post-613964","1":"post","2":"type-post","3":"status-publish","4":"format-standard","5":"has-post-thumbnail","7":"category-nancy","8":"tag-actu","9":"tag-actualites","10":"tag-carnet-du-jour","11":"tag-edition-nancy-et-agglomeration","12":"tag-eu","13":"tag-europe","14":"tag-fr","15":"tag-france","16":"tag-grand-est","17":"tag-laneuveville-devant-nancy","18":"tag-metropole-du-grand-nancy-54b2","19":"tag-nancy","20":"tag-necrologie","21":"tag-news","22":"tag-republique-francaise","23":"tag-societe"},"share_on_mastodon":{"url":"https:\/\/pubeurope.com\/@fr\/115758154584177101","error":""},"_links":{"self":[{"href":"https:\/\/www.europesays.com\/fr\/wp-json\/wp\/v2\/posts\/613964","targetHints":{"allow":["GET"]}}],"collection":[{"href":"https:\/\/www.europesays.com\/fr\/wp-json\/wp\/v2\/posts"}],"about":[{"href":"https:\/\/www.europesays.com\/fr\/wp-json\/wp\/v2\/types\/post"}],"author":[{"embeddable":true,"href":"https:\/\/www.europesays.com\/fr\/wp-json\/wp\/v2\/users\/2"}],"replies":[{"embeddable":true,"href":"https:\/\/www.europesays.com\/fr\/wp-json\/wp\/v2\/comments?post=613964"}],"version-history":[{"count":0,"href":"https:\/\/www.europesays.com\/fr\/wp-json\/wp\/v2\/posts\/613964\/revisions"}],"wp:featuredmedia":[{"embeddable":true,"href":"https:\/\/www.europesays.com\/fr\/wp-json\/wp\/v2\/media\/613965"}],"wp:attachment":[{"href":"https:\/\/www.europesays.com\/fr\/wp-json\/wp\/v2\/media?parent=613964"}],"wp:term":[{"taxonomy":"category","embeddable":true,"href":"https:\/\/www.europesays.com\/fr\/wp-json\/wp\/v2\/categories?post=613964"},{"taxonomy":"post_tag","embeddable":true,"href":"https:\/\/www.europesays.com\/fr\/wp-json\/wp\/v2\/tags?post=613964"}],"curies":[{"name":"wp","href":"https:\/\/api.w.org\/{rel}","templated":true}]}}