{"id":613972,"date":"2025-12-21T15:04:12","date_gmt":"2025-12-21T15:04:12","guid":{"rendered":"https:\/\/www.europesays.com\/fr\/613972\/"},"modified":"2025-12-21T15:04:12","modified_gmt":"2025-12-21T15:04:12","slug":"berceau-des-lipizzans-cest-dans-le-haras-de-piber-que-sont-eleves-les-chevaux-du-spectacle-equestre-visible-en-fevrier-prochain-a-montpellier","status":"publish","type":"post","link":"https:\/\/www.europesays.com\/fr\/613972\/","title":{"rendered":"Berceau des lipizzans, c\u2019est dans le haras de Piber que sont \u00e9lev\u00e9s les chevaux du spectacle \u00e9questre visible en f\u00e9vrier prochain \u00e0 Montpellier"},"content":{"rendered":"<p>\n                                                                Les 21 et 22\u00a0f\u00e9vrier 2026, l\u2019\u00c9cole d\u2019\u00c9quitation espagnole de Vienne pr\u00e9sentera \u00e0 Montpellier, \u00e0 l\u2019Arena Sud de France, son spectacle \u00e9questre avec les c\u00e9l\u00e8bres chevaux lipizzans. Une venue rare en France, limit\u00e9e \u00e0 Montpellier et Paris. Berceau de ces \u00e9talons, le haras autrichien de Piber, en Styrie, joue un r\u00f4le central\u00a0: c\u2019est l\u00e0 que naissent, sont \u00e9lev\u00e9s et form\u00e9s la majorit\u00e9 des chevaux avant leur carri\u00e8re viennoise.\n                            <\/p>\n<p>C\u2019est un \u00e9v\u00e9nement \u00e0 Montpellier. Les 21 et 22\u00a0f\u00e9vrier 2026, l\u2019\u00c9cole d\u2019\u00c9quitation espagnole de Vienne pr\u00e9sentera \u00e0 l\u2019Arena Sud de France son spectacle \u00e9questre mettant en sc\u00e8ne les c\u00e9l\u00e8bres chevaux lipizzans. Une venue rare\u00a0: en France, seules Montpellier et Paris figurent au programme de la prestigieuse institution autrichienne.<\/p>\n<p class=\"std-elt__inline\">\n        <strong>\u00c0 lire aussi :<\/strong><br \/>\n        <a href=\"https:\/\/www.midilibre.fr\/2025\/12\/21\/a-montpellier-les-lipizzans-de-lecole-dequitation-espagnole-de-vienne-en-representation-exceptionnelle-en-fevrier-2026-13121866.php\" target=\"_blank\" rel=\"noopener\">\u00c0 Montpellier, les lipizzans de l\u2019\u00c9cole d\u2019\u00c9quitation espagnole de Vienne en repr\u00e9sentation exceptionnelle en f\u00e9vrier\u00a02026<\/a>\n    <\/p>\n<p>Berceau des \u00e9talons lipizzans<\/p>\n<p>Fond\u00e9e au XVI\u1d49 si\u00e8cle (premi\u00e8re mention en septembre\u00a01565), l\u2019\u00c9cole viennoise incarne plusieurs si\u00e8cles de tradition \u00e9questre. En 2015, elle a \u00e9t\u00e9 inscrite au patrimoine culturel immat\u00e9riel de l\u2019UNESCO, consacrant un savoir-faire unique au monde. Nous avons \u00e9t\u00e9 invit\u00e9s \u00e0 d\u00e9couvrir les \u00e9curies de Vienne, mais aussi le haras de Piber, berceau des \u00e9talons lipizzans qui se produisent sur la piste. Tous naissent et sont \u00e9lev\u00e9s en Styrie avant de rejoindre Vienne, puis d\u2019y revenir pour leur retraite.<\/p>\n<p>\u00c0 200 kilom\u00e8tres au sud-ouest de Vienne, le domaine de Piber, vaste de 550 hectares, semble hors du temps. Cr\u00e9\u00e9es en 1798, \u00e0 l\u2019\u00e9poque du Saint Empire romain germanique \u2013 ce qui ne rajeunit personne \u2013, les \u00e9curies avaient \u00e0 l\u2019origine une vocation militaire. Ce n\u2019est qu\u2019en 1920 que le site devient officiellement le haras de l\u2019\u00c9cole d\u2019\u00c9quitation espagnole. Aujourd\u2019hui, sur les 400 chevaux g\u00e9r\u00e9s par la structure, r\u00e9partis entre Piber, Vienne et Heldenberg, pr\u00e8s de 300 r\u00e9sident sur le site styrien.\u00a0Outre les installations principales \u2013 avec les \u00e9curies, les man\u00e8ges, la petite chapelle, la salle d\u2019exposition \u2013 le haras comprend quatre propri\u00e9t\u00e9s ext\u00e9rieures et des p\u00e2turages alpins.<\/p>\n<p>Les meilleurs soins<\/p>\n<p>Ce qui frappe \u00e0 Piber, c\u2019est le soin port\u00e9 aux animaux et la relation \u00e9troite entre les \u00e9quipes \u2013 du directeur Erwin Movia aux palefreniers \u2013 et ces chevaux d\u2019une rare \u00e9l\u00e9gance. Les lipizzans, \u00e0 quelques rares exceptions, abordent une robe exclusivement grise (presque blanche), l\u00e2chant avec l\u2019\u00e2ge leur robe bai ou noir.\u00a0Les \u00e9curies, impeccables, t\u00e9moignent d\u2019une attention de chaque instant\u00a0: une quarantaine de personnes veillent quotidiennement sur les chevaux, \u00e9paul\u00e9es par huit cavaliers charg\u00e9s de pr\u00e9parer les futurs artistes.<\/p>\n<p>De futurs stars<\/p>\n<p>La mission du haras est double\u00a0: assurer la reproduction et former les \u00e9talons. \u00c0 partir de\u00a03 ans, les jeunes \u00e9talons (ils sont actuellement une cinquantaine) entament leur \u00e9ducation pour\u00a0filer ensuite \u00e0 Vienne o\u00f9 ils int\u00e9greront le spectacle \u00e0 l\u2019\u00e2ge de 7 ou 10 ans. Parmi les 118 juments, environ un tiers donne naissance chaque ann\u00e9e \u00e0 des poulains, perp\u00e9tuant une tradition s\u00e9culaire.<\/p>\n<p>Sp\u00e9ctacle de l\u2019\u00c9cole d\u2019\u00c9quitation espagnole de Vienne. 21 et 22\u00a0f\u00e9vrier 2026. Arena Sud de France, route de la foire, P\u00e9rols. Tarif\u00a0: \u00e0 partir de 62\u00a0\u20ac. <a href=\"https:\/\/www.aegpresents.fr\/event\/eeev\/\" target=\"_blank\" rel=\"noopener\">Billetterie<\/a><\/p>\n<p>    Le Lipizzan, c\u2019est quoi\u00a0?<\/p>\n<p>Le Lipizzan est l\u2019une des races de chevaux les plus anciennes\u00a0d\u2019Europe. Il est \u00e9troitement associ\u00e9 \u00e0 la monarchie des Habsbourg et \u00e0 l\u2019\u00c9cole d\u2019\u00c9quitation espagnole de Vienne, incarnant l\u2019excellence du dressage classique de haute \u00e9cole. Les Habsbourg ont cherch\u00e9 \u00e0 cr\u00e9er un cheval \u00e9l\u00e9gant, puissant et docile, capable de r\u00e9pondre aux exigences du dressage acad\u00e9mique et de la cour. Ils ont mis\u00e9 sur un cheval\u00a0originaire de la r\u00e9gion de Lipica (actuelle Slov\u00e9nie), r\u00e9sultant de croisements entre diff\u00e9rents\u00a0chevaux. Le passage du pelage sombre (bai\/noir) au blanc est visible d\u00e8s le plus jeune \u00e2ge par l\u2019apparition de premiers poils clairs.<\/p>\n","protected":false},"excerpt":{"rendered":"Les 21 et 22\u00a0f\u00e9vrier 2026, l\u2019\u00c9cole d\u2019\u00c9quitation espagnole de Vienne pr\u00e9sentera \u00e0 Montpellier, \u00e0 l\u2019Arena Sud de France,&hellip;\n","protected":false},"author":2,"featured_media":613973,"comment_status":"","ping_status":"","sticky":false,"template":"","format":"standard","meta":{"footnotes":""},"categories":[9599],"tags":[1111,11,872,1777,674,1011,27,7089,2208,12,2680,25],"class_list":{"0":"post-613972","1":"post","2":"type-post","3":"status-publish","4":"format-standard","5":"has-post-thumbnail","7":"category-montpellier","8":"tag-actu","9":"tag-actualites","10":"tag-culture-et-loisirs","11":"tag-eu","12":"tag-europe","13":"tag-fr","14":"tag-france","15":"tag-herault","16":"tag-montpellier","17":"tag-news","18":"tag-occitanie","19":"tag-republique-francaise"},"share_on_mastodon":{"url":"https:\/\/pubeurope.com\/@fr\/115758174283721695","error":""},"_links":{"self":[{"href":"https:\/\/www.europesays.com\/fr\/wp-json\/wp\/v2\/posts\/613972","targetHints":{"allow":["GET"]}}],"collection":[{"href":"https:\/\/www.europesays.com\/fr\/wp-json\/wp\/v2\/posts"}],"about":[{"href":"https:\/\/www.europesays.com\/fr\/wp-json\/wp\/v2\/types\/post"}],"author":[{"embeddable":true,"href":"https:\/\/www.europesays.com\/fr\/wp-json\/wp\/v2\/users\/2"}],"replies":[{"embeddable":true,"href":"https:\/\/www.europesays.com\/fr\/wp-json\/wp\/v2\/comments?post=613972"}],"version-history":[{"count":0,"href":"https:\/\/www.europesays.com\/fr\/wp-json\/wp\/v2\/posts\/613972\/revisions"}],"wp:featuredmedia":[{"embeddable":true,"href":"https:\/\/www.europesays.com\/fr\/wp-json\/wp\/v2\/media\/613973"}],"wp:attachment":[{"href":"https:\/\/www.europesays.com\/fr\/wp-json\/wp\/v2\/media?parent=613972"}],"wp:term":[{"taxonomy":"category","embeddable":true,"href":"https:\/\/www.europesays.com\/fr\/wp-json\/wp\/v2\/categories?post=613972"},{"taxonomy":"post_tag","embeddable":true,"href":"https:\/\/www.europesays.com\/fr\/wp-json\/wp\/v2\/tags?post=613972"}],"curies":[{"name":"wp","href":"https:\/\/api.w.org\/{rel}","templated":true}]}}