{"id":613980,"date":"2025-12-21T15:10:13","date_gmt":"2025-12-21T15:10:13","guid":{"rendered":"https:\/\/www.europesays.com\/fr\/613980\/"},"modified":"2025-12-21T15:10:13","modified_gmt":"2025-12-21T15:10:13","slug":"linformation-etait-erronee-angers-info","status":"publish","type":"post","link":"https:\/\/www.europesays.com\/fr\/613980\/","title":{"rendered":"l\u2019information \u00e9tait erron\u00e9e \u2013 Angers Info"},"content":{"rendered":"<p><img fetchpriority=\"high\" decoding=\"async\" width=\"1024\" height=\"683\" src=\"https:\/\/www.europesays.com\/fr\/wp-content\/uploads\/2025\/12\/hamburger-g8b9a84825_1920-1024x683.jpg\" alt=\"\" class=\"wp-image-103979\"  \/>DR : L\u2019ouverture annonc\u00e9e d\u2019un restaurant Burgouzz au Mans a \u00e9t\u00e9 d\u00e9mentie par Valouzz, l\u2019information provenant d\u2019un faux compte TikTok usurpant l\u2019identit\u00e9 de son enseigne<\/p>\n<p><strong>Contrairement \u00e0 ce qui avait \u00e9t\u00e9 annonc\u00e9 ces derniers jours, aucun restaurant Burgouzz n\u2019ouvrira au Mans le mercredi 7 janvier 2026. L\u2019information, relay\u00e9e initialement par ICI Maine, a \u00e9t\u00e9 infirm\u00e9e par l\u2019influenceur Valouzz lui-m\u00eame sur ses r\u00e9seaux sociaux.<\/strong><\/p>\n<p><strong>Une rumeur partie d\u2019un faux compte TikTok<\/strong><\/p>\n<p>\u00c0 l\u2019origine de cette annonce, un faux compte TikTok se faisant passer pour la cha\u00eene de restauration Burgouzz. Ce compte a diffus\u00e9 une information erron\u00e9e sur une pr\u00e9tendue implantation de l\u2019enseigne dans la Sarthe. Valouzz a rapidement d\u00e9menti cette rumeur, confirmant qu\u2019aucun projet d\u2019ouverture n\u2019\u00e9tait pr\u00e9vu au Mans.<br \/>Avant la publication de l\u2019article initial, le cr\u00e9ateur de contenus avait \u00e9t\u00e9 contact\u00e9 par ICI Maine, sans toutefois r\u00e9pondre \u00e0 ce moment-l\u00e0.<\/p>\n<p><strong>Burgouzz, une enseigne d\u00e9j\u00e0 implant\u00e9e ailleurs<\/strong><\/p>\n<p>\u00c2g\u00e9 de 33 ans, Valouzz rassemble plus de trois millions d\u2019abonn\u00e9s sur YouTube, o\u00f9 il s\u2019est fait conna\u00eetre gr\u00e2ce \u00e0 ses vid\u00e9os de d\u00e9gustation. Il a lanc\u00e9 sa cha\u00eene de restaurants Burgouzz avec une premi\u00e8re ouverture \u00e0 Rennes en 2023.<br \/>Le youtubeur s\u2019est \u00e9galement illustr\u00e9 en dehors de la restauration, notamment en participant \u00e0 la premi\u00e8re \u00e9dition du GP Explorer, la course de Formule 4 organis\u00e9e sur le circuit des 24 Heures du Mans.<\/p>\n","protected":false},"excerpt":{"rendered":"DR : L\u2019ouverture annonc\u00e9e d\u2019un restaurant Burgouzz au Mans a \u00e9t\u00e9 d\u00e9mentie par Valouzz, l\u2019information provenant d\u2019un faux&hellip;\n","protected":false},"author":2,"featured_media":613981,"comment_status":"","ping_status":"","sticky":false,"template":"","format":"standard","meta":{"footnotes":""},"categories":[2821],"tags":[1111,11,829,72473,1777,674,842,1011,27,2191,12,584,25,25849,72474],"class_list":{"0":"post-613980","1":"post","2":"type-post","3":"status-publish","4":"format-standard","5":"has-post-thumbnail","7":"category-rennes","8":"tag-actu","9":"tag-actualites","10":"tag-bretagne","11":"tag-burgouzz","12":"tag-eu","13":"tag-europe","14":"tag-fake-news","15":"tag-fr","16":"tag-france","17":"tag-le-mans","18":"tag-news","19":"tag-rennes","20":"tag-republique-francaise","21":"tag-sarthe","22":"tag-valouzz"},"share_on_mastodon":{"url":"https:\/\/pubeurope.com\/@fr\/115758199035682516","error":""},"_links":{"self":[{"href":"https:\/\/www.europesays.com\/fr\/wp-json\/wp\/v2\/posts\/613980","targetHints":{"allow":["GET"]}}],"collection":[{"href":"https:\/\/www.europesays.com\/fr\/wp-json\/wp\/v2\/posts"}],"about":[{"href":"https:\/\/www.europesays.com\/fr\/wp-json\/wp\/v2\/types\/post"}],"author":[{"embeddable":true,"href":"https:\/\/www.europesays.com\/fr\/wp-json\/wp\/v2\/users\/2"}],"replies":[{"embeddable":true,"href":"https:\/\/www.europesays.com\/fr\/wp-json\/wp\/v2\/comments?post=613980"}],"version-history":[{"count":0,"href":"https:\/\/www.europesays.com\/fr\/wp-json\/wp\/v2\/posts\/613980\/revisions"}],"wp:featuredmedia":[{"embeddable":true,"href":"https:\/\/www.europesays.com\/fr\/wp-json\/wp\/v2\/media\/613981"}],"wp:attachment":[{"href":"https:\/\/www.europesays.com\/fr\/wp-json\/wp\/v2\/media?parent=613980"}],"wp:term":[{"taxonomy":"category","embeddable":true,"href":"https:\/\/www.europesays.com\/fr\/wp-json\/wp\/v2\/categories?post=613980"},{"taxonomy":"post_tag","embeddable":true,"href":"https:\/\/www.europesays.com\/fr\/wp-json\/wp\/v2\/tags?post=613980"}],"curies":[{"name":"wp","href":"https:\/\/api.w.org\/{rel}","templated":true}]}}