{"id":613988,"date":"2025-12-21T15:14:11","date_gmt":"2025-12-21T15:14:11","guid":{"rendered":"https:\/\/www.europesays.com\/fr\/613988\/"},"modified":"2025-12-21T15:14:11","modified_gmt":"2025-12-21T15:14:11","slug":"catherine-ringer-arthur-h-le-groupe-americain-terror-ou-le-jazzman-kenny-garrett-a-nice-le-stockfish-voit-grand-pour-2026","status":"publish","type":"post","link":"https:\/\/www.europesays.com\/fr\/613988\/","title":{"rendered":"Catherine Ringer, Arthur H, le groupe am\u00e9ricain Terror ou le jazzman Kenny Garrett&#8230; A Nice, le Stockfish voit grand pour 2026"},"content":{"rendered":"<p class=\"fs-5 \">Ce samedi soir, le Stockfish affichait complet pour sa derni\u00e8re date de l\u2019ann\u00e9e, le show survitamin\u00e9 de Vladimir Cauchemar. Et avant de refermer ses portes, la salle du quartier Saint-Jean d\u2019Ang\u00e9ly, \u00e0 Nice, a pr\u00e9sent\u00e9 un programme particuli\u00e8rement costaud pour sa deuxi\u00e8me moiti\u00e9 de saison. Depuis son ouverture, en 2022, le lieu a souvent vu grand. Cette fois, il semble avoir tap\u00e9 encore plus fort, dans le prolongement d\u2019une ann\u00e9e 2025 marqu\u00e9e par 154 \u00e9v\u00e9nements, ayant rassembl\u00e9 45 000 spectateurs.<\/p>\n<p class=\"fs-5 \">Toujours centr\u00e9e autour de la musique, l\u2019affiche du Stockfish continuera de s\u2019aventurer sur le terrain de l\u2019humour, tout en proposant des soir\u00e9es th\u00e9matiques, ainsi que des activit\u00e9s pour les enfants et les seniors (lire par ailleurs).<\/p>\n<p>                                                                                Arthur H, Oxmo Puccino, Catherine Ringer, la cr\u00e8me de la sc\u00e8ne fran\u00e7aise<\/p>\n<p class=\"fs-5 \">En 2026, le pont entre les g\u00e9n\u00e9rations se fera aussi par le son. D\u2019abord orient\u00e9 vers un public \u00e9tudiant ou naviguant entre la trentaine et la quarantaine, le Stockfish devrait rassembler plus largement encore. Notamment avec trois dates mettant en lumi\u00e8re des pointures de la sc\u00e8ne fran\u00e7aise comme <strong>Arthur H<\/strong>, accompagn\u00e9 de <strong>Pierre Lebourgeois<\/strong> (le 12 f\u00e9vrier). Embarqu\u00e9s dans leur tourn\u00e9e Autour du soleil, les deux hommes balanceront entre acoustique et exp\u00e9rimentations \u00e9lectroniques.<\/p>\n<p class=\"fs-5 \">Le 18 mars, on retrouvera <strong>Oxmo Puccino<\/strong>, plume de haut vol ayant d\u00e9bord\u00e9 depuis longtemps du cadre purement rap, de retour avec La nuit du r\u00e9veil, pr\u00e9sent\u00e9 comme son dernier album.<\/p>\n<p class=\"fs-5 \">Le 25 avril, rendez-vous avec une grande dame nomm\u00e9e <strong>Catherine Ringer<\/strong>. La voix \u00e9ternelle des Rita Mitsouko viendra avec son fils, Raoul Chichin, qui interpr\u00e9tera les paroles de son p\u00e8re Fred, disparu en 2007.<\/p>\n<p>                                                                                Claptone, Boris Way, Tchami, Petit Biscuit\u2026 L\u2019\u00e9lectro sur un plateau<\/p>\n<p class=\"fs-5 \">Fid\u00e8le \u00e0 sa dimension festive, le Stockfish fera \u00e0 nouveau la part belle aux DJs et producteurs. Premier \u00e0 ouvrir le bal : <strong>Joris Delacroix,<\/strong> discret mais pr\u00e9cieux artiste pr\u00e9sent dans le circuit depuis 20 ans, attendu le 10 janvier.<\/p>\n<p class=\"fs-5 \">Le 24 janvier, il devrait y avoir foule devant les platines de <strong>Petit Biscuit,<\/strong> un homme qui a d\u00e9pass\u00e9 les 4 milliards de streams, port\u00e9 par son plus grand hit, Sunset Lover. Une occasion pour lui de d\u00e9voiler d\u2019autres facettes de son talent.<\/p>\n<p class=\"fs-5 \">\u00c0 suivre le 7 f\u00e9vrier, <strong>Claptone<\/strong>, l\u2019Allemand au masque d\u2019oiseau mal\u00e9fique ayant retourn\u00e9 les plus grands festivals. Le 14 f\u00e9vrier, en guise de Saint-Valentin, pourquoi pas tenter le coup avec <strong>Perceval<\/strong>, ce Breton cassant les codes de la techno avec ses sonorit\u00e9s m\u00e9di\u00e9vales ?<\/p>\n<p class=\"fs-5 \">Le 20 f\u00e9vrier, <strong>Tchami<\/strong>, qui a brill\u00e9 aux c\u00f4t\u00e9s de DJ Snake au sein du collectif Pardon My French, prendra les commandes. Plus tard, le 4 avril, place au Drac\u00e9nois <strong>Boris Way<\/strong>, qui a \u00e9t\u00e9 r\u00e9sident pendant six ans de L\u2019\u00e9toile, un club ni\u00e7ois, avant de conna\u00eetre une superbe ascension.<\/p>\n<p>                                                                                Hip-hop, reggae et punk-rock pour compl\u00e9ter<\/p>\n<p class=\"fs-5 \">Le spectre des genres musicaux repr\u00e9sent\u00e9s au Stockfish sera relativement large, avec plusieurs soir\u00e9es d\u00e9di\u00e9es au hip-hop. Avec <strong>Kemmler<\/strong> (le 16 janvier), un \u00ab jeune loup \u00bb ayant pr\u00e9sent\u00e9 son premier album, Finalement, en octobre. Mais aussi avec <strong>DJ Abdel<\/strong>, figure du mouvement depuis les ann\u00e9es 1990, autant port\u00e9 sur le rap que le R\u2019n\u2019b (3 avril). Ainsi que le Japonais <strong>DJ Koco<\/strong>, qui viendra avec son impeccable s\u00e9lection de vinyles le 16 avril.<\/p>\n<p class=\"fs-5 \">Les amateurs de reggae, eux, seront servis le 19 mars avec <strong>John Teck &amp; The Positive Connection,<\/strong> un Camerounais install\u00e9 sur la C\u00f4te d\u2019Azur, aux textes engag\u00e9s. Ce soir-l\u00e0, on pourra aussi d\u00e9couvrir la S\u00e9n\u00e9galaise <strong>Mariaa Siga<\/strong>, m\u00ealant blues, folk et sonorit\u00e9s africaines.<\/p>\n<p class=\"fs-5 \">Et les guitares dans tout \u00e7a ? Elles rugiront \u00e0 plusieurs reprises. Le 6 mars, <strong>Surrender U2<\/strong> offrira un tribute \u00e0 Bono et sa bande.<\/p>\n<p class=\"fs-5 \">Le 14 mars, on guettera le passage de <strong>Terror<\/strong>, un groupe punk hardcore de Los Angeles, actif depuis deux d\u00e9cennies.<\/p>\n<p class=\"fs-5 \">Et on encha\u00eenera le 30 mai avec <strong>Corpus Delicti<\/strong>. Parfois peu consid\u00e9r\u00e9e sur ses terres ni\u00e7oises mais acclam\u00e9e \u00e0 l\u2019\u00e9tranger, cette formation port\u00e9e sur le rock gothique sera de la partie.<\/p>\n<p>                                                                                Des Jazz Sessions ambitieuses<\/p>\n<p class=\"fs-5 \">Dans une r\u00e9gion o\u00f9 de nombreux festivals lui sont d\u00e9di\u00e9s, on ne dit jamais non \u00e0 du rab de note bleue. Et \u00e7a tombe bien, puisque le Stockfish instaure des Jazz Sessions.<\/p>\n<p class=\"fs-5 \">Le premier \u00e0 se produire dans ce cadre, le 13 janvier, ce sera le saxophoniste <strong>Baptiste Herbin<\/strong>. En trio avec le batteur ni\u00e7ois Andr\u00e9 Ceccarelli et le bassiste Sylvain Romano, il jouera les morceaux de Django !, son \u00e9patant hommage \u00e0 Django Reinhardt sans guitare.<\/p>\n<p class=\"fs-5 \">Le 15 janvier, on \u00e9coutera la batteuse <strong>Anne Paceo<\/strong>, trois Victoires du jazz au compteur et un nouvel album, Atlantis, inspir\u00e9 par sa d\u00e9couverte des fonds marins (son interview \u00e0 lire prochainement dans nos pages).<\/p>\n<p class=\"fs-5 \"><strong>Ben l\u2019oncle soul <\/strong>suivra le 19 f\u00e9vrier, qui a su intelligemment se r\u00e9inventer apr\u00e8s avoir connu un rapide succ\u00e8s au d\u00e9but des ann\u00e9es 2010.<\/p>\n<p class=\"fs-5 \">Autre immanquable le 11 mars : le concert de <strong>Kenny Garrett<\/strong>, dernier saxophoniste de Miles Davis, toujours port\u00e9 sur l\u2019innovation et les nouvelles rencontres.<\/p>\n<p>                                                                                Humour : vannes \u00e0 plein tubes<\/p>\n<p class=\"fs-5 \">Ces derniers temps, on ne se marre pas forc\u00e9ment tous les jours. Alors quand des pros de l\u2019humour pointent le bout de leur nez, on saisit l\u2019opportunit\u00e9 sans se faire prier.<\/p>\n<p class=\"fs-5 \">D\u00e9sormais bien ancr\u00e9s, les cr\u00e9neaux d\u00e9di\u00e9s au <strong>Stockfish Comedy Club<\/strong>, propuls\u00e9 par l\u2019\u00e9quipe du <strong>Bobar<\/strong>, seront pr\u00e9vus les 25 f\u00e9vrier, 29 avril, 27 mai et 24 juin. Ils mettront en avant des artistes issus de la r\u00e9gion.<\/p>\n<p class=\"fs-5 \">Mis en vente plus t\u00f4t, les shows de <strong>Sofia Belabes<\/strong> (le 22 janvier) et de <strong>Paul Taylor<\/strong> (le 25 f\u00e9vrier) sont d\u00e9j\u00e0 complets. Mais d\u2019autres soir\u00e9es, rythm\u00e9es par des valeurs s\u00fbres ou des nouvelles t\u00eates en plein boom, vaudront le d\u00e9tour.<\/p>\n<p class=\"fs-5 \">Cheveux bleus, accent m\u00e9ridional et passion prononc\u00e9e pour l\u2019OM, <strong>Julien Vinh<\/strong>, appr\u00e9ci\u00e9 sur les r\u00e9seaux sociaux d\u00e9barquera \u00e0 Nice le 17 janvier.<\/p>\n<p class=\"fs-5 \">Dix ans apr\u00e8s avoir d\u00e9but\u00e9 sur YouTube, le Lillois <strong>Tom Boudet<\/strong>, 23 ans, pr\u00e9sentera son premier spectacle, o\u00f9 il clame son refus de devenir un adulte \u00ab s\u00e9rieux \u00bb (27 janvier).<\/p>\n<p class=\"fs-5 \"><strong>Amy London<\/strong>, elle, a atteint la quarantaine. Un divorce et une d\u00e9pression dans les pattes, cette ancienne prof nous racontera son histoire avec mordant (21 mars).<\/p>\n<p class=\"fs-5 \"><strong>Alex Di Mambro<\/strong>, lui, pointera les absurdit\u00e9s du monde dans lequel nous \u00e9voluons. Il aura s\u00fbrement de quoi faire, le 2 avril.<\/p>\n<p class=\"fs-5 \">Dans un registre plus intimiste, <strong>Laurent Febvay<\/strong> passera en revue nos madeleines de Proust avec L\u2019odeur du basilic, le 15 avril.<\/p>\n<p class=\"fs-5 \">Enfin, apr\u00e8s deux repr\u00e9sentations ces derniers jours au Stockfish, <strong>No\u00eblle Perna<\/strong> remettra le couvert le 28 mai avec Mado fait son cabaret.<\/p>\n<p>                                                                                Des rendez-vous r\u00e9currents<\/p>\n<p class=\"fs-5 \">Vous l\u2019aurez constat\u00e9 en lisant cette page : le menu du Stockfish est particuli\u00e8rement dense. D\u2019autant plus que pour \u00eatre exhaustif, il faut aussi citer une s\u00e9rie de rendez-vous r\u00e9currents qui s\u2019y d\u00e9roulent.<\/p>\n<p class=\"fs-5 \">Une fois par mois (d\u00e9but le 27 janvier), <strong>Les Pieds dans le plat<\/strong> a vocation \u00e0 rassembler et mettre en lumi\u00e8re diff\u00e9rentes cultures autour d\u2019un bon gueuleton.<\/p>\n<p class=\"fs-5 \">Le concept <strong>Pop philo<\/strong>, lui, sera d\u00e9clin\u00e9 \u00e0 quatre reprises, \u00e0 partir du 3 f\u00e9vrier. Ses instigateurs, Fran\u00e7ois Birembaux et Pierre Hondaa, vous inciteront \u00e0 penser sous une lumi\u00e8re tamis\u00e9e.<\/p>\n<p class=\"fs-5 \"><strong>Le Stockfish endimanch\u00e9<\/strong>, moment festif du dimanche tr\u00e8s pris\u00e9 des seniors, se tiendra 14 fois, d\u00e8s le 11 janvier.<\/p>\n<p class=\"fs-5 \">Les 9-14 ans, eux, seront attendus le mercredi apr\u00e8s-midi pour <strong>Les P\u2019tits poissons<\/strong>, des ateliers culturels et musicaux (reprise le 7 janvier).<\/p>\n<p class=\"fs-5 \">Le 5 mars et le 12 juin, l\u2019\u00e9quipe de <strong>La Boulisterie<\/strong> investira les lieux pour des moments de p\u00e9tanque s\u00fbrement tr\u00e8s funky.<\/p>\n<p class=\"fs-5 \">Au rayon soir\u00e9es th\u00e9matiques, on n\u2019oubliera pas la <strong>Dolly Party <\/strong>et son ambiance \u00ab euphorique et inclusive \u00bb (28 f\u00e9vrier), ainsi qu\u2019un autre \u00e9pisode queer avec le <strong>Bal des Licornes <\/strong>(18 avril) et un nouvel \u00e9pisode de <strong>Nostalgie G\u00e9n\u00e9ration 80\u2019 <\/strong>(10 avril).<\/p>\n<p class=\"fs-5 \">Rens. <a href=\"http:\/\/stockfish.nice.fr\" target=\"_blank\" rel=\"nofollow noopener\">stockfish.nice.fr<\/a><\/p>\n","protected":false},"excerpt":{"rendered":"Ce samedi soir, le Stockfish affichait complet pour sa derni\u00e8re date de l\u2019ann\u00e9e, le show survitamin\u00e9 de Vladimir&hellip;\n","protected":false},"author":2,"featured_media":613989,"comment_status":"","ping_status":"","sticky":false,"template":"","format":"standard","meta":{"footnotes":""},"categories":[2819],"tags":[1111,11,1777,674,1011,27,12,2401,882,25],"class_list":{"0":"post-613988","1":"post","2":"type-post","3":"status-publish","4":"format-standard","5":"has-post-thumbnail","7":"category-nice","8":"tag-actu","9":"tag-actualites","10":"tag-eu","11":"tag-europe","12":"tag-fr","13":"tag-france","14":"tag-news","15":"tag-nice","16":"tag-provence-alpes-cote-dazur","17":"tag-republique-francaise"},"share_on_mastodon":{"url":"https:\/\/pubeurope.com\/@fr\/115758213784025042","error":""},"_links":{"self":[{"href":"https:\/\/www.europesays.com\/fr\/wp-json\/wp\/v2\/posts\/613988","targetHints":{"allow":["GET"]}}],"collection":[{"href":"https:\/\/www.europesays.com\/fr\/wp-json\/wp\/v2\/posts"}],"about":[{"href":"https:\/\/www.europesays.com\/fr\/wp-json\/wp\/v2\/types\/post"}],"author":[{"embeddable":true,"href":"https:\/\/www.europesays.com\/fr\/wp-json\/wp\/v2\/users\/2"}],"replies":[{"embeddable":true,"href":"https:\/\/www.europesays.com\/fr\/wp-json\/wp\/v2\/comments?post=613988"}],"version-history":[{"count":0,"href":"https:\/\/www.europesays.com\/fr\/wp-json\/wp\/v2\/posts\/613988\/revisions"}],"wp:featuredmedia":[{"embeddable":true,"href":"https:\/\/www.europesays.com\/fr\/wp-json\/wp\/v2\/media\/613989"}],"wp:attachment":[{"href":"https:\/\/www.europesays.com\/fr\/wp-json\/wp\/v2\/media?parent=613988"}],"wp:term":[{"taxonomy":"category","embeddable":true,"href":"https:\/\/www.europesays.com\/fr\/wp-json\/wp\/v2\/categories?post=613988"},{"taxonomy":"post_tag","embeddable":true,"href":"https:\/\/www.europesays.com\/fr\/wp-json\/wp\/v2\/tags?post=613988"}],"curies":[{"name":"wp","href":"https:\/\/api.w.org\/{rel}","templated":true}]}}