{"id":614000,"date":"2025-12-21T15:20:12","date_gmt":"2025-12-21T15:20:12","guid":{"rendered":"https:\/\/www.europesays.com\/fr\/614000\/"},"modified":"2025-12-21T15:20:12","modified_gmt":"2025-12-21T15:20:12","slug":"toulouse-un-chef-doeuvre-a-decouvrir-pendant-les-vacances-de-noel-dans-ce-celebre-musee","status":"publish","type":"post","link":"https:\/\/www.europesays.com\/fr\/614000\/","title":{"rendered":"Toulouse. Un chef-d&rsquo;\u0153uvre \u00e0 d\u00e9couvrir pendant les vacances de No\u00ebl dans ce c\u00e9l\u00e8bre mus\u00e9e"},"content":{"rendered":"<p>                    Par<br \/>\n        <strong><br \/>\n            <a href=\"https:\/\/actu.fr\/auteur\/redaction-toulouse\" title=\"Consulter tous les articles de R\u00e9daction de Toulouse\" target=\"_blank\" rel=\"noopener\">R\u00e9daction de Toulouse<\/a><br \/>\n                    <\/strong><\/p>\n<p>        Publi\u00e9 le<\/p>\n<p>            21 d\u00e9c. 2025 \u00e0 15h06        <\/p>\n<p>Le \u00ab\u00a0Portrait de Madame de La Laurencie et de ses enfants\u00a0\u00bb est \u00e0 d\u00e9couvrir <a href=\"https:\/\/actu.fr\/toulouse\/\" target=\"_blank\" rel=\"noopener\">\u00e0 <strong>Toulouse<\/strong><\/a>. L\u2019arriv\u00e9e dans la Ville rose de cette toile remarquable, r\u00e9alis\u00e9e en 1904 et pr\u00eat\u00e9e par le Mus\u00e9e d\u2019Orsay, offre l\u2019occasion id\u00e9ale de revisiter l\u2019art de <strong>Maurice Denis<\/strong> (1970-1943) et de rappeler le r\u00f4le central qu\u2019il joua au sein du mouvement nabi.<\/p>\n<p>Un portrait familial<\/p>\n<p class=\" wall-content\">L\u2019histoire commence lorsque<strong> Jean de La Laurencie<\/strong>, inspecteur des Eaux et For\u00eats, demande au peintre un portrait familial qui d\u00e9passe le simple exercice de ressemblance. Denis accepte, multiplie les esquisses, observe la m\u00e8re et ses fillettes dans leur propri\u00e9t\u00e9 de Valence. Mais, plut\u00f4t que de restituer une sc\u00e8ne domestique, il imagine une rencontre intime entre la famille et les figures de la Vierge et de l\u2019Enfant J\u00e9sus.<\/p>\n<p class=\" wall-content\">En modernisant la tradition de la sainte conversation, h\u00e9rit\u00e9e de la<strong> Renaissance italienne<\/strong>, il fait cohabiter le sacr\u00e9 et le quotidien avec une douceur qui lui est propre. Ici, le surnaturel ne s\u2019impose pas : il se d\u00e9pose, comme une lumi\u00e8re suppl\u00e9mentaire.<\/p>\n<p class=\" wall-content\">La composition s\u2019organise autour d\u2019un cercle silencieux qui converge vers l\u2019Enfant, v\u00e9ritable foyer du tableau. Les regards des fillettes, la main pos\u00e9e de la m\u00e8re, le geste protecteur de la Vierge : tout semble aspir\u00e9 vers ce <strong>point d\u2019\u00e9quilibre<\/strong>. Denis utilise les halos comme des prolongements des corps, des respirations plus que des signes dogmatiques. Le paysage, \u00e0 l\u2019arri\u00e8re-plan, m\u00eale ocres doux, roses filtr\u00e9s, verts velout\u00e9s.<\/p>\n<p class=\" wall-content\">Ces aplats, typiques de son vocabulaire, installent une atmosph\u00e8re suspendue, presque musicale. Rien de solennel : une paix pudique o\u00f9 chaque forme participe \u00e0 l\u2019unit\u00e9 g\u00e9n\u00e9rale.<\/p>\n<p>\u00ab\u00a0De l\u2019art sacr\u00e9 vers l\u2019art moderne\u00a0\u00bb<\/p>\n<p class=\" wall-content\">Cette mani\u00e8re d\u2019unir la vie ordinaire et la spiritualit\u00e9 irrigue<strong> toute l\u2019\u0153uvre de Deni<\/strong>s. N\u00e9 en 1870, il se forme au Louvre puis \u00e0 l\u2019Acad\u00e9mie Julian, o\u00f9 il rencontre S\u00e9rusier, Bonnard, Vuillard : les futurs Nabis. \u00ab\u00a0Denis en devient la grande voix th\u00e9orique \u00bb, explique Jacques Rivet, critique d\u2019art toulousain et ex-commissaire priseur chez Artcurial. Les nubis \u2013 le terme signifie proph\u00e8tes en h\u00e9breu \u2013 veulent s\u2019opposer aux <strong>Impressionnistes<\/strong>.<\/p>\n<p>Votre r\u00e9gion, votre actu !<\/p>\n<p>Recevez chaque jour les infos qui comptent pour vous.<\/p>\n<p>\t<a href=\"https:\/\/actu.fr\/newsletter\" class=\"ac-btn ac-btn--corner ac-btn--medium ac-btn--blue800\" target=\"_blank\" rel=\"noopener\">S&rsquo;incrire<\/a><\/p>\n<p class=\" wall-content\">Maurice Denis pose les bases du mouvement avec cette phrase devenue manifeste :\u00a0\u00ab Un tableau est avant tout une surface plane recouverte de couleurs \u00bb\u00a0. Profond\u00e9ment croyant, il renouvelle la peinture religieuse en l\u2019ancrant dans une sensibilit\u00e9 moderne, loin du th\u00e9\u00e2tre acad\u00e9mique. Il va cr\u00e9er avec George Desvalli\u00e8res les Ateliers d\u2019art sacr\u00e9. Ils veulent sortir de l\u2019art saint-sulpicien et s\u2019ouvrir \u00e0 l\u2019art moderne.\u00a0<\/p>\n<p class=\" wall-content\">Le tableau visible jusqu\u2019au 4 janvier appara\u00eet ainsi comme<strong> un condens\u00e9<\/strong> de ce que Maurice Denis \u2013 dont les Toulousains peuvent \u00e9galement aller admirer la sublime Nativit\u00e9 <strong>aux Augustins<\/strong>, ma\u00eetrise \u00e0 la perfection : unir la gr\u00e2ce \u00e0 la simplicit\u00e9, inscrire le divin dans l\u2019intime et faire dialoguer h\u00e9ritage ancien et modernit\u00e9 picturale. Une \u0153uvre lumineuse, dont le pouvoir d\u2019apaisement, plus d\u2019un si\u00e8cle apr\u00e8s sa cr\u00e9ation, demeure intact.<\/p>\n<p>Exposition jusqu\u2019au 4 janvier 2026, du mardi au dimanche, de 10h \u00e0 18h \u00e0 la Fondation Bemberg (H\u00f4tel d\u2019Ass\u00e9zat, Place d\u2019Ass\u00e9zat)<\/p>\n<p class=\" wall-content\">Personnalisez votre actualit\u00e9 en ajoutant vos villes et m\u00e9dias en favori avec <a href=\"https:\/\/moncompte.actu.fr\" title=\"D\u00e9couvez Mon Actu\" rel=\"nofollow noopener\" data-trk=\"{&quot;cta&quot;:{&quot;action&quot;:&quot;https:\\\/\\\/moncompte.actu.fr&quot;,&quot;category&quot;:&quot;mon compte&quot;,&quot;from&quot;:&quot;article footer&quot;,&quot;name&quot;:&quot;Mon actu&quot;,&quot;type&quot;:&quot;cta&quot;}}\" target=\"_blank\">Mon Actu<\/a>.<\/p>\n","protected":false},"excerpt":{"rendered":"Par R\u00e9daction de Toulouse Publi\u00e9 le 21 d\u00e9c. 2025 \u00e0 15h06 Le \u00ab\u00a0Portrait de Madame de La Laurencie&hellip;\n","protected":false},"author":2,"featured_media":614001,"comment_status":"","ping_status":"","sticky":false,"template":"","format":"standard","meta":{"footnotes":""},"categories":[2816],"tags":[1111,11,1777,674,1011,27,1652,12,2680,25,1341,2312],"class_list":{"0":"post-614000","1":"post","2":"type-post","3":"status-publish","4":"format-standard","5":"has-post-thumbnail","7":"category-toulouse","8":"tag-actu","9":"tag-actualites","10":"tag-eu","11":"tag-europe","12":"tag-fr","13":"tag-france","14":"tag-loisirs-culture","15":"tag-news","16":"tag-occitanie","17":"tag-republique-francaise","18":"tag-sortir-a-toulouse","19":"tag-toulouse"},"share_on_mastodon":{"url":"https:\/\/pubeurope.com\/@fr\/115758237227891673","error":""},"_links":{"self":[{"href":"https:\/\/www.europesays.com\/fr\/wp-json\/wp\/v2\/posts\/614000","targetHints":{"allow":["GET"]}}],"collection":[{"href":"https:\/\/www.europesays.com\/fr\/wp-json\/wp\/v2\/posts"}],"about":[{"href":"https:\/\/www.europesays.com\/fr\/wp-json\/wp\/v2\/types\/post"}],"author":[{"embeddable":true,"href":"https:\/\/www.europesays.com\/fr\/wp-json\/wp\/v2\/users\/2"}],"replies":[{"embeddable":true,"href":"https:\/\/www.europesays.com\/fr\/wp-json\/wp\/v2\/comments?post=614000"}],"version-history":[{"count":0,"href":"https:\/\/www.europesays.com\/fr\/wp-json\/wp\/v2\/posts\/614000\/revisions"}],"wp:featuredmedia":[{"embeddable":true,"href":"https:\/\/www.europesays.com\/fr\/wp-json\/wp\/v2\/media\/614001"}],"wp:attachment":[{"href":"https:\/\/www.europesays.com\/fr\/wp-json\/wp\/v2\/media?parent=614000"}],"wp:term":[{"taxonomy":"category","embeddable":true,"href":"https:\/\/www.europesays.com\/fr\/wp-json\/wp\/v2\/categories?post=614000"},{"taxonomy":"post_tag","embeddable":true,"href":"https:\/\/www.europesays.com\/fr\/wp-json\/wp\/v2\/tags?post=614000"}],"curies":[{"name":"wp","href":"https:\/\/api.w.org\/{rel}","templated":true}]}}