{"id":614012,"date":"2025-12-21T15:28:15","date_gmt":"2025-12-21T15:28:15","guid":{"rendered":"https:\/\/www.europesays.com\/fr\/614012\/"},"modified":"2025-12-21T15:28:15","modified_gmt":"2025-12-21T15:28:15","slug":"trois-individus-recherches-apres-lattaque-dun-bureau-de-tabac-pres-de-lyon","status":"publish","type":"post","link":"https:\/\/www.europesays.com\/fr\/614012\/","title":{"rendered":"Trois\u00a0individus recherch\u00e9s apr\u00e8s l\u2019attaque d\u2019un bureau de tabac pr\u00e8s de Lyon"},"content":{"rendered":"<p class=\"gmail-Paragraph gmail-SCXW187165728 gmail-BCX0\" lang=\"FR-FR\">Les faits se sont produits\u00a0ce vendredi 19 d\u00e9cembre, peu avant 19 h, dans un bureau de tabac de la\u00a0rue Fran\u00e7ois-Peissel \u00e0 Caluire-et-Cuire, dans la m\u00e9tropole de Lyon. Selon les premiers \u00e9l\u00e9ments recueillis,\u00a0trois individus, le visage dissimul\u00e9, ont fait irruption dans le commerce.\u00a0<\/p>\n<p class=\"gmail-Paragraph gmail-SCXW187165728 gmail-BCX0\" lang=\"FR-FR\">Les auteurs ont\u00a0utilis\u00e9 des bombes lacrymog\u00e8nes, visant le buraliste ainsi qu\u2019un client pr\u00e9sent \u00e0 l\u2019int\u00e9rieur de l\u2019\u00e9tablissement, pr\u00e9cise le\u00a0Progr\u00e8s.\u00a0Ils se sont ensuite\u00a0empar\u00e9s du fond de caisse et de plusieurs cartouches de cigarettes.\u00a0<\/p>\n<p class=\"gmail-Paragraph gmail-SCXW187165728 gmail-BCX0\" lang=\"FR-FR\">Les suspects ont pris la fuite\u00a0\u00e0 bord d\u2019un v\u00e9hicule,\u00a0qui s&rsquo;av\u00e8re \u00eatre\u00a0signal\u00e9 comme vol\u00e9. La voiture a \u00e9t\u00e9\u00a0retrouv\u00e9e un peu plus tard par la police nationale, sans occupant \u00e0 l\u2019int\u00e9rieur.\u00a0<\/p>\n<p class=\"gmail-Paragraph gmail-SCXW187165728 gmail-BCX0\" lang=\"FR-FR\">Une\u00a0enqu\u00eate a \u00e9t\u00e9 ouverte\u00a0afin d\u2019identifier et d\u2019interpeller les auteurs de ce\u00a0vol, le montant exact du pr\u00e9judice n&rsquo;est pas encore connu.<\/p>\n","protected":false},"excerpt":{"rendered":"Les faits se sont produits\u00a0ce vendredi 19 d\u00e9cembre, peu avant 19 h, dans un bureau de tabac de&hellip;\n","protected":false},"author":2,"featured_media":614013,"comment_status":"","ping_status":"","sticky":false,"template":"","format":"standard","meta":{"footnotes":""},"categories":[1889],"tags":[1111,11,2813,2190,2430,1109,251,1112,2811,1777,674,118,1011,27,1922,1110,1114,2428,2810,12,241,316,25,2812,517,800],"class_list":{"0":"post-614012","1":"post","2":"type-post","3":"status-publish","4":"format-standard","5":"has-post-thumbnail","7":"category-lyon","8":"tag-actu","9":"tag-actualites","10":"tag-article","11":"tag-asvel","12":"tag-auvergne-rhone-alpes","13":"tag-breves","14":"tag-culture","15":"tag-depeches","16":"tag-economique","17":"tag-eu","18":"tag-europe","19":"tag-faits-divers","20":"tag-fr","21":"tag-france","22":"tag-info","23":"tag-informations","24":"tag-infos","25":"tag-lyon","26":"tag-lyonmag","27":"tag-news","28":"tag-ol","29":"tag-politique","30":"tag-republique-francaise","31":"tag-sociale","32":"tag-sport","33":"tag-transports"},"share_on_mastodon":{"url":"https:\/\/pubeurope.com\/@fr\/115758268696597425","error":""},"_links":{"self":[{"href":"https:\/\/www.europesays.com\/fr\/wp-json\/wp\/v2\/posts\/614012","targetHints":{"allow":["GET"]}}],"collection":[{"href":"https:\/\/www.europesays.com\/fr\/wp-json\/wp\/v2\/posts"}],"about":[{"href":"https:\/\/www.europesays.com\/fr\/wp-json\/wp\/v2\/types\/post"}],"author":[{"embeddable":true,"href":"https:\/\/www.europesays.com\/fr\/wp-json\/wp\/v2\/users\/2"}],"replies":[{"embeddable":true,"href":"https:\/\/www.europesays.com\/fr\/wp-json\/wp\/v2\/comments?post=614012"}],"version-history":[{"count":0,"href":"https:\/\/www.europesays.com\/fr\/wp-json\/wp\/v2\/posts\/614012\/revisions"}],"wp:featuredmedia":[{"embeddable":true,"href":"https:\/\/www.europesays.com\/fr\/wp-json\/wp\/v2\/media\/614013"}],"wp:attachment":[{"href":"https:\/\/www.europesays.com\/fr\/wp-json\/wp\/v2\/media?parent=614012"}],"wp:term":[{"taxonomy":"category","embeddable":true,"href":"https:\/\/www.europesays.com\/fr\/wp-json\/wp\/v2\/categories?post=614012"},{"taxonomy":"post_tag","embeddable":true,"href":"https:\/\/www.europesays.com\/fr\/wp-json\/wp\/v2\/tags?post=614012"}],"curies":[{"name":"wp","href":"https:\/\/api.w.org\/{rel}","templated":true}]}}