{"id":614018,"date":"2025-12-21T15:34:16","date_gmt":"2025-12-21T15:34:16","guid":{"rendered":"https:\/\/www.europesays.com\/fr\/614018\/"},"modified":"2025-12-21T15:34:16","modified_gmt":"2025-12-21T15:34:16","slug":"mon-test-en-vol-luxe-xxl-et-service-signature","status":"publish","type":"post","link":"https:\/\/www.europesays.com\/fr\/614018\/","title":{"rendered":"mon test en vol, luxe XXL et service signature"},"content":{"rendered":"<p>Air France La Premi\u00e8re Los Angeles-Paris : mon test en vol, luxe XXL et service signature &#8211; Cr\u00e9dit photo \u00a9 Paris Select Book<\/p>\n<p>Voler entre Los Angeles et Paris peut changer un <a href=\"https:\/\/www.parisselectbook.com\/2025\/12\/20\/destinations-vacances-2026-15-lieux-ou-partir-pour-planifier-des-maintenant-vos-prochaines-vacances\/\" target=\"_blank\" rel=\"noopener\">voyage<\/a>. D\u00e8s l\u2019embarquement, Air France donne le ton avec un service pens\u00e9 pour r\u00e9duire le stress, puis prolonger le confort en altitude.<\/p>\n<p>La Premi\u00e8re selon Air France<\/p>\n<p>D\u00e8s <a href=\"https:\/\/www.parisselectbook.com\/2025\/12\/20\/ratp-perturbations-metro-rer-bus-et-tram-le-31-decembre-2025-a-paris-et-en-ile-de-france-pour-le-nouvel-an-2026\/\" target=\"_blank\" rel=\"noopener\">l\u2019a\u00e9roport<\/a>, le parcours se veut fluide. Ainsi, l\u2019enregistrement d\u00e9di\u00e9 et le passage prioritaire limitent l\u2019attente, ce qui abaisse la tension d\u2019avant-vol.<\/p>\n<p>\u00c0 bord, la suite offre espace et <a href=\"https:\/\/www.parisselectbook.com\/2025\/12\/20\/colour-capping-lastuce-deco-cosy-qui-simpose-en-2026-pour-rechauffer-les-murs-sans-travaux\/\" target=\"_blank\" rel=\"noopener\">intimit\u00e9<\/a>. L\u2019\u00e9quipe Air France reste tr\u00e8s pr\u00e9sente, sans insister, et anticipe souvent les besoins.<\/p>\n<p>Le repas suit un rythme apais\u00e9. De plus, la table se dresse comme au <a href=\"https:\/\/www.parisselectbook.com\/2025\/12\/20\/galettes-des-rois-des-chefs-patissiers-2026-a-paris-notre-selection-des-meilleures-creations-gourmandes\/\" target=\"_blank\" rel=\"noopener\">restaurant<\/a>, avec une s\u00e9lection soign\u00e9e et un service pr\u00e9cis.<\/p>\n<blockquote>\n<p>\u00ab Chaque geste, du sol au ciel, semblait pens\u00e9 pour ralentir le temps. \u00bb<\/p>\n<\/blockquote>\n<p>Du tarmac \u00e0 l\u2019atterrissage<\/p>\n<p>Apr\u00e8s le d\u00eener, la cabine s\u2019apaise vraiment. Ainsi, le lit est pr\u00e9par\u00e9 discr\u00e8tement, et le rythme circadien est mieux respect\u00e9.<\/p>\n<p>\u00c0 Paris, l\u2019accueil au sol facilite la sortie. En revanche, les formalit\u00e9s se terminent vite, et la r\u00e9cup\u00e9ration des bagages para\u00eet plus simple.<\/p>\n<ul>\n<li><strong>Parcours d\u00e9di\u00e9<\/strong> au sol, pens\u00e9 pour gagner du temps<\/li>\n<li><strong>Service en cabine<\/strong> calibr\u00e9, avec un tempo serein<\/li>\n<li><strong>Restauration<\/strong> soign\u00e9e et pr\u00e9sent\u00e9e comme \u00e0 table<\/li>\n<li><strong>Repos r\u00e9el<\/strong> gr\u00e2ce au lit pr\u00e9par\u00e9 et au calme<\/li>\n<li><strong>Arriv\u00e9e guid\u00e9e<\/strong> pour limiter les frictions<\/li>\n<\/ul>\n<p>Confort, service, responsabilit\u00e9<\/p>\n<p>Le silence per\u00e7u change la donne. Ainsi, le bruit ma\u00eetris\u00e9 et une lumi\u00e8re douce invitent au repos, tandis que la connexion \u00e0 bord permet de rester joignable.<\/p>\n<p>En cabine Business, le <strong>nouveau fauteuil<\/strong> coche les crit\u00e8res de la \u00ab nouvelle g\u00e9n\u00e9ration \u00bb: \u00e9cran <strong>4K de 17,3 pouces<\/strong>, casque \u00e0 r\u00e9duction de bruit, <strong>connexion Bluetooth<\/strong> et <strong>chargeur sans fil<\/strong>. Le si\u00e8ge devient <strong>Full Flat, Full Access, Full Privacy<\/strong> avec <strong>porte coulissante<\/strong> et surmatelas <strong>Sofitel MyBed<\/strong>, et il se d\u00e9ploie progressivement sur le long-courrier chez Air France.<\/p>\n<p>La flotte \u00e9volue vers des appareils plus r\u00e9cents. Ainsi, des avions r\u00e9put\u00e9s plus sobres arrivent sur le r\u00e9seau, ce qui soutient la baisse des \u00e9missions \u00e0 long terme.<\/p>\n<p>Rep\u00e8res pratiques chez Air France<\/p>\n<p>Les disponibilit\u00e9s haut de gamme restent limit\u00e9es. Par cons\u00e9quent, r\u00e9server t\u00f4t augmente les chances d\u2019obtenir la cabine souhait\u00e9e.<\/p>\n<p>Au d\u00e9part de LAX, pr\u00e9voir une marge prudente avant l\u2019embarquement. Aussi, \u00e0 CDG, les \u00e9quipes Air France orientent vers les contr\u00f4les les plus rapides selon l\u2019affluence.<\/p>\n<p>Ce que ce test dit du voyage haut de gamme<\/p>\n<p>Le trajet devient un temps utile, pas seulement un transport. En bref, mieux dormir et mieux manger changent l\u2019arriv\u00e9e en ville.<\/p>\n<p>La concurrence pousse \u00e0 affiner chaque d\u00e9tail, du sol au ciel. Ainsi, la signature fran\u00e7aise reste visible, et Air France mise sur le service pour se distinguer.<\/p>\n<p>Tout voyageur n\u2019a pas les m\u00eames attentes. En revanche, comprendre le produit, ses forces et ses limites, aide \u00e0 choisir le bon niveau de cabine pour son trajet.<\/p>\n","protected":false},"excerpt":{"rendered":"Air France La Premi\u00e8re Los Angeles-Paris : mon test en vol, luxe XXL et service signature &#8211; Cr\u00e9dit&hellip;\n","protected":false},"author":2,"featured_media":614019,"comment_status":"","ping_status":"","sticky":false,"template":"","format":"standard","meta":{"footnotes":""},"categories":[1888],"tags":[1111,1928,11,1927,1816,1777,674,1011,27,12,1926,626,1925,25],"class_list":{"0":"post-614018","1":"post","2":"type-post","3":"status-publish","4":"format-standard","5":"has-post-thumbnail","7":"category-paris","8":"tag-actu","9":"tag-actu-paris","10":"tag-actualites","11":"tag-actualites-paris","12":"tag-air-france","13":"tag-eu","14":"tag-europe","15":"tag-fr","16":"tag-france","17":"tag-news","18":"tag-news-paris","19":"tag-paris","20":"tag-paris-news","21":"tag-republique-francaise"},"share_on_mastodon":{"url":"https:\/\/pubeurope.com\/@fr\/115758292271372217","error":""},"_links":{"self":[{"href":"https:\/\/www.europesays.com\/fr\/wp-json\/wp\/v2\/posts\/614018","targetHints":{"allow":["GET"]}}],"collection":[{"href":"https:\/\/www.europesays.com\/fr\/wp-json\/wp\/v2\/posts"}],"about":[{"href":"https:\/\/www.europesays.com\/fr\/wp-json\/wp\/v2\/types\/post"}],"author":[{"embeddable":true,"href":"https:\/\/www.europesays.com\/fr\/wp-json\/wp\/v2\/users\/2"}],"replies":[{"embeddable":true,"href":"https:\/\/www.europesays.com\/fr\/wp-json\/wp\/v2\/comments?post=614018"}],"version-history":[{"count":0,"href":"https:\/\/www.europesays.com\/fr\/wp-json\/wp\/v2\/posts\/614018\/revisions"}],"wp:featuredmedia":[{"embeddable":true,"href":"https:\/\/www.europesays.com\/fr\/wp-json\/wp\/v2\/media\/614019"}],"wp:attachment":[{"href":"https:\/\/www.europesays.com\/fr\/wp-json\/wp\/v2\/media?parent=614018"}],"wp:term":[{"taxonomy":"category","embeddable":true,"href":"https:\/\/www.europesays.com\/fr\/wp-json\/wp\/v2\/categories?post=614018"},{"taxonomy":"post_tag","embeddable":true,"href":"https:\/\/www.europesays.com\/fr\/wp-json\/wp\/v2\/tags?post=614018"}],"curies":[{"name":"wp","href":"https:\/\/api.w.org\/{rel}","templated":true}]}}