{"id":614024,"date":"2025-12-21T15:37:14","date_gmt":"2025-12-21T15:37:14","guid":{"rendered":"https:\/\/www.europesays.com\/fr\/614024\/"},"modified":"2025-12-21T15:37:14","modified_gmt":"2025-12-21T15:37:14","slug":"la-russie-en-guerre-avec-paris-a-cause-de-safonov","status":"publish","type":"post","link":"https:\/\/www.europesays.com\/fr\/614024\/","title":{"rendered":"La Russie en guerre avec Paris \u00e0 cause de Safonov"},"content":{"rendered":"<p><b>Bless\u00e9 \u00e0 la main pendant la finale de la Coupe intercontinentale,<br \/>\nMatvey Safonov va devoir s\u2019absenter quelques semaines. Le Russe est coup\u00e9 dans<br \/>\nson \u00e9lan apr\u00e8s ses belles performances en lieu et place de Lucas Chevalier. <\/b><\/p>\n<p>Le Paris Saint-Germain a v\u00e9cu une semaine parfaite. Le club<br \/>\nde la capitale a remport\u00e9 la Coupe intercontinentale face \u00e0 Flamengo aux tirs<br \/>\nau but avant de disposer de Vend\u00e9e Fontenay en Coupe de France (4-0). Une semaine<br \/>\nqui a r\u00e9ussi \u00e0 mettre en valeur le portier russe <a href=\"https:\/\/www.foot01.com\/paris\" target=\"_self\" rel=\"noopener\">Matvey Safonov<\/a>. H\u00e9ros de Doha<br \/>\nface \u00e0 Flamengo, le gardien de 26 ans s\u2019est tout de m\u00eame fractur\u00e9 la main lors de<br \/>\nla s\u00e9ance de tirs au but. Absent pendant de longues semaines, Matvey Safonov est<br \/>\ncoup\u00e9 dans son \u00e9lan.<\/p>\n<p>Le natif de Krasnodar avait r\u00e9ussi par ses performances \u00e0 mettre<br \/>\nle doute dans la t\u00eate de Luis Enrique et relancer la concurrence face \u00e0<br \/>\nLucas Chevalier. Ancien adjoint de Fabio Capello, lorsque ce dernier \u00e9tait s\u00e9lectionneur de la Russie et aujourd\u2019hui consultant,<br \/>\nOreste Cinquini pense que cette blessure condamne Safonov \u00e0 un r\u00f4le de gardien rempla\u00e7ant<br \/>\ndans le futur du c\u00f4t\u00e9 du PSG.<\/p>\n<p>Safonov condamn\u00e9 \u00e0 \u00eatre rempla\u00e7ant\u00a0? Dans une interview accord\u00e9e au m\u00e9dia RB Sport, l\u2019Italien<br \/>\nexplique : \u00ab\u00a0Je pense que Chevalier reprendra sa place dans les cages<br \/>\nlors des matchs de <a href=\"https:\/\/www.foot01.com\/ligue1\" title=\"Ligue 1\" target=\"_blank\" rel=\"noopener\">Ligue 1<\/a> et de Ligue des champions. Oui, Safonov a pass\u00e9 une<br \/>\nexcellente soir\u00e9e, mais \u00e0 mon avis, son avenir au PSG se trouve sur le banc des<br \/>\nrempla\u00e7ants.\u00a0\u00bb Selon lui, Matvey Safonov repart de z\u00e9ro malgr\u00e9 ses tr\u00e8s<br \/>\nbelles performances.<\/p>\n<p>Le Russe a r\u00e9alis\u00e9 deux clean sheets (Rennes et Bilbao)<br \/>\nsur son int\u00e9rim de quatre matchs toutes comp\u00e9titions confondues. H\u00e9ros de la finale<br \/>\nde Coupe intercontinentale, Matvey Safonov a tout de m\u00eame marqu\u00e9 des gros<br \/>\npoints pour Luis Enrique et les supporters parisiens. Lucas Chevalier aura donc<br \/>\nl\u2019opportunit\u00e9 de remonter sa c\u00f4te pendant la convalescence de l\u2019ancien portier<br \/>\nde Krasnodar apr\u00e8s la tr\u00eave.<\/p>\n","protected":false},"excerpt":{"rendered":"Bless\u00e9 \u00e0 la main pendant la finale de la Coupe intercontinentale, Matvey Safonov va devoir s\u2019absenter quelques semaines.&hellip;\n","protected":false},"author":2,"featured_media":614025,"comment_status":"","ping_status":"","sticky":false,"template":"","format":"standard","meta":{"footnotes":""},"categories":[1591],"tags":[11,1887,66,12,93,1885,1886,132],"class_list":{"0":"post-614024","1":"post","2":"type-post","3":"status-publish","4":"format-standard","5":"has-post-thumbnail","7":"category-russie","8":"tag-actualites","9":"tag-federation-de-russie","10":"tag-ligue-1","11":"tag-news","12":"tag-psg","13":"tag-russia","14":"tag-russian-federation","15":"tag-russie"},"share_on_mastodon":{"url":"https:\/\/pubeurope.com\/@fr\/115758304149440480","error":""},"_links":{"self":[{"href":"https:\/\/www.europesays.com\/fr\/wp-json\/wp\/v2\/posts\/614024","targetHints":{"allow":["GET"]}}],"collection":[{"href":"https:\/\/www.europesays.com\/fr\/wp-json\/wp\/v2\/posts"}],"about":[{"href":"https:\/\/www.europesays.com\/fr\/wp-json\/wp\/v2\/types\/post"}],"author":[{"embeddable":true,"href":"https:\/\/www.europesays.com\/fr\/wp-json\/wp\/v2\/users\/2"}],"replies":[{"embeddable":true,"href":"https:\/\/www.europesays.com\/fr\/wp-json\/wp\/v2\/comments?post=614024"}],"version-history":[{"count":0,"href":"https:\/\/www.europesays.com\/fr\/wp-json\/wp\/v2\/posts\/614024\/revisions"}],"wp:featuredmedia":[{"embeddable":true,"href":"https:\/\/www.europesays.com\/fr\/wp-json\/wp\/v2\/media\/614025"}],"wp:attachment":[{"href":"https:\/\/www.europesays.com\/fr\/wp-json\/wp\/v2\/media?parent=614024"}],"wp:term":[{"taxonomy":"category","embeddable":true,"href":"https:\/\/www.europesays.com\/fr\/wp-json\/wp\/v2\/categories?post=614024"},{"taxonomy":"post_tag","embeddable":true,"href":"https:\/\/www.europesays.com\/fr\/wp-json\/wp\/v2\/tags?post=614024"}],"curies":[{"name":"wp","href":"https:\/\/api.w.org\/{rel}","templated":true}]}}