{"id":614026,"date":"2025-12-21T15:38:19","date_gmt":"2025-12-21T15:38:19","guid":{"rendered":"https:\/\/www.europesays.com\/fr\/614026\/"},"modified":"2025-12-21T15:38:19","modified_gmt":"2025-12-21T15:38:19","slug":"ukraine-des-echanges-constructifs-avec-les-americains-a-miami-selon-lemissaire-russe","status":"publish","type":"post","link":"https:\/\/www.europesays.com\/fr\/614026\/","title":{"rendered":"Ukraine : des \u00e9changes \u00ab\u00a0constructifs\u00a0\u00bb avec les Am\u00e9ricains \u00e0 Miami, selon l&rsquo;\u00e9missaire russe"},"content":{"rendered":"<p class=\"mb-4 text-lg md:leading-8 break-words\">Washington a propos\u00e9 les premi\u00e8res n\u00e9gociations en face \u00e0 face entre l&rsquo;Ukraine et la Russie depuis six mois, selon le pr\u00e9sident ukrainien Volodymyr Zelensky, bien qu&rsquo;il ait exprim\u00e9 son scepticisme \u00e0 ce sujet.<\/p>\n<p class=\"mb-4 text-lg md:leading-8 break-words\">Pendant ce temps, les envoy\u00e9s sp\u00e9ciaux am\u00e9ricains et russes se r\u00e9unissent ce week-end \u00e0 Miami pour discuter de la fin de la guerre en Ukraine, r\u00e9union \u00e0 laquelle le secr\u00e9taire d&rsquo;\u00c9tat am\u00e9ricain Marco Rubio pourrait se joindre, selon ses propres d\u00e9clarations.<\/p>\n<p class=\"mb-4 text-lg md:leading-8 break-words\">Ces r\u00e9unions s&rsquo;inscrivent dans le cadre des efforts d\u00e9ploy\u00e9s par l&rsquo;administration du pr\u00e9sident am\u00e9ricain Donald Trump pour parvenir \u00e0 un cessez-le-feu durable, qui comprennent \u00e9galement des discussions avec des responsables ukrainiens et europ\u00e9ens \u00e0 Berlin en d\u00e9but de semaine.<\/p>\n<p class=\"mb-4 text-lg md:leading-8 break-words\"><b class=\"c-widget-related__title__text\">Related<\/b><\/p>\n<p class=\"mb-4 text-lg md:leading-8 break-words\">L&rsquo;\u00e9missaire russe Kirill Dmitriev a d\u00e9clar\u00e9 aux journalistes, en arrivant \u00e0 Miami, que les discussions sur le plan de paix en 20 points propos\u00e9 par les \u00c9tats-Unis pour mettre fin \u00e0 la guerre se d\u00e9roulaient \u00ab\u00a0de mani\u00e8re constructive. Elles ont commenc\u00e9 plus t\u00f4t et se poursuivront aujourd&rsquo;hui\u00a0\u00bb.<\/p>\n<p class=\"mb-4 text-lg md:leading-8 break-words\">Selon les m\u00e9dias d&rsquo;\u00c9tat russes, Dmitriev a rencontr\u00e9 l&rsquo;envoy\u00e9 sp\u00e9cial am\u00e9ricain au Moyen-Orient, Steve Witkoff, et le gendre de Donald Trump, Jared Kushner.<\/p>\n<p class=\"mb-4 text-lg md:leading-8 break-words\">Cependant, le conseiller du pr\u00e9sident russe Vladimir Poutine, Yuri Ouchakov, a d\u00e9clar\u00e9 dimanche aux m\u00e9dias d&rsquo;\u00c9tat que les modifications apport\u00e9es au plan de paix par l&rsquo;Ukraine et l&rsquo;Europe retardaient la conclusion d&rsquo;un accord. \u00ab\u00a0Je suis plus que certain que les dispositions que les Europ\u00e9ens ont introduites ou tentent d&rsquo;introduire avec les Ukrainiens n&rsquo;am\u00e9liorent pas les documents et ne renforcent pas les chances d&rsquo;instaurer une paix durable\u00a0\u00bb, a-t-il d\u00e9clar\u00e9.<\/p>\n<p>Zelensky : \u00ab\u00a0Pas de jeu rh\u00e9torique ou politique\u00a0\u00bb<\/p>\n<p class=\"mb-4 text-lg md:leading-8 break-words\">Bien que Volodymyr Zelensky ait qualifi\u00e9 dimanche les n\u00e9gociations de \u00ab\u00a0constructives\u00a0\u00bb et d\u00e9clar\u00e9 qu&rsquo;elles \u00e9taient importantes, il a fait part de ses inqui\u00e9tudes dans un message publi\u00e9 sur X, affirmant : \u00ab\u00a0Beaucoup d\u00e9pendra de la volont\u00e9 r\u00e9elle de la Russie de mettre fin \u00e0 la guerre \u2013 il ne doit pas s&rsquo;agir d&rsquo;un jeu rh\u00e9torique ou politique de la part de la Russie.\u00a0\u00bb<\/p>\n<p class=\"mb-4 text-lg md:leading-8 break-words\">Il a averti que les signaux envoy\u00e9s par la Russie restaient jusqu&rsquo;\u00e0 pr\u00e9sent n\u00e9gatifs, \u00e9voquant les assauts le long de la ligne de front, les crimes de guerre pr\u00e9sum\u00e9s dans les zones frontali\u00e8res et les frappes continues contre les infrastructures ukrainiennes.<\/p>\n<p class=\"mb-4 text-lg md:leading-8 break-words\">Samedi, le pr\u00e9sident Zelensky a d\u00e9clar\u00e9 qu&rsquo;un accord ne pourrait \u00eatre conclu qu&rsquo;\u00e0 la faveur de la pression exerc\u00e9e par les \u00c9tats-Unis sur la Russie. \u00ab\u00a0Les \u00c9tats-Unis doivent clairement affirmer que si la diplomatie \u00e9choue, ils exerceront une pression totale&#8230; Poutine ne ressent pas encore le type de pression qui devrait \u00eatre exerc\u00e9\u00a0\u00bb, a-t-il soulign\u00e9.<\/p>\n<p class=\"mb-4 text-lg md:leading-8 break-words\">Vendredi, Poutine s&rsquo;est dit confiant que la Russie pourrait atteindre ses objectifs par la force si l&rsquo;Ukraine refusait de se plier \u00e0 la volont\u00e9 du Kremlin.<\/p>\n<p class=\"mb-4 text-lg md:leading-8 break-words\">Bien que Trump ait d\u00e9ploy\u00e9 d&rsquo;importants efforts diplomatiques pour mettre fin \u00e0 la guerre, il s&rsquo;est heurt\u00e9 \u00e0 des exigences contradictoires de la part de Moscou et de Kyiv.<\/p>\n<p class=\"mb-4 text-lg md:leading-8 break-words\">Le pr\u00e9sident russe Vladimir Poutine campe sur ses principales exigences vis-\u00e0-vis de l&rsquo;Ukraine, notamment l&rsquo;abandon par l&rsquo;arm\u00e9e ukrainienne des parties du Donbass que Moscou ne contr\u00f4le pas militairement, alors m\u00eame que les troupes russes progressent lentement et subissent de lourdes pertes.<\/p>\n","protected":false},"excerpt":{"rendered":"Washington a propos\u00e9 les premi\u00e8res n\u00e9gociations en face \u00e0 face entre l&rsquo;Ukraine et la Russie depuis six mois,&hellip;\n","protected":false},"author":2,"featured_media":614027,"comment_status":"","ping_status":"","sticky":false,"template":"","format":"standard","meta":{"footnotes":""},"categories":[1590],"tags":[11,75,1777,674,59633,70285,2489,12,220,135,134],"class_list":{"0":"post-614026","1":"post","2":"type-post","3":"status-publish","4":"format-standard","5":"has-post-thumbnail","7":"category-ukraine","8":"tag-actualites","9":"tag-donald-trump","10":"tag-eu","11":"tag-europe","12":"tag-kirill-dmitriev","13":"tag-l39ukraine","14":"tag-la-russie","15":"tag-news","16":"tag-ukraine","17":"tag-vladimir-poutine","18":"tag-volodymyr-zelensky"},"share_on_mastodon":{"url":"https:\/\/pubeurope.com\/@fr\/115758308101481954","error":""},"_links":{"self":[{"href":"https:\/\/www.europesays.com\/fr\/wp-json\/wp\/v2\/posts\/614026","targetHints":{"allow":["GET"]}}],"collection":[{"href":"https:\/\/www.europesays.com\/fr\/wp-json\/wp\/v2\/posts"}],"about":[{"href":"https:\/\/www.europesays.com\/fr\/wp-json\/wp\/v2\/types\/post"}],"author":[{"embeddable":true,"href":"https:\/\/www.europesays.com\/fr\/wp-json\/wp\/v2\/users\/2"}],"replies":[{"embeddable":true,"href":"https:\/\/www.europesays.com\/fr\/wp-json\/wp\/v2\/comments?post=614026"}],"version-history":[{"count":0,"href":"https:\/\/www.europesays.com\/fr\/wp-json\/wp\/v2\/posts\/614026\/revisions"}],"wp:featuredmedia":[{"embeddable":true,"href":"https:\/\/www.europesays.com\/fr\/wp-json\/wp\/v2\/media\/614027"}],"wp:attachment":[{"href":"https:\/\/www.europesays.com\/fr\/wp-json\/wp\/v2\/media?parent=614026"}],"wp:term":[{"taxonomy":"category","embeddable":true,"href":"https:\/\/www.europesays.com\/fr\/wp-json\/wp\/v2\/categories?post=614026"},{"taxonomy":"post_tag","embeddable":true,"href":"https:\/\/www.europesays.com\/fr\/wp-json\/wp\/v2\/tags?post=614026"}],"curies":[{"name":"wp","href":"https:\/\/api.w.org\/{rel}","templated":true}]}}