{"id":614035,"date":"2025-12-21T15:43:13","date_gmt":"2025-12-21T15:43:13","guid":{"rendered":"https:\/\/www.europesays.com\/fr\/614035\/"},"modified":"2025-12-21T15:43:13","modified_gmt":"2025-12-21T15:43:13","slug":"la-27e-celebration-du-naufrage-du-carl-bech-a-eu-lieu-samedi-matin-a-quiberon","status":"publish","type":"post","link":"https:\/\/www.europesays.com\/fr\/614035\/","title":{"rendered":"La 27e c\u00e9l\u00e9bration du naufrage du Carl Bech a eu lieu samedi matin \u00e0 Quiberon"},"content":{"rendered":"<p>Samedi matin a eu lieu \u00e0 Beg er Vil, la 27e c\u00e9l\u00e9bration en l\u2019honneur des seize marins norv\u00e9giens p\u00e9ris en mer lors du naufrage du Carl Bech le 21 d\u00e9cembre 1911. Le d\u00e9put\u00e9 Jimmy Pahun \u00e9tait pr\u00e9sent, tout comme les maires de Quiberon et Saint-Pierre-Quiberon. La SNSM, la brigade nautique de la Gendarmerie et le S\u00e9maphore \u00e9taient \u00e9galement repr\u00e9sent\u00e9s. Elie Coantic et Gildas Gouarin ont \u00e9voqu\u00e9 ce drame, eux qui ont plong\u00e9 sur l\u2019\u00e9pave du navire il y a quelques ann\u00e9es et en ont remont\u00e9 la cloche, objet \u00f4 combien symbolique.<\/p>\n<p>L\u2019impuissance des Quiberonnais face au naufrage<\/p>\n<p>\u00ab\u00a0J\u2019ai eu la chance, explique Elie Coantic, d\u2019interviewer les t\u00e9moins oculaires pr\u00e9sents ce jour funeste de 1911. Des d\u00e9cennies plus tard, ils \u00e9taient encore choqu\u00e9s par le drame et avaient la voix cass\u00e9e en racontant. J\u2019ai vu, avec mon ami Gildas Gouarin ici pr\u00e9sent, l\u2019\u00e9pave du Carl Bech qui repose sur le Plateau du Four et je sais qu\u2019il est encore tortur\u00e9 \u00e0 chaque temp\u00eate\u00a0\u00bb.<\/p>\n<p>La c\u00e9l\u00e9bration s\u2019est poursuivie avec la cloche qui a sonn\u00e9 pour chacun des seize p\u00e9ris en mer dont le nom a \u00e9t\u00e9 cit\u00e9, pour qu\u2019ils ne soient pas oubli\u00e9s.<\/p>\n","protected":false},"excerpt":{"rendered":"Samedi matin a eu lieu \u00e0 Beg er Vil, la 27e c\u00e9l\u00e9bration en l\u2019honneur des seize marins norv\u00e9giens&hellip;\n","protected":false},"author":2,"featured_media":614036,"comment_status":"","ping_status":"","sticky":false,"template":"","format":"standard","meta":{"footnotes":""},"categories":[1586],"tags":[11,1777,674,1779,1011,27,12,8912,25,1778,364],"class_list":{"0":"post-614035","1":"post","2":"type-post","3":"status-publish","4":"format-standard","5":"has-post-thumbnail","7":"category-europe","8":"tag-actualites","9":"tag-eu","10":"tag-europe","11":"tag-european-union","12":"tag-fr","13":"tag-france","14":"tag-news","15":"tag-quiberon","16":"tag-republique-francaise","17":"tag-ue","18":"tag-union-europeenne"},"share_on_mastodon":{"url":"https:\/\/pubeurope.com\/@fr\/115758327866635053","error":""},"_links":{"self":[{"href":"https:\/\/www.europesays.com\/fr\/wp-json\/wp\/v2\/posts\/614035","targetHints":{"allow":["GET"]}}],"collection":[{"href":"https:\/\/www.europesays.com\/fr\/wp-json\/wp\/v2\/posts"}],"about":[{"href":"https:\/\/www.europesays.com\/fr\/wp-json\/wp\/v2\/types\/post"}],"author":[{"embeddable":true,"href":"https:\/\/www.europesays.com\/fr\/wp-json\/wp\/v2\/users\/2"}],"replies":[{"embeddable":true,"href":"https:\/\/www.europesays.com\/fr\/wp-json\/wp\/v2\/comments?post=614035"}],"version-history":[{"count":0,"href":"https:\/\/www.europesays.com\/fr\/wp-json\/wp\/v2\/posts\/614035\/revisions"}],"wp:featuredmedia":[{"embeddable":true,"href":"https:\/\/www.europesays.com\/fr\/wp-json\/wp\/v2\/media\/614036"}],"wp:attachment":[{"href":"https:\/\/www.europesays.com\/fr\/wp-json\/wp\/v2\/media?parent=614035"}],"wp:term":[{"taxonomy":"category","embeddable":true,"href":"https:\/\/www.europesays.com\/fr\/wp-json\/wp\/v2\/categories?post=614035"},{"taxonomy":"post_tag","embeddable":true,"href":"https:\/\/www.europesays.com\/fr\/wp-json\/wp\/v2\/tags?post=614035"}],"curies":[{"name":"wp","href":"https:\/\/api.w.org\/{rel}","templated":true}]}}