{"id":614048,"date":"2025-12-21T15:55:12","date_gmt":"2025-12-21T15:55:12","guid":{"rendered":"https:\/\/www.europesays.com\/fr\/614048\/"},"modified":"2025-12-21T15:55:12","modified_gmt":"2025-12-21T15:55:12","slug":"troisieme-course-et-troisieme-succes-de-lhiver-pour-mathieu-van-der-poel-indomptable-dans-le-sable-de-coyxde","status":"publish","type":"post","link":"https:\/\/www.europesays.com\/fr\/614048\/","title":{"rendered":"Troisi\u00e8me course et troisi\u00e8me succ\u00e8s de l&rsquo;hiver pour Mathieu Van der Poel, indomptable dans le sable de Coyxde"},"content":{"rendered":"<p>Sparfel 2e chez les Espoirs<\/p>\n<p>Plus t\u00f4t ce dimanche, Aubin Sparfel a pris la 2e place \u00e0 Coxyde derri\u00e8re le N\u00e9erlandais David Haverdings. Au-dessus du lot, les deux jeunes coureurs se disputent la t\u00eate du classement g\u00e9n\u00e9ral de la Coupe du monde qu&rsquo;occupe pour l&rsquo;instant le Vosgien, avec trois petits points d&rsquo;avance apr\u00e8s cette troisi\u00e8me manche.<br \/>C\u00f4t\u00e9 f\u00e9minin, Lucinda Brand continue d&rsquo;asseoir sa domination. Victorieuse devant sa co\u00e9quipi\u00e8re Shirin Van Anrooij, la N\u00e9erlandaise de 36\u00a0ans a d\u00e9croch\u00e9 son douzi\u00e8me succ\u00e8s de la saison. Apr\u00e8s un bon d\u00e9part en t\u00eate de course, la championne de France Amandine Fouquenet a recul\u00e9 jusqu&rsquo;\u00e0 la 10e place.<\/p>\n","protected":false},"excerpt":{"rendered":"Sparfel 2e chez les Espoirs Plus t\u00f4t ce dimanche, Aubin Sparfel a pris la 2e place \u00e0 Coxyde&hellip;\n","protected":false},"author":2,"featured_media":614049,"comment_status":"","ping_status":"","sticky":false,"template":"","format":"standard","meta":{"footnotes":""},"categories":[1411],"tags":[1154,207,1011,27,60],"class_list":{"0":"post-614048","1":"post","2":"type-post","3":"status-publish","4":"format-standard","5":"has-post-thumbnail","7":"category-cyclisme","8":"tag-cycling","9":"tag-cyclisme","10":"tag-fr","11":"tag-france","12":"tag-sports"},"share_on_mastodon":{"url":"https:\/\/pubeurope.com\/@fr\/115758374903776553","error":""},"_links":{"self":[{"href":"https:\/\/www.europesays.com\/fr\/wp-json\/wp\/v2\/posts\/614048","targetHints":{"allow":["GET"]}}],"collection":[{"href":"https:\/\/www.europesays.com\/fr\/wp-json\/wp\/v2\/posts"}],"about":[{"href":"https:\/\/www.europesays.com\/fr\/wp-json\/wp\/v2\/types\/post"}],"author":[{"embeddable":true,"href":"https:\/\/www.europesays.com\/fr\/wp-json\/wp\/v2\/users\/2"}],"replies":[{"embeddable":true,"href":"https:\/\/www.europesays.com\/fr\/wp-json\/wp\/v2\/comments?post=614048"}],"version-history":[{"count":0,"href":"https:\/\/www.europesays.com\/fr\/wp-json\/wp\/v2\/posts\/614048\/revisions"}],"wp:featuredmedia":[{"embeddable":true,"href":"https:\/\/www.europesays.com\/fr\/wp-json\/wp\/v2\/media\/614049"}],"wp:attachment":[{"href":"https:\/\/www.europesays.com\/fr\/wp-json\/wp\/v2\/media?parent=614048"}],"wp:term":[{"taxonomy":"category","embeddable":true,"href":"https:\/\/www.europesays.com\/fr\/wp-json\/wp\/v2\/categories?post=614048"},{"taxonomy":"post_tag","embeddable":true,"href":"https:\/\/www.europesays.com\/fr\/wp-json\/wp\/v2\/tags?post=614048"}],"curies":[{"name":"wp","href":"https:\/\/api.w.org\/{rel}","templated":true}]}}