{"id":614054,"date":"2025-12-21T15:58:17","date_gmt":"2025-12-21T15:58:17","guid":{"rendered":"https:\/\/www.europesays.com\/fr\/614054\/"},"modified":"2025-12-21T15:58:17","modified_gmt":"2025-12-21T15:58:17","slug":"a-dourbies-un-artiste-a-donne-une-deuxieme-vie-au-chataignier","status":"publish","type":"post","link":"https:\/\/www.europesays.com\/fr\/614054\/","title":{"rendered":"\u00c0 Dourbies, un artiste a donn\u00e9 une deuxi\u00e8me vie au ch\u00e2taignier"},"content":{"rendered":"<p>\n                                                                Une sculpture remarquable et d\u00e9j\u00e0 tr\u00e8s remarqu\u00e9e dans ce village c\u00e9venol.\n                            <\/p>\n<p>Le ch\u00e2taignier mort sur pied en bordure du boulodrome de Dourbies en 2021 s\u2019offre une seconde vie. C\u2019est en milieu d\u2019ann\u00e9e que la maire, Ir\u00e8ne Lebeau, a soumis \u00e0 son conseil municipal l\u2019id\u00e9e de le faire sculpter.<\/p>\n<p>Yannick Bonjour est arboriste grimpeur et b\u00fbcheron. Il propose \u00e9galement ses services dans le domaine de la scierie mobile et de la sculpture. C\u2019est \u00e0 ce titre qu\u2019il a soumissionn\u00e9 \u00e0 l\u2019appel d\u2019offres de la commune. Le respect des mots-cl\u00e9s\u00a0: solidarit\u00e9, communaut\u00e9, enfants, vieillards, v\u00e9g\u00e9tal et C\u00e9vennes, la qualit\u00e9 du projet dessin\u00e9 et le budget demand\u00e9 cochaient toutes les cases pour confier \u00e0 cet artiste la r\u00e9alisation de ce travail.<\/p>\n<p>Le ch\u00e2taigner, un bois particuli\u00e8rement agr\u00e9able \u00e0 sculpter<\/p>\n<p>Yannick Bonjour \u00e9voque les onze jours pass\u00e9s sur la commune\u00a0: \u00ab\u00a0J\u2019ai tout d\u2019abord d\u00e9couvert le travail sur ch\u00e2taignier que je ne connaissais pas et qui s\u2019av\u00e8re \u00eatre du bois particuli\u00e8rement agr\u00e9able \u00e0 sculpter. Apr\u00e8s avoir mont\u00e9 l\u2019\u00e9chafaudage, j\u2019ai d\u00fb supprimer les parties d\u00e9grad\u00e9es de l\u2019arbre, ce qui explique les formes que je n\u2019ai pu travailler aussi finement qu\u2019\u00e0 mon habitude\u00a0\u00bb. Parmi les outils n\u00e9cessaires, il utilise une gamme de tron\u00e7onneuses dont la cha\u00eene peut atteindre 90\u00a0cm de long, pour aller progressivement jusqu\u2019aux plus petites avec des dentures les plus fines du march\u00e9. Les finitions sont r\u00e9alis\u00e9es \u00e0 l\u2019aide d\u2019outils adaptables sur la disqueuse.<\/p>\n<p>Ce Lod\u00e9vois d\u2019adoption a quitt\u00e9 la Suisse il y a environ six ans. Fils, neveu, petit-fils et oncle de dessinateurs passionn\u00e9s, il voulait \u00eatre illustrateur de BD. Apr\u00e8s son installation en France, il a choisi le m\u00e9tier de paysagiste arboriste grimpeur. La p\u00e9riode de confinement lui a permis d\u2019aborder la r\u00e9alisation de petites sculptures d\u2019os de dinosaures en bois avant de se lancer dans la sculpture \u00e0 la tron\u00e7onneuse. L\u2019arbre sculpt\u00e9 suscite d\u2019ores et d\u00e9j\u00e0 l\u2019admiration et la fiert\u00e9 de tous.<\/p>\n<p>Facebook Yannick Bonjour \u2013 Instagram Osdebois<\/p>\n<p>Correspondant Midi Libre\u00a0: 06\u00a086\u00a072\u00a039\u00a047<\/p>\n","protected":false},"excerpt":{"rendered":"Une sculpture remarquable et d\u00e9j\u00e0 tr\u00e8s remarqu\u00e9e dans ce village c\u00e9venol. Le ch\u00e2taignier mort sur pied en bordure&hellip;\n","protected":false},"author":2,"featured_media":614055,"comment_status":"","ping_status":"","sticky":false,"template":"","format":"standard","meta":{"footnotes":""},"categories":[1358],"tags":[1348,1384,1385,872,1386,58,72482,59,1011,27,2679,2551],"class_list":{"0":"post-614054","1":"post","2":"type-post","3":"status-publish","4":"format-standard","5":"has-post-thumbnail","7":"category-arts-et-design","8":"tag-arts","9":"tag-arts-and-design","10":"tag-arts-et-design","11":"tag-culture-et-loisirs","12":"tag-design","13":"tag-divertissement","14":"tag-dourbies","15":"tag-entertainment","16":"tag-fr","17":"tag-france","18":"tag-gard","19":"tag-patrimoine"},"share_on_mastodon":{"url":"https:\/\/pubeurope.com\/@fr\/115758386605441422","error":""},"_links":{"self":[{"href":"https:\/\/www.europesays.com\/fr\/wp-json\/wp\/v2\/posts\/614054","targetHints":{"allow":["GET"]}}],"collection":[{"href":"https:\/\/www.europesays.com\/fr\/wp-json\/wp\/v2\/posts"}],"about":[{"href":"https:\/\/www.europesays.com\/fr\/wp-json\/wp\/v2\/types\/post"}],"author":[{"embeddable":true,"href":"https:\/\/www.europesays.com\/fr\/wp-json\/wp\/v2\/users\/2"}],"replies":[{"embeddable":true,"href":"https:\/\/www.europesays.com\/fr\/wp-json\/wp\/v2\/comments?post=614054"}],"version-history":[{"count":0,"href":"https:\/\/www.europesays.com\/fr\/wp-json\/wp\/v2\/posts\/614054\/revisions"}],"wp:featuredmedia":[{"embeddable":true,"href":"https:\/\/www.europesays.com\/fr\/wp-json\/wp\/v2\/media\/614055"}],"wp:attachment":[{"href":"https:\/\/www.europesays.com\/fr\/wp-json\/wp\/v2\/media?parent=614054"}],"wp:term":[{"taxonomy":"category","embeddable":true,"href":"https:\/\/www.europesays.com\/fr\/wp-json\/wp\/v2\/categories?post=614054"},{"taxonomy":"post_tag","embeddable":true,"href":"https:\/\/www.europesays.com\/fr\/wp-json\/wp\/v2\/tags?post=614054"}],"curies":[{"name":"wp","href":"https:\/\/api.w.org\/{rel}","templated":true}]}}