{"id":614057,"date":"2025-12-21T16:00:18","date_gmt":"2025-12-21T16:00:18","guid":{"rendered":"https:\/\/www.europesays.com\/fr\/614057\/"},"modified":"2025-12-21T16:00:18","modified_gmt":"2025-12-21T16:00:18","slug":"on-meurt-de-naitre-femme","status":"publish","type":"post","link":"https:\/\/www.europesays.com\/fr\/614057\/","title":{"rendered":"On meurt de na\u00eetre femme"},"content":{"rendered":"<p>Par <a class=\"author_recette\" id=\"author_name\" href=\"https:\/\/www.nextplz.fr\/auteur\/camille-mutin\" target=\"_blank\" rel=\"noopener\">Camille<br \/>\nMutin<\/a> &#8211;<br \/>\nPubli\u00e9 le 21 D\u00e9c 2025 \u00e0<br \/>\n16:00<\/p>\n<p class=\"article-intro excerpt\">Sur le plateau de C \u00e0 vous, Bruno<br \/>\nSolo a d\u00e9livr\u00e9 un discours puissant et inspirant sur le sujet<br \/>\nd\u00e9licat du f\u00e9minisme.<\/p>\n<p>Le 25 novembre dernier, en marge de la journ\u00e9e internationale<br \/>\ncontre les violences faites aux femmes, ONU Femmes France a publi\u00e9<br \/>\nune tribune, Le silence des hommes doit cesser. Plusieurs<br \/>\nhommes de notori\u00e9t\u00e9 publique ont sign\u00e9, dont David Pelicot, Nagui,<br \/>\nVianney ou encore Bruno Solo. Invit\u00e9 par RMC, <a href=\"https:\/\/www.nextplz.fr\/people\/497990-bruno-solo-cash-metier-dacteur-faut-tenir-rythme\" target=\"_blank\" rel=\"noopener\"><br \/>\nle com\u00e9dien<\/a> a expliqu\u00e9 son engagement : \u00ab\u00a0C\u00a0\u00bbest \u00e0 nous, les<br \/>\nhommes, de changer nos comportements et de nous bagarrer avec les<br \/>\nfemmes, \u00e0 leurs c\u00f4t\u00e9s, nos amies, nos m\u00e8res, nos soeurs, nos<br \/>\n\u00e9pouses, et d&rsquo;avancer en m\u00eame temps.\u00a0\u00bb Bruno Solo est tr\u00e8s<br \/>\ninvesti dans la cause f\u00e9ministe, et prouve son intelligence et sa<br \/>\nconnaissance du sujet. Sur le plateau de C \u00e0 vous,<br \/>\nl&rsquo;acteur a frapp\u00e9 fort. On vous dit tout.<\/p>\n<p>Napol\u00e9on : un point<br \/>\nculminant du patriarcat<\/p>\n<p>Cette semaine, Bruno Solo \u00e9tait l&rsquo;invit\u00e9 de C \u00e0 vous.<br \/>\nUne occasion pour l&rsquo;artiste de revenir sur son engagement f\u00e9ministe<br \/>\n: \u00ab\u00a0Napol\u00e9on n&rsquo;est pas l&rsquo;unique responsable de la mysoginie et<br \/>\ndu patriarcat, mais il l&rsquo;a codifi\u00e9. Au travers du Code Civil, il a<br \/>\ncodifi\u00e9 une certaine id\u00e9e du patriarcat, de la toute-puissance<br \/>\nmasculine (&#8230;) On a grandi dans cette id\u00e9e extr\u00eamement puissante<br \/>\ndu patriarcat tout-puissant, qui concerne pas mal de pays, mais<br \/>\nqui, en France, a fait des ravages. On conna\u00eet les chiffres de<br \/>\nnombre de f\u00e9minicides depuis le d\u00e9but de l&rsquo;ann\u00e9e, et l&rsquo;ann\u00e9e n&rsquo;est<br \/>\npas encore termin\u00e9e.\u00a0\u00bb Bruno Solo invite (pouse fortement) les<br \/>\nhommes \u00e0 s&rsquo;investir davantage. On vous en dit plus.<\/p>\n<blockquote class=\"instagram-media\" data-instgrm-captioned=\"\" data-instgrm-permalink=\"https:\/\/www.instagram.com\/reel\/DSc_EzniIf7\/?utm_source=ig_embed&amp;utm_campaign=loading\" data-instgrm-version=\"14\" style=\"background:#FFF; border:0; border-radius:3px; box-shadow:0 0 1px 0 rgba(0,0,0,0.5),0 1px 10px 0 rgba(0,0,0,0.15); margin: 1px; max-width:540px; min-width:326px; padding:0; width:99.375%; width:-webkit-calc(100% - 2px); width:calc(100% - 2px);\">\n<\/blockquote>\n<p>Bruno Solo : \u00ab\u00a0Il<br \/>\ns&rsquo;agit d&rsquo;\u00eatre sur la m\u00eame ligne\u00a0\u00bb<\/p>\n<p>Toujours sur le plateau de C \u00e0 vous, Bruno Solo<br \/>\npoursuit : \u00ab\u00a0Comme le disait Giulia Fo\u00efs dans son livre<br \/>\nremarquable, elle dit : &lsquo;Pas tous les hommes, mais \u00e0 chaque fois un<br \/>\nhomme&rsquo; (&#8230;) 97% des agressions, ce sont des hommes sur des femmes.<br \/>\nJe me bagarre depuis tr\u00e8s longtemps l\u00e0-dessus. Il ne s&rsquo;agit pas<br \/>\nd&rsquo;\u00eatre devant, d&rsquo;\u00eatre en retrait, il s&rsquo;agit d&rsquo;\u00eatre sur la m\u00eame<br \/>\nligne, \u00e0 c\u00f4t\u00e9 des femmes, et de se bagarrer (&#8230;) Pour \u00eatre digne<br \/>\nd&rsquo;\u00eatre un \u00eatre humain, il saut s&rsquo;engager sur ces combats l\u00e0, parce<br \/>\nque c&rsquo;est le combat pour l&rsquo;autre partie de l&rsquo;humanit\u00e9, les femmes,<br \/>\nqui est la partie la plus martyris\u00e9e dans le monde.\u00a0\u00bb L&rsquo;artiste<br \/>\nconclut par une phrase tr\u00e8s puissante : \u00ab\u00a0Dans certains pays, on<br \/>\nmeurt de na\u00eetre femme.\u00a0\u00bb Un engagement admirable et<br \/>\nn\u00e9cessaire.<a href=\"https:\/\/cat.nl3.eu.criteo.com\/delivery\/ckn.php?cppv=3&amp;cpp=Cj3COgrZck739n45iNQw9LozVLbtEFnm84IIioIEVX6CHmU5HO-6aOfOQnasY2SHNg8gn7-7-ZGbVgeyrqEXsU1Gb8F7dicuQy9aF-yu-H4JWqtdNIb9vjDchTOy4kwWiLGIHCt0Y5WjGUB9s-O5xNtzFkC_KtQHLoQjOSIgKuHpa7HvYY8uA0KV9gu_PfeMdW3LuIZs92nyxazNqUkqcSDu_aGn90MG9FxhpHWmKXge0urPXaPeVFYX2F4BLpuExhvvpw-HPxMGSFHzuk74BWPLjgEBwSJ6Ho09PS9mZ545FgCEDe6yFWP69vuFun-t_N9dW-jU4jS9sUicDXjgWfrs3i7QfCTKzyOrzmRYNKwOzPB3F4VIUoFmVJm_rwLxDuOy7f2anPS7fIp9Juz2KTdwi1M_iS8fVAUMRxFo1-0zpyzgsCcybEWYF31VOfBGbw_XiAxhXDY-HzyvaMrJUXRxhrR2z1oeVDFQZaFrUQW3vPA4n78BYyvX_wYBji6jAufZCpb6f2frk3l6RKL-DDd2AiaUX-hIjdhkfMocBJUmYhO9FXFsD-OuqOWRmsNTX5KIKab8jPw_m5IA34J0DFKgiRUg7kDJ3Ab5n-bK-Dy-2MbsWwrtw-Acb1g6L9Wcy8n5LcPL1LFTond0L2SVAo1aDRbHficrbb-ohRcXsM3ivZ0A5jT6Z6y5uCb7AWWRroDUe5cBd9qCFldAiKLrj_nhJICbJcWN_tk5GqF_F3IWXy0s&amp;maxdest=https%3A%2F%2Fwww.passagedudesir.fr%3Futm_source%3Dcriteo%26utm_medium%3Ddisplay%26utm_campaign%3Dmy_campaign%26utm_id%3D506953%26cto_pld%3Dq6FwXKLVAQCkBgIAsk955Q\" target=\"_blank\" rel=\"noreferrer noopener\"><\/p>\n<p><script async src=\"\/\/www.instagram.com\/embed.js\"><\/script><\/p>\n","protected":false},"excerpt":{"rendered":"Par Camille Mutin &#8211; Publi\u00e9 le 21 D\u00e9c 2025 \u00e0 16:00 Sur le plateau de C \u00e0 vous,&hellip;\n","protected":false},"author":2,"featured_media":614058,"comment_status":"","ping_status":"","sticky":false,"template":"","format":"standard","meta":{"footnotes":""},"categories":[1356],"tags":[58,59,1011,27,252,1364],"class_list":{"0":"post-614057","1":"post","2":"type-post","3":"status-publish","4":"format-standard","5":"has-post-thumbnail","7":"category-television","8":"tag-divertissement","9":"tag-entertainment","10":"tag-fr","11":"tag-france","12":"tag-television","13":"tag-tv"},"share_on_mastodon":{"url":"https:\/\/pubeurope.com\/@fr\/115758394550308831","error":""},"_links":{"self":[{"href":"https:\/\/www.europesays.com\/fr\/wp-json\/wp\/v2\/posts\/614057","targetHints":{"allow":["GET"]}}],"collection":[{"href":"https:\/\/www.europesays.com\/fr\/wp-json\/wp\/v2\/posts"}],"about":[{"href":"https:\/\/www.europesays.com\/fr\/wp-json\/wp\/v2\/types\/post"}],"author":[{"embeddable":true,"href":"https:\/\/www.europesays.com\/fr\/wp-json\/wp\/v2\/users\/2"}],"replies":[{"embeddable":true,"href":"https:\/\/www.europesays.com\/fr\/wp-json\/wp\/v2\/comments?post=614057"}],"version-history":[{"count":0,"href":"https:\/\/www.europesays.com\/fr\/wp-json\/wp\/v2\/posts\/614057\/revisions"}],"wp:featuredmedia":[{"embeddable":true,"href":"https:\/\/www.europesays.com\/fr\/wp-json\/wp\/v2\/media\/614058"}],"wp:attachment":[{"href":"https:\/\/www.europesays.com\/fr\/wp-json\/wp\/v2\/media?parent=614057"}],"wp:term":[{"taxonomy":"category","embeddable":true,"href":"https:\/\/www.europesays.com\/fr\/wp-json\/wp\/v2\/categories?post=614057"},{"taxonomy":"post_tag","embeddable":true,"href":"https:\/\/www.europesays.com\/fr\/wp-json\/wp\/v2\/tags?post=614057"}],"curies":[{"name":"wp","href":"https:\/\/api.w.org\/{rel}","templated":true}]}}