{"id":614087,"date":"2025-12-21T16:18:13","date_gmt":"2025-12-21T16:18:13","guid":{"rendered":"https:\/\/www.europesays.com\/fr\/614087\/"},"modified":"2025-12-21T16:18:13","modified_gmt":"2025-12-21T16:18:13","slug":"intemperies-a-montpellier-un-cedre-impressionnant-deracine-dans-le-parc-de-lhopital-saint-eloi","status":"publish","type":"post","link":"https:\/\/www.europesays.com\/fr\/614087\/","title":{"rendered":"Intemp\u00e9ries \u00e0 Montpellier\u00a0: un c\u00e8dre impressionnant d\u00e9racin\u00e9 dans le parc de l\u2019h\u00f4pital Saint-Eloi"},"content":{"rendered":"<p>\n                                                                L\u2019arbre centenaire n\u2019a pas r\u00e9sist\u00e9 au sol d\u00e9tremp\u00e9 et aux rafales de vent.\n                            <\/p>\n<p>La pluie qui ne cesse de tomber sur l\u2019H\u00e9rault, plac\u00e9 en vigilance orange aux crues et vigilance jaune pour les inondations, a caus\u00e9 des d\u00e9g\u00e2ts dans le parc de l\u2019h\u00f4pital Saint-Eloi \u00e0 Montpellier. Malgr\u00e9 sa stature imposante et son tronc massif, un c\u00e8dre n\u2019a pas r\u00e9sist\u00e9 au sol fortement d\u00e9tremp\u00e9 et a \u00e9t\u00e9 enti\u00e8rement d\u00e9racin\u00e9.<\/p>\n<p>Pas de bless\u00e9<\/p>\n<p>L\u2019incident n\u2019a caus\u00e9 aucun d\u00e9g\u00e2t mat\u00e9riel ni de bless\u00e9.<\/p>\n","protected":false},"excerpt":{"rendered":"L\u2019arbre centenaire n\u2019a pas r\u00e9sist\u00e9 au sol d\u00e9tremp\u00e9 et aux rafales de vent. La pluie qui ne cesse&hellip;\n","protected":false},"author":2,"featured_media":614088,"comment_status":"","ping_status":"","sticky":false,"template":"","format":"standard","meta":{"footnotes":""},"categories":[9599],"tags":[1111,11,1777,674,1011,27,7089,71962,2208,15882,12,2680,25],"class_list":{"0":"post-614087","1":"post","2":"type-post","3":"status-publish","4":"format-standard","5":"has-post-thumbnail","7":"category-montpellier","8":"tag-actu","9":"tag-actualites","10":"tag-eu","11":"tag-europe","12":"tag-fr","13":"tag-france","14":"tag-herault","15":"tag-intempu00e9ries","16":"tag-montpellier","17":"tag-mu00e9tu00e9o","18":"tag-news","19":"tag-occitanie","20":"tag-republique-francaise"},"share_on_mastodon":{"url":"https:\/\/pubeurope.com\/@fr\/115758465392285182","error":""},"_links":{"self":[{"href":"https:\/\/www.europesays.com\/fr\/wp-json\/wp\/v2\/posts\/614087","targetHints":{"allow":["GET"]}}],"collection":[{"href":"https:\/\/www.europesays.com\/fr\/wp-json\/wp\/v2\/posts"}],"about":[{"href":"https:\/\/www.europesays.com\/fr\/wp-json\/wp\/v2\/types\/post"}],"author":[{"embeddable":true,"href":"https:\/\/www.europesays.com\/fr\/wp-json\/wp\/v2\/users\/2"}],"replies":[{"embeddable":true,"href":"https:\/\/www.europesays.com\/fr\/wp-json\/wp\/v2\/comments?post=614087"}],"version-history":[{"count":0,"href":"https:\/\/www.europesays.com\/fr\/wp-json\/wp\/v2\/posts\/614087\/revisions"}],"wp:featuredmedia":[{"embeddable":true,"href":"https:\/\/www.europesays.com\/fr\/wp-json\/wp\/v2\/media\/614088"}],"wp:attachment":[{"href":"https:\/\/www.europesays.com\/fr\/wp-json\/wp\/v2\/media?parent=614087"}],"wp:term":[{"taxonomy":"category","embeddable":true,"href":"https:\/\/www.europesays.com\/fr\/wp-json\/wp\/v2\/categories?post=614087"},{"taxonomy":"post_tag","embeddable":true,"href":"https:\/\/www.europesays.com\/fr\/wp-json\/wp\/v2\/tags?post=614087"}],"curies":[{"name":"wp","href":"https:\/\/api.w.org\/{rel}","templated":true}]}}