{"id":614091,"date":"2025-12-21T16:20:16","date_gmt":"2025-12-21T16:20:16","guid":{"rendered":"https:\/\/www.europesays.com\/fr\/614091\/"},"modified":"2025-12-21T16:20:16","modified_gmt":"2025-12-21T16:20:16","slug":"place-du-commerce-a-rouen-deux-nouveaux-bars-et-une-galerie-dart","status":"publish","type":"post","link":"https:\/\/www.europesays.com\/fr\/614091\/","title":{"rendered":"Place du commerce \u00e0 Rouen. Deux nouveaux bars et une galerie d&rsquo;art"},"content":{"rendered":"<p melodystyle=\"texte\">Deux nouveaux bars sont \u00e0 d\u00e9couvrir dans le centre-ville de Rouen, il s&rsquo;agit du Vintage et du Cercle des ar\u00f4mes. La ville dispose aussi d&rsquo;une nouvelle galerie d&rsquo;art, ADN Art d\u00e9di\u00e9 \u00e0 la nature.<\/p>\n<p>Cocktails, vins et \u0153uvres artistiques<\/p>\n<p melodystyle=\"texte\">Le bar Le Vintage situ\u00e9 au 8 rue Jean Lecanuet a chang\u00e9 de propri\u00e9taires en avril dernier. Des cocktails, du vin, des planches \u00e0 partager et du camembert r\u00f4ti sont propos\u00e9s \u00e0 la carte. Les clients y sont accueillis du lundi au jeudi de 17h \u00e0 minuit et jusqu&rsquo;\u00e0 1h30 les vendredis et samedis. Au 158 rue Martainville, un nouveau bar \u00e0 vin a aussi ouvert ses portes : Le Cercle des ar\u00f4mes. Il remplace le Victorine Jazz &amp; wine, \u00e0 ne pas confondre avec le Victorine piano bar rue Malpalu, toujours ouvert. Dans ce nouveau lieu, le vin est \u00e0 l&rsquo;honneur aux c\u00f4t\u00e9s des mets normands \u00e0 partager du mardi au samedi de 17h \u00e0 minuit. Enfin, ouvert depuis peu \u00e0 Rouen au 57 rue des Faulx, ADN Art d\u00e9di\u00e9 \u00e0 la nature est \u00e0 la fois une galerie d&rsquo;art, une librairie et une carterie. Plusieurs artistes y exposent leurs \u0153uvres comme Emilie Bredel, bas\u00e9e \u00e0 Rouen. Elles sont \u00e0 d\u00e9couvrir du mercredi au samedi de 11h \u00e0 19h.<\/p>\n","protected":false},"excerpt":{"rendered":"Deux nouveaux bars sont \u00e0 d\u00e9couvrir dans le centre-ville de Rouen, il s&rsquo;agit du Vintage et du Cercle&hellip;\n","protected":false},"author":2,"featured_media":614092,"comment_status":"","ping_status":"","sticky":false,"template":"","format":"standard","meta":{"footnotes":""},"categories":[9587],"tags":[1111,11,1777,674,1011,27,12,5161,25,9590],"class_list":{"0":"post-614091","1":"post","2":"type-post","3":"status-publish","4":"format-standard","5":"has-post-thumbnail","7":"category-rouen","8":"tag-actu","9":"tag-actualites","10":"tag-eu","11":"tag-europe","12":"tag-fr","13":"tag-france","14":"tag-news","15":"tag-normandie","16":"tag-republique-francaise","17":"tag-rouen"},"share_on_mastodon":{"url":"https:\/\/pubeurope.com\/@fr\/115758473369956603","error":""},"_links":{"self":[{"href":"https:\/\/www.europesays.com\/fr\/wp-json\/wp\/v2\/posts\/614091","targetHints":{"allow":["GET"]}}],"collection":[{"href":"https:\/\/www.europesays.com\/fr\/wp-json\/wp\/v2\/posts"}],"about":[{"href":"https:\/\/www.europesays.com\/fr\/wp-json\/wp\/v2\/types\/post"}],"author":[{"embeddable":true,"href":"https:\/\/www.europesays.com\/fr\/wp-json\/wp\/v2\/users\/2"}],"replies":[{"embeddable":true,"href":"https:\/\/www.europesays.com\/fr\/wp-json\/wp\/v2\/comments?post=614091"}],"version-history":[{"count":0,"href":"https:\/\/www.europesays.com\/fr\/wp-json\/wp\/v2\/posts\/614091\/revisions"}],"wp:featuredmedia":[{"embeddable":true,"href":"https:\/\/www.europesays.com\/fr\/wp-json\/wp\/v2\/media\/614092"}],"wp:attachment":[{"href":"https:\/\/www.europesays.com\/fr\/wp-json\/wp\/v2\/media?parent=614091"}],"wp:term":[{"taxonomy":"category","embeddable":true,"href":"https:\/\/www.europesays.com\/fr\/wp-json\/wp\/v2\/categories?post=614091"},{"taxonomy":"post_tag","embeddable":true,"href":"https:\/\/www.europesays.com\/fr\/wp-json\/wp\/v2\/tags?post=614091"}],"curies":[{"name":"wp","href":"https:\/\/api.w.org\/{rel}","templated":true}]}}