{"id":614095,"date":"2025-12-21T16:24:40","date_gmt":"2025-12-21T16:24:40","guid":{"rendered":"https:\/\/www.europesays.com\/fr\/614095\/"},"modified":"2025-12-21T16:24:40","modified_gmt":"2025-12-21T16:24:40","slug":"poste-chavant-encore-un-projet-bloque","status":"publish","type":"post","link":"https:\/\/www.europesays.com\/fr\/614095\/","title":{"rendered":"POSTE CHAVANT : ENCORE UN PROJET BLOQU\u00c9"},"content":{"rendered":"<p>Posted On 21 d\u00e9cembre 2025 <\/p>\n<p style=\"text-align: justify;\">\u00ab\u00a0En attendant un projet d\u2019ampleur, pour l\u2019instant mis sur pause, un appel \u00e0 candidatures a \u00e9t\u00e9 lanc\u00e9 pour occuper une partie des locaux du quartier Chavant\u00a0\u00bb d\u00e9crypte Albane Pommereau (DL du 21\/12\/25). En r\u00e9alit\u00e9 le \u00ab\u00a0projet d&rsquo;ampleur\u00a0\u00bb annonc\u00e9 en grandes pompes par la municipalit\u00e9 est bloqu\u00e9 : il ne se passe rien sur la Tour Chavant de la Poste.\u00a0<\/p>\n<p style=\"text-align: justify;\">Le projet pr\u00e9voyait un b\u00e2timent destin\u00e9 \u00e0 accueillir des bureaux et la transformation de la tour pour la cr\u00e9ation de logements, priv\u00e9s et sociaux, avec rooftop au sommet et salle d\u2019escalade au sous-sol. Il devait \u00eatre livr\u00e9 en &#8230;. 2024.<\/p>\n<p><img decoding=\"async\" data-id=\"86775\" src=\"https:\/\/grenoble-le-changement.fr\/wp-content\/uploads\/2025\/12\/La-Poste-.png\" alt=\"\" class=\"wp-image-86775 jetpack-lazy-image\" data-lazy-src=\"https:\/\/www.europesays.com\/fr\/wp-content\/uploads\/2025\/12\/La-Poste-.png\" \/><br \/>\nLe projet en panne depuis 5 ans ! <\/p>\n<p><strong>LES \u00c9LUS ROUGE\/VERTS IMPOSENT DES CONTRAINTES QUI TUENT LES PROJETS<\/strong><\/p>\n<p style=\"text-align: justify;\">En plein centre ville, dans un b\u00e2timent de cette ampleur et de cette importance, voir le projet bloqu\u00e9 est un vrai cr\u00e8ve-coeur. Il est vrai que les adjoints (comp\u00e9tents !)<a href=\"https:\/\/grenoble-le-changement.fr\/2025\/03\/29\/lurbanisme-et-la-sante-la-municipalite-garantit-2040\/\" target=\"_blank\" rel=\"noopener\"> successifs \u00e0 l&rsquo;urbanisme<\/a> s&rsquo;en sont charg\u00e9s, Pierre-Andr\u00e9 Juven et Margot Belair (Verts\/LFI). Dans le cadre d&rsquo;une bureaucratie pesante, ils ont certainement impos\u00e9 des contraintes qui interdisent la r\u00e9alisation de tout projet viable.\u00a0<\/p>\n<p style=\"text-align: justify;\"><strong>ALORS QUE GRENOBLE PERD DES HABITANTS<\/strong><\/p>\n<p style=\"text-align: justify;\">Face \u00e0 la cit\u00e9 Hoche dont on connait le succ\u00e8s, les \u00e9lus ont encore voulu accentuer la \u00ab\u00a0mixit\u00e9 sociale\u00a0\u00bb et non pas tirer le centre ville vers le haut. <a href=\"https:\/\/grenoble-le-changement.fr\/2025\/12\/19\/population-lhemorragie-continue-grenoble-bientot-hors-du-top-20\/\" target=\"_blank\" rel=\"noopener\">La perte d&rsquo;habitants de la ville &#8211;<\/a> la seule grande ville de France dans ce cas &#8211; ne les pousse aucunement \u00e0 modifier leurs dogmes.\u00a0<\/p>\n<p style=\"text-align: justify;\">La Poste Immobilier n&rsquo;est probablement pas en mesure de rentabiliser un projet avec de telles obligations. Pour la municipalit\u00e9 le temps perdu n&rsquo;est pas de l&rsquo;argent. Ce n&rsquo;est pas le sien. Avec Laurence Ruffin, qui discours sur les g\u00e9n\u00e9ralit\u00e9s perch\u00e9es, les m\u00eames blocages seraient perp\u00e9tr\u00e9s.<\/p>\n<p style=\"text-align: justify;\"><strong>ON ATTEND LES \u00c9LECTIONS MUNICIPALES<\/strong><\/p>\n<p style=\"text-align: justify;\">\u00ab Il est encore trop t\u00f4t pour en parler mais l\u2019objectif est bien de r\u00e9habiliter le b\u00e2timent. On pourra \u00eatre plus pr\u00e9cis sur le projet dans l\u2019ann\u00e9e 2026 \u00bb explique\u00a0 La Poste. D&rsquo;ailleurs Baptiste Garmy, chef de projet pour Ma Friche urbaine confirme que \u00ab tout est en pause. D\u2019autant qu\u2019il va y avoir des \u00e9lections municipales dans quelques mois. Et s\u2019il y a un futur projet, il faudra qu\u2019il soit repens\u00e9 aussi en lien avec les partenaires et collectivit\u00e9s \u00bb (DL du 21\/12\/25).<\/p>\n<p><img decoding=\"async\" data-id=\"85216\" src=\"https:\/\/grenoble-le-changement.fr\/wp-content\/uploads\/2025\/10\/Ruffin-Peters-Belair-.png\" alt=\"\" class=\"wp-image-85216 jetpack-lazy-image\" data-lazy-src=\"https:\/\/www.europesays.com\/fr\/wp-content\/uploads\/2025\/10\/Ruffin-Peters-Belair-.png\" \/><br \/>\nMargot Belair (\u00e0 droite) actuelle adjointe \u00e0 l&rsquo;urbanisme et \u00e0 la b\u00e9tonisation de la ville avec Laurence Ruffin et Isabelle Peters (PCF) qui veulent continuer aussi \u00e0 paup\u00e9riser Grenoble (<a target=\"_blank\" href=\"https:\/\/www.placegrenet.fr\/\" rel=\"noopener\">photo Place Gre&rsquo;Net<\/a>)<\/p>\n<p><strong>A. CARIGNON VEUT UTILISER LA TOUR CHAVANT POUR TIRER LE CENTRE-VILLE<\/strong><\/p>\n<p style=\"text-align: justify;\">\u00c7a tombe bien puisqu&rsquo;Alain Carignon au nom de \u00ab\u00a0R\u00e9concilier Grenoble\u00a0\u00bb veut utiliser cette potentialit\u00e9\u00a0 pour \u00ab\u00a0tirer \u00e0 nouveau notre centre ville vers l&rsquo;excellence\u00a0\u00bb et demandera que le projet soit vite r\u00e9alis\u00e9 en ce sens. Avec un rooftop au sommet, la tour Chavant peut \u00eatre un symbole d&rsquo;un nouveau d\u00e9part de la ville.\u00a0<a href=\"https:\/\/grenoble-le-changement.fr\/2025\/07\/06\/berriat-le-vote-des-grenoblois-determinant-pour-le-projet-damenagement\/\" target=\"_blank\" rel=\"noopener\"> Comme \u00e0 Berriat<\/a> ou <a href=\"https:\/\/grenoble-le-changement.fr\/2025\/11\/25\/place-de-metz-les-municipales-seront-un-referendum-pour-les-grenoblois\/\" target=\"_blank\" rel=\"noopener\">tr\u00e8s pr\u00e8s, place de Metz,<\/a> le vote de mars d\u00e9terminera l&rsquo;avenir du projet.<\/p>\n<p style=\"text-align: justify;\"><strong>DES OCCUPANTS TEMPORAIRES<\/strong><\/p>\n<p style=\"text-align: justify;\">En attendant la Poste pr\u00e9voit de r\u00e9activer le lieu. \u00ab\u00a0C\u2019est un b\u00e2timent qui co\u00fbte cher \u00e0 La Poste, il doit en plus \u00eatre surveill\u00e9 constamment, notamment pour les risques d&rsquo;incendies \u00bb, pr\u00e9cise encore Baptiste Garmy\u00a0 au DL. Il y aura donc des occupants temporaires en attendant qu&rsquo;une nouvelle municipalit\u00e9 lib\u00e8re les initiatives au lieu de les brider.<\/p>\n<p style=\"text-align: justify;\"><strong>LA MUNICIPALIT\u00c9 A CR\u00c9\u00c9 UNE FRICHE URBAINE TEMPORAIRE<\/strong><\/p>\n<p style=\"text-align: justify;\">Ce dossier embl\u00e9matique, au milieu de tant d&rsquo;autres, est symbolique de la vie \u00e0 Grenoble sous Piolle II. Alors que notre coeur de M\u00e9tropole souffre, que notre ville se vide, la majorit\u00e9 municipale r\u00e9ussit \u00e0 faire d&rsquo;une fantastique opportunit\u00e9 une friche urbaine temporaire !\u00a0<\/p>\n<p><a href=\"https:\/\/grenoble-le-changement.fr\/wp-content\/uploads\/2025\/12\/Capture-de\u0301cran-2025-12-20-a\u0300-15.03.06.png\" rel=\"lightbox[86774] noopener\" target=\"_blank\"><img decoding=\"async\" data-id=\"86778\" src=\"https:\/\/grenoble-le-changement.fr\/wp-content\/uploads\/2025\/12\/Capture-de\u0301cran-2025-12-20-a\u0300-15.03.06-1024x769.png\" alt=\"\" class=\"wp-image-86778 jetpack-lazy-image\" data-lazy-src=\"https:\/\/www.europesays.com\/fr\/wp-content\/uploads\/2025\/12\/Capture-de\u0301cran-2025-12-20-a\u0300-15.03.06-1024x769.png\" \/><\/a><br \/>\nUne autre friche urbaine plus modeste qui \u00ab\u00a0embellit\u00a0\u00bb la rue de Belgrade depuis 10 ans : garage vide, d\u00e9grad\u00e9, tagu\u00e9 qui appartient \u00e0 la collectivit\u00e9 : la qualit\u00e9 de l&rsquo;espace public et les recettes \u00e9ventuelles n&rsquo;int\u00e9ressent aucunement Margot Belair et Laurence Ruffin <\/p>\n<p><strong>L. RUFFIN POURSUIVRAIT DANS LES RECETTES PERDUES <\/strong><\/p>\n<p style=\"text-align: justify;\">Les raisons de <a href=\"https:\/\/grenoble-le-changement.fr\/2025\/10\/10\/crise-financiere-les-propositions-alain-carignon-pour-eviter-la-hausse-dimpots\/\" target=\"_blank\" rel=\"noopener\">l&rsquo;asphyxie financi\u00e8re de la ville et de la M\u00e9tropole sont nombreuses.<\/a> Mais le refus de toute dynamique commerciale et immobili\u00e8re y participe lourdement. Combien recettes perdues du fait de locaux municipaux vides, abandonn\u00e9s, y compris en plein centre ville ?\u00a0<\/p>\n<p style=\"text-align: justify;\">La trajectoire financi\u00e8re de Laurence Ruffin qui \u00e9pouse celle de la majorit\u00e9 sortante en prolongeant cet immobilisme coupable est \u00e9galement connue. <a href=\"https:\/\/grenoble-le-changement.fr\/2025\/12\/18\/finances-la-liste-ruffin-poursuivrait-dans-laugmentation-dimpots\/\" target=\"_blank\" rel=\"noopener\">Une nouvelle augmentation d&rsquo;imp\u00f4ts attend les grenoblois.\u00a0<\/a><\/p>\n<p style=\"text-align: justify;\"><strong>GRENOBLE POURRAIT CHANGER VITE D&rsquo;IMAGE ET DE VISAGE<\/strong><\/p>\n<p style=\"text-align: justify;\">La Tour Chavant est un bel exemple symbolique du tournant que pourrait prendre Grenoble avec le changement de municipalit\u00e9: en utilisant les capacit\u00e9s disponibles de la ville, priv\u00e9e et publique, en accompagnant les \u00e9nergies existantes plut\u00f4t que de les freiner, la ville pourrait vite changer d&rsquo;image et de visage.\u00a0<\/p>\n<p style=\"text-align: justify;\">Il n&rsquo;y a rien de plus urgent pour enrayer <a href=\"https:\/\/grenoble-le-changement.fr\/2025\/08\/08\/logement-piolle-fait-exploser-la-grande-arnaque-de-laurence-ruffin-verts-lfi\/\" target=\"_blank\" rel=\"noopener\">la tendance baissi\u00e8re sur tous les plans<\/a>. Celle qui a<a href=\"https:\/\/grenoble-le-changement.fr\/2025\/04\/10\/logement-la-pauperisation-de-la-ville-saccelere\/\" target=\"_blank\" rel=\"noopener\">ppauvrit tout le monde,<\/a>\u00a0ferme toutes les perspectives aux plus d\u00e9favoris\u00e9s.\u00a0<\/p>\n<p style=\"text-align: justify;\"><strong>L. RUFFIN CACHE QU&rsquo;ELLE CONTINUERAIT EXACTEMENT AVEC LA M\u00caME METHODE<\/strong><\/p>\n<p style=\"text-align: justify;\">Dossier par dossier, rue par rue, Alain Carignon et son \u00e9quipe apportent des r\u00e9ponses, des pistes, des actions. Pendant que Laurence Ruffin se r\u00e9fugie dans la th\u00e9orie politique pour cacher qu&rsquo;elle continuerait exactement avec la m\u00eame m\u00e9thode brutale et ferm\u00e9e.\u00a0<\/p>\n<p style=\"text-align: justify;\">Tandis que tous les autres candidats, quelle que soit la bonne volont\u00e9 de certains, d\u00e9montrent qu&rsquo;ils ne sont pas pr\u00eats \u00e0 embrasser et affronter tous les \u00e9normes d\u00e9fis de la ville. \u00c0 la veille de la tr\u00eave de No\u00ebl, la prise de conscience est de plus en plus large qu&rsquo;il faut faire confiance \u00e0 \u00ab\u00a0R\u00e9concilier Grenoble\u00a0\u00bb avec l&rsquo;\u00e9quipe et le chef d&rsquo;\u00e9quipe les plus pr\u00e9par\u00e9s r\u00e9pondre vite et bien \u00e0 ces d\u00e9fis.<\/p>\n","protected":false},"excerpt":{"rendered":"Posted On 21 d\u00e9cembre 2025 \u00ab\u00a0En attendant un projet d\u2019ampleur, pour l\u2019instant mis sur pause, un appel \u00e0&hellip;\n","protected":false},"author":2,"featured_media":614096,"comment_status":"","ping_status":"","sticky":false,"template":"","format":"standard","meta":{"footnotes":""},"categories":[9566],"tags":[1111,11,9601,40027,2430,72485,9607,1777,674,1011,27,2731,10136,10613,12,10138,25],"class_list":{"0":"post-614095","1":"post","2":"type-post","3":"status-publish","4":"format-standard","5":"has-post-thumbnail","7":"category-grenoble","8":"tag-actu","9":"tag-actualites","10":"tag-alain-carignon","11":"tag-albane-pommereau","12":"tag-auvergne-rhone-alpes","13":"tag-baptiste-garmy","14":"tag-eric-piolle","15":"tag-eu","16":"tag-europe","17":"tag-fr","18":"tag-france","19":"tag-grenoble","20":"tag-laurence-ruffin","21":"tag-margot-belair","22":"tag-news","23":"tag-pierre-andre-juven","24":"tag-republique-francaise"},"share_on_mastodon":{"url":"https:\/\/pubeurope.com\/@fr\/115758490069043260","error":""},"_links":{"self":[{"href":"https:\/\/www.europesays.com\/fr\/wp-json\/wp\/v2\/posts\/614095","targetHints":{"allow":["GET"]}}],"collection":[{"href":"https:\/\/www.europesays.com\/fr\/wp-json\/wp\/v2\/posts"}],"about":[{"href":"https:\/\/www.europesays.com\/fr\/wp-json\/wp\/v2\/types\/post"}],"author":[{"embeddable":true,"href":"https:\/\/www.europesays.com\/fr\/wp-json\/wp\/v2\/users\/2"}],"replies":[{"embeddable":true,"href":"https:\/\/www.europesays.com\/fr\/wp-json\/wp\/v2\/comments?post=614095"}],"version-history":[{"count":0,"href":"https:\/\/www.europesays.com\/fr\/wp-json\/wp\/v2\/posts\/614095\/revisions"}],"wp:featuredmedia":[{"embeddable":true,"href":"https:\/\/www.europesays.com\/fr\/wp-json\/wp\/v2\/media\/614096"}],"wp:attachment":[{"href":"https:\/\/www.europesays.com\/fr\/wp-json\/wp\/v2\/media?parent=614095"}],"wp:term":[{"taxonomy":"category","embeddable":true,"href":"https:\/\/www.europesays.com\/fr\/wp-json\/wp\/v2\/categories?post=614095"},{"taxonomy":"post_tag","embeddable":true,"href":"https:\/\/www.europesays.com\/fr\/wp-json\/wp\/v2\/tags?post=614095"}],"curies":[{"name":"wp","href":"https:\/\/api.w.org\/{rel}","templated":true}]}}