{"id":614101,"date":"2025-12-21T16:30:24","date_gmt":"2025-12-21T16:30:24","guid":{"rendered":"https:\/\/www.europesays.com\/fr\/614101\/"},"modified":"2025-12-21T16:30:24","modified_gmt":"2025-12-21T16:30:24","slug":"coupe-de-france-enciso-encore-decisif-une-defense-en-souffrance-les-tops-flops-de-racing","status":"publish","type":"post","link":"https:\/\/www.europesays.com\/fr\/614101\/","title":{"rendered":"Coupe de France. Enciso encore d\u00e9cisif, une d\u00e9fense en souffrance\u00a0: les tops\/flops de Racing"},"content":{"rendered":"<p>  Les tops\u00a0<\/p>\n<p><strong>Enciso trouve enfin de l&rsquo;efficacit\u00e9<\/strong><\/p>\n<p>L&rsquo;attaquant strasbourgeois, dont la confiance semble intouchable,\u00a0n&rsquo;a pas toujours convaincu depuis le d\u00e9but de saison. Dribbleur fou, en perp\u00e9tuelle position de frappe\u00a0dans les trente derniers m\u00e8tres, il a parfois eu des allures d&rsquo;aspirateur \u00e0 ballon. Depuis deux matches cela dit, le Paraguayen montre qu&rsquo;il n&rsquo;est pas qu&rsquo;un joueur technique. D\u00e9j\u00e0 buteur face \u00e0 Breidablik, en Ligue Conf\u00e9rence, il a r\u00e9cidiv\u00e9 \u00e0 la 26e, face \u00e0 Dunkerque, ce dimanche.\u00a0<\/p>\n<p><strong>Barco entre le tr\u00e8s bon et le moins bon<\/strong><\/p>\n<p>Le ma\u00eetre \u00e0 jouer du Racing a \u00e9t\u00e9 d\u00e9cisif par deux fois contre Dunkerque. Il est d&rsquo;abord l&rsquo;auteur d&rsquo;une passe d\u00e9cisive brillante \u00e0 destination d&rsquo;Enciso (26e). Puis d&rsquo;un coup-franc parfaitement frapp\u00e9 pour Doukour\u00e9, dont la t\u00eate a donn\u00e9 de l&rsquo;air aux Strasbourgeois (2-0, 40e).<\/p>\n<p>C&rsquo;est \u00e9videmment suffisant pour int\u00e9grer nos tops, d&rsquo;autant qu&rsquo;un troisi\u00e8me caviar aurait pu lui \u00eatre accord\u00e9 si le but d&rsquo;Omobamidele n&rsquo;avait pas \u00e9t\u00e9 invalid\u00e9 (63e). Cela dit, l&rsquo;Argentin a par ailleurs pu agacer. Comme sur des contr\u00f4les orient\u00e9s inutiles manqu\u00e9s, et des mauvais choix de passes, \u00e0 l&rsquo;image de cette contre-attaque g\u00e2ch\u00e9 \u00e0 la 35e.<\/p>\n<p>Qui \u00e9tait le joueur le plus technique sur le terrain ce dimanche \u00e0 la Meinau\u00a0? Probablement Barco, Enciso ou Godo, si on se fie au talent des trois joueurs. Toutefois, certains attaquants dunkerquois pourraient tr\u00e8s bien s&rsquo;inviter au d\u00e9bat. Il y a d&rsquo;abord eu Zossou, dont la rapidit\u00e9 et la facult\u00e9 de d\u00e9marquage ont longtemps g\u00ean\u00e9 H\u00f6gsberg et Ouattara sur l&rsquo;aile gauche.<\/p>\n<p>Il y a eu ensuite Yassine, insaisissable. Les dribbles de l&rsquo;ailier droit ont fini par perdre Moreira, qui a d\u00fb conc\u00e9der un p\u00e9nalty (52e). Entr\u00e9 en cours de jeu, Essimi a aussi d\u00e9stabilis\u00e9 la d\u00e9fense strasbourgeoise, \u00e0 l&rsquo;image de sa perc\u00e9e spectaculaire \u00e0 la 75e.<\/p>\n<p>  <strong>Les flops<\/strong><\/p>\n<p><strong>Une entame encore manqu\u00e9e&#8230;<\/strong><\/p>\n<p>C&rsquo;est un mal assez r\u00e9current au stade de la Meinau. Le Racing Club de Strasbourg est un adepte du round d&rsquo;observation. Contre Dunkerque, \u00e7a a failli mal tourner. Tirant profit du\u00a0manque d&rsquo;intensit\u00e9 mis par les\u00a0Alsaciens, les Nordistes ont eu quelques occasions de prendre les commandes de la partie. Ca n&rsquo;a pas \u00e9t\u00e9 le cas. Mais le manque de prise d&rsquo;initatives des Bleus durant les vingt premi\u00e8res minutes de la rencontre\u00a0leur a valu les sifflets d&rsquo;une partie du stade de la Meinau. A juste titre.<\/p>\n<p><strong>&#8230; une fin de match aussi<\/strong><\/p>\n<p>Avec beaucoup de courage et de qualit\u00e9 technique, Dunkerque aurait bien pu \u00e9galiser en fin de match. Les pensionnaires de Ligue 2 ont ma\u00eetris\u00e9 les trente derni\u00e8res minutes. Les Alaciens ont \u00e9t\u00e9 d\u00e9bord\u00e9s par la fougue et l&rsquo;envie d\u00e9bordante des Nordistes&#8230; mais ils ont tenu bon.<\/p>\n<p><strong>La base arri\u00e8re-droite a souffert<\/strong><\/p>\n<p><a href=\"https:\/\/www.dna.fr\/p\/liam-rosenior\" target=\"_blank\" rel=\"noopener\">Liam Rosenior<\/a> avait choisi de mettre en place un syst\u00e8me offensif (3-4-3). On ne peut pas dire que \u00e7a n&rsquo;a pas port\u00e9 ses fruits. Cela dit, un peu d\u00e9sorganis\u00e9e, la d\u00e9fense strasbourgeoise a essuy\u00e9 quelques frayeurs. Surtout sur le c\u00f4t\u00e9 droit, o\u00f9 H\u00f6gsberg et Ouattara ont eu tout le mal du monde \u00e0 contr\u00f4ler Aristide Zossou, l&rsquo;ailier gauche dunkerquois. Dans le couloir gauche, malmen\u00e9s par Yassine en deuxi\u00e8me mi-temps, Chilwell et Moreira n&rsquo;ont pas \u00e9t\u00e9 beaucoup plus en r\u00e9ussite.\u00a0<\/p>\n","protected":false},"excerpt":{"rendered":"Les tops\u00a0 Enciso trouve enfin de l&rsquo;efficacit\u00e9 L&rsquo;attaquant strasbourgeois, dont la confiance semble intouchable,\u00a0n&rsquo;a pas toujours convaincu depuis&hellip;\n","protected":false},"author":2,"featured_media":614102,"comment_status":"","ping_status":"","sticky":false,"template":"","format":"standard","meta":{"footnotes":""},"categories":[2820],"tags":[328,1111,11,2389,2649,15922,1777,674,107,63,1011,27,775,12,41281,25,517,640],"class_list":{"0":"post-614101","1":"post","2":"type-post","3":"status-publish","4":"format-standard","5":"has-post-thumbnail","7":"category-strasbourg","8":"tag-a-la-une","9":"tag-actu","10":"tag-actualites","11":"tag-alsace","12":"tag-bas-rhin","13":"tag-coupe-de-france-de-football","14":"tag-eu","15":"tag-europe","16":"tag-fil-info","17":"tag-football","18":"tag-fr","19":"tag-france","20":"tag-grand-est","21":"tag-news","22":"tag-racing-club-strasbourg-masculin","23":"tag-republique-francaise","24":"tag-sport","25":"tag-strasbourg"},"share_on_mastodon":{"url":"https:\/\/pubeurope.com\/@fr\/115758512395977530","error":""},"_links":{"self":[{"href":"https:\/\/www.europesays.com\/fr\/wp-json\/wp\/v2\/posts\/614101","targetHints":{"allow":["GET"]}}],"collection":[{"href":"https:\/\/www.europesays.com\/fr\/wp-json\/wp\/v2\/posts"}],"about":[{"href":"https:\/\/www.europesays.com\/fr\/wp-json\/wp\/v2\/types\/post"}],"author":[{"embeddable":true,"href":"https:\/\/www.europesays.com\/fr\/wp-json\/wp\/v2\/users\/2"}],"replies":[{"embeddable":true,"href":"https:\/\/www.europesays.com\/fr\/wp-json\/wp\/v2\/comments?post=614101"}],"version-history":[{"count":0,"href":"https:\/\/www.europesays.com\/fr\/wp-json\/wp\/v2\/posts\/614101\/revisions"}],"wp:featuredmedia":[{"embeddable":true,"href":"https:\/\/www.europesays.com\/fr\/wp-json\/wp\/v2\/media\/614102"}],"wp:attachment":[{"href":"https:\/\/www.europesays.com\/fr\/wp-json\/wp\/v2\/media?parent=614101"}],"wp:term":[{"taxonomy":"category","embeddable":true,"href":"https:\/\/www.europesays.com\/fr\/wp-json\/wp\/v2\/categories?post=614101"},{"taxonomy":"post_tag","embeddable":true,"href":"https:\/\/www.europesays.com\/fr\/wp-json\/wp\/v2\/tags?post=614101"}],"curies":[{"name":"wp","href":"https:\/\/api.w.org\/{rel}","templated":true}]}}