{"id":614103,"date":"2025-12-21T16:32:14","date_gmt":"2025-12-21T16:32:14","guid":{"rendered":"https:\/\/www.europesays.com\/fr\/614103\/"},"modified":"2025-12-21T16:32:14","modified_gmt":"2025-12-21T16:32:14","slug":"lom-deroule-nice-arrache-la-qualification-les-clubs-de-ligue-1-assurent","status":"publish","type":"post","link":"https:\/\/www.europesays.com\/fr\/614103\/","title":{"rendered":"l\u2019OM d\u00e9roule, Nice arrache la qualification, les clubs de Ligue 1 assurent"},"content":{"rendered":"<p>  L&rsquo;OM \u00e9carte Bourg-P\u00e9ronnas sans difficult\u00e9<\/p>\n<p>Pour son entr\u00e9e en lice en Coupe de France, l\u2019Olympique de Marseille a sign\u00e9 un large succ\u00e8s (6-0) dimanche apr\u00e8s-midi au stade Marcel-Verch\u00e8re face \u00e0 Bourg-en-Bresse, club de National, et s\u2019est logiquement qualifi\u00e9 pour les 16es de finale. Avec un public acquis \u00e0 leur cause, les Marseillais ont mis du temps \u00e0 prendre le dessus mais ont finalement fait la diff\u00e9rence avec autorit\u00e9 dans le second acte.<\/p>\n<p>Les Olympiens avaient ouvert la marque d\u00e8s la 8e minute, gr\u00e2ce \u00e0 Leonardo Balerdi, qui a repris de la t\u00eate un corner pour tromper le gardien burgien. Les locaux n\u2019ont pas renonc\u00e9 sur ce premier acte et ont m\u00eame inqui\u00e9t\u00e9 l\u2019arri\u00e8re-garde phoc\u00e9enne \u00e0 plusieurs reprises.<\/p>\n<p>Au retour des vestiaires, les hommes de <a href=\"https:\/\/www.ledauphine.com\/p\/roberto-de-zerbi\" target=\"_blank\" rel=\"noopener\">Roberto De Zerbi<\/a> ont n\u00e9anmoins tu\u00e9 le suspense en l\u2019espace de sept minutes : <a href=\"https:\/\/www.ledauphine.com\/p\/mason-greenwood\" target=\"_blank\" rel=\"noopener\">Mason Greenwood<\/a> a doubl\u00e9 la mise (59e), suivi de Pierre-Emile Hojbjerg (64e) puis Igor Paixao (66e). Le coach marseillais a ensuite proc\u00e9d\u00e9 \u00e0 plusieurs rotations, et les entr\u00e9es de Bilal Nadir (78e) et Tadjidine Mmadi (87e) ont permis d\u2019alourdir la note.<\/p>\n<p>  Nice arrache la qualification contre Saint-\u00c9tienne<\/p>\n<p><a href=\"https:\/\/www.ledauphine.com\/sport\/2025\/12\/19\/en-pleine-crise-l-ogc-nice-et-son-president-fabrice-bocquet-se-separent\" target=\"_blank\" rel=\"noopener\">En crise depuis de longues semaines<\/a>, L&rsquo;OGC Nice\u00a0a difficilement battu Saint-\u00c9tienne (2-1) dimanche, et, par la m\u00eame occasion, a mis fin a une s\u00e9rie de neuf d\u00e9faites cons\u00e9cutives.<\/p>\n<p>Gr\u00e2ce \u00e0 un but du jeune avant-centre Zoumana Diallo (1-0, 11e), 20 ans, dont c&rsquo;\u00e9tait la premi\u00e8re avec Nice, puis \u00e0 une belle reprise Morgan Sanson (2-1, 73e) apr\u00e8s l&rsquo;\u00e9galisation sur p\u00e9nalty de <a href=\"https:\/\/www.ledauphine.com\/p\/zuriko-davitashvili\" target=\"_blank\" rel=\"noopener\">Zuriko Davitashvili<\/a> (1-1, 45e), les Aiglons ont donc renou\u00e9 avec une victoire qui les fuyait depuis le 29 octobre (2-0 contre Lille). Les 16e de finale de la comp\u00e9tition se d\u00e9rouleront du 9 au 11 janvier prochain.<\/p>\n<p>  Monaco s&rsquo;impose \u00e0 Auxerre<\/p>\n<p>L&rsquo;AS Monaco, gr\u00e2ce \u00e0 un doubl\u00e9 de son attaquant danois Mika Biereth, s&rsquo;est qualifi\u00e9e en s&rsquo;imposant \u00e0 Auxerre (2-1), dimanche \u00e0 l&rsquo;Abb\u00e9-Deschamps.<\/p>\n<p>Dans ce seul choc des 32e de finale entre clubs de L1, l&rsquo;AJA avait r\u00e9ussi \u00e0 r\u00e9pondre \u00e0 l&rsquo;ouverture du score pr\u00e9coce des Mon\u00e9gasques gr\u00e2ce \u00e0 un p\u00e9nalty d&rsquo;Assane Diouss\u00e9 \u00e0 la demi-heure de jeu, mais le club de la Principaut\u00e9 a repris les devants \u00e0 l&rsquo;approche du dernier quart d&rsquo;heure gr\u00e2ce \u00e0 un nouveau but de Biereth.<\/p>\n<p>Gros b\u00e9mol pour l&rsquo;ASM, la blessure de Takumi Minamino, sorti sur civi\u00e8re, apparemment touch\u00e9 \u00e0 un genou.<\/p>\n<p>  Strasbourg bat Dunkerque, demi-finaliste la saison pass\u00e9e<\/p>\n<p>Strasbourg, \u00e0 la peine en championnat ces derni\u00e8res semaines, ne s&rsquo;est une nouvelle fois pas montr\u00e9 tr\u00e8s s\u00e9duisant mais a sauv\u00e9 l&rsquo;essentiel en battant 2-1 une \u00e9quipe de Dunkerque (L2) qui avait atteint les demi-finales la saison pass\u00e9e, dimanche en 32e de finale de Coupe de France.<\/p>\n<p>Le Racing, 7e de L1, o\u00f9 il reste sur quatre matches sans succ\u00e8s dont trois d\u00e9faites, avait fait le plus dur en menant 2 \u00e0 0 \u00e0 la pause apr\u00e8s des buts de Julio Enciso (26e) et <a href=\"https:\/\/www.ledauphine.com\/p\/ismael-doukoure\" target=\"_blank\" rel=\"noopener\">Isma\u00ebl Doukour\u00e9<\/a> (40e), servis \u00e0 chaque fois par Valentin Barco.<\/p>\n<p>Mais Dunkerque, qui avait sorti trois clubs de l&rsquo;\u00e9lite la saison pass\u00e9e, seulement battu en demi-finale par le PSG, n&rsquo;a pas abdiqu\u00e9. Les joueurs d&rsquo;Albert Sanchez, 6e de L2 et qui restaient sur une belle s\u00e9rie de neuf matches sans d\u00e9faite (dont sept victoires), ont profit\u00e9 d&rsquo;une baisse de r\u00e9gime de Strasbourg en seconde p\u00e9riode pour r\u00e9duire la marque sur un penalty de Thomas Robinet (2-1, 54e).<\/p>\n<p>  Nantes prend le dessus sur Concarneau dans un match fou<\/p>\n<p>Nantes s\u2019est qualifi\u00e9 en s\u2019imposant face \u00e0 Concarneau (5-3), dimanche apr\u00e8s-midi. Dans un match spectaculaire, les Nantais ont vir\u00e9 en t\u00eate \u00e0 la pause (3-2) avant de creuser l\u2019\u00e9cart en seconde p\u00e9riode notamment gr\u00e2ce \u00e0 un doubl\u00e9 de Matthis Abline.<\/p>\n<p>Concarneau a bien r\u00e9duit l\u2019\u00e9cart en fin de rencontre, sans toutefois parvenir \u00e0 revenir.<\/p>\n","protected":false},"excerpt":{"rendered":"L&rsquo;OM \u00e9carte Bourg-P\u00e9ronnas sans difficult\u00e9 Pour son entr\u00e9e en lice en Coupe de France, l\u2019Olympique de Marseille a&hellip;\n","protected":false},"author":2,"featured_media":614104,"comment_status":"","ping_status":"","sticky":false,"template":"","format":"standard","meta":{"footnotes":""},"categories":[2819],"tags":[1111,11,15922,1777,674,107,63,1011,27,12,2401,882,25,517,1947],"class_list":{"0":"post-614103","1":"post","2":"type-post","3":"status-publish","4":"format-standard","5":"has-post-thumbnail","7":"category-nice","8":"tag-actu","9":"tag-actualites","10":"tag-coupe-de-france-de-football","11":"tag-eu","12":"tag-europe","13":"tag-fil-info","14":"tag-football","15":"tag-fr","16":"tag-france","17":"tag-news","18":"tag-nice","19":"tag-provence-alpes-cote-dazur","20":"tag-republique-francaise","21":"tag-sport","22":"tag-sport-national"},"share_on_mastodon":{"url":"https:\/\/pubeurope.com\/@fr\/115758520437838815","error":""},"_links":{"self":[{"href":"https:\/\/www.europesays.com\/fr\/wp-json\/wp\/v2\/posts\/614103","targetHints":{"allow":["GET"]}}],"collection":[{"href":"https:\/\/www.europesays.com\/fr\/wp-json\/wp\/v2\/posts"}],"about":[{"href":"https:\/\/www.europesays.com\/fr\/wp-json\/wp\/v2\/types\/post"}],"author":[{"embeddable":true,"href":"https:\/\/www.europesays.com\/fr\/wp-json\/wp\/v2\/users\/2"}],"replies":[{"embeddable":true,"href":"https:\/\/www.europesays.com\/fr\/wp-json\/wp\/v2\/comments?post=614103"}],"version-history":[{"count":0,"href":"https:\/\/www.europesays.com\/fr\/wp-json\/wp\/v2\/posts\/614103\/revisions"}],"wp:featuredmedia":[{"embeddable":true,"href":"https:\/\/www.europesays.com\/fr\/wp-json\/wp\/v2\/media\/614104"}],"wp:attachment":[{"href":"https:\/\/www.europesays.com\/fr\/wp-json\/wp\/v2\/media?parent=614103"}],"wp:term":[{"taxonomy":"category","embeddable":true,"href":"https:\/\/www.europesays.com\/fr\/wp-json\/wp\/v2\/categories?post=614103"},{"taxonomy":"post_tag","embeddable":true,"href":"https:\/\/www.europesays.com\/fr\/wp-json\/wp\/v2\/tags?post=614103"}],"curies":[{"name":"wp","href":"https:\/\/api.w.org\/{rel}","templated":true}]}}