{"id":614105,"date":"2025-12-21T16:33:56","date_gmt":"2025-12-21T16:33:56","guid":{"rendered":"https:\/\/www.europesays.com\/fr\/614105\/"},"modified":"2025-12-21T16:33:56","modified_gmt":"2025-12-21T16:33:56","slug":"jouets-neufs-livres-cartes-des-cadeaux-par-milliers-pour-plus-de-1-400-enfants-grace-au","status":"publish","type":"post","link":"https:\/\/www.europesays.com\/fr\/614105\/","title":{"rendered":"Jouets neufs, livres, cartes\u2026. Des cadeaux par milliers pour plus de 1\u00a0400 enfants gr\u00e2ce au"},"content":{"rendered":"<p>Depuis octobre, les b\u00e9n\u00e9voles du Secours populaire de Nantes se mobilisent pour collecter des jouets neufs, en partenariat avec plusieurs entreprises. Vendredi 19\u00a0d\u00e9cembre et samedi 20\u00a0d\u00e9cembre, se d\u00e9roulera la grande distribution de jouets pour plus de 1\u00a0400 enfants du Secours populaire. Au programme de ces deux journ\u00e9es festives\u00a0: distribution de jouets neufs\u00a0et de cartes cadeaux, distribution de livres, atelier coloriage\u2026 Le Secours populaire appelle \u00e0 la g\u00e9n\u00e9rosit\u00e9 de tous pour offrir chaleur et r\u00e9confort au plus grand nombre. Tout le monde peut s\u2019engager en portant un bonnet vert pour collecter des dons et soutenir les personnes en difficult\u00e9.<\/p>\n<p><strong>Vendredi 19\u00a0d\u00e9cembre,<\/strong> de 9\u00a0h \u00e0 17\u00a0h, et <strong>samedi 20\u00a0d\u00e9cembre, <\/strong>de 9 h \u00e0 12\u00a0h, salle Bonnaire, rue de Koufra, \u00e0 Nantes. Contact. <a href=\"https:\/\/don.secourspopulaire.fr\/noel\/~mon-don\" target=\"_blank\" rel=\"noopener\">noel.secourspopulaire.fr<\/a><\/p>\n<p>\u00a0<\/p>\n","protected":false},"excerpt":{"rendered":"Depuis octobre, les b\u00e9n\u00e9voles du Secours populaire de Nantes se mobilisent pour collecter des jouets neufs, en partenariat&hellip;\n","protected":false},"author":2,"featured_media":614106,"comment_status":"","ping_status":"","sticky":false,"template":"","format":"standard","meta":{"footnotes":""},"categories":[2818],"tags":[12106,10851,1111,11,18807,25102,1719,1777,674,1011,27,4567,6647,1380,16755,766,60946,12,15830,2636,6552,25,30917],"class_list":{"0":"post-614105","1":"post","2":"type-post","3":"status-publish","4":"format-standard","5":"has-post-thumbnail","7":"category-nantes","8":"tag-12106","9":"tag-10851","10":"tag-actu","11":"tag-actualites","12":"tag-cadeaux","13":"tag-cartes","14":"tag-enfants","15":"tag-eu","16":"tag-europe","17":"tag-fr","18":"tag-france","19":"tag-grace","20":"tag-jouets","21":"tag-livres","22":"tag-milliers","23":"tag-nantes","24":"tag-neufs","25":"tag-news","26":"tag-noel","27":"tag-pays-de-la-loire","28":"tag-pere","29":"tag-republique-francaise","30":"tag-vert"},"share_on_mastodon":{"url":"https:\/\/pubeurope.com\/@fr\/115758528105824547","error":""},"_links":{"self":[{"href":"https:\/\/www.europesays.com\/fr\/wp-json\/wp\/v2\/posts\/614105","targetHints":{"allow":["GET"]}}],"collection":[{"href":"https:\/\/www.europesays.com\/fr\/wp-json\/wp\/v2\/posts"}],"about":[{"href":"https:\/\/www.europesays.com\/fr\/wp-json\/wp\/v2\/types\/post"}],"author":[{"embeddable":true,"href":"https:\/\/www.europesays.com\/fr\/wp-json\/wp\/v2\/users\/2"}],"replies":[{"embeddable":true,"href":"https:\/\/www.europesays.com\/fr\/wp-json\/wp\/v2\/comments?post=614105"}],"version-history":[{"count":0,"href":"https:\/\/www.europesays.com\/fr\/wp-json\/wp\/v2\/posts\/614105\/revisions"}],"wp:featuredmedia":[{"embeddable":true,"href":"https:\/\/www.europesays.com\/fr\/wp-json\/wp\/v2\/media\/614106"}],"wp:attachment":[{"href":"https:\/\/www.europesays.com\/fr\/wp-json\/wp\/v2\/media?parent=614105"}],"wp:term":[{"taxonomy":"category","embeddable":true,"href":"https:\/\/www.europesays.com\/fr\/wp-json\/wp\/v2\/categories?post=614105"},{"taxonomy":"post_tag","embeddable":true,"href":"https:\/\/www.europesays.com\/fr\/wp-json\/wp\/v2\/tags?post=614105"}],"curies":[{"name":"wp","href":"https:\/\/api.w.org\/{rel}","templated":true}]}}