{"id":614111,"date":"2025-12-21T16:37:15","date_gmt":"2025-12-21T16:37:15","guid":{"rendered":"https:\/\/www.europesays.com\/fr\/614111\/"},"modified":"2025-12-21T16:37:15","modified_gmt":"2025-12-21T16:37:15","slug":"a-bordeaux-limpossible-unite-des-cinq-candidats-de-la-gauche-radicale-aux-municipales","status":"publish","type":"post","link":"https:\/\/www.europesays.com\/fr\/614111\/","title":{"rendered":"\u00c0 Bordeaux, \u00ab\u00a0l&rsquo;impossible unit\u00e9\u00a0\u00bb des cinq candidats de la gauche radicale aux municipales\u00a0?"},"content":{"rendered":"<p>                    Par<br \/>\n        <strong><br \/>\n            <a href=\"https:\/\/actu.fr\/auteur\/juliette-cardinale\" title=\"Consulter tous les articles de Juliette Cardinale\" rel=\"nofollow noopener\" target=\"_blank\">Juliette Cardinale<\/a><br \/>\n                    <\/strong><\/p>\n<p>        Publi\u00e9 le<\/p>\n<p>            21 d\u00e9c. 2025 \u00e0 17h32        <\/p>\n<p>Quelques mois avant le <strong>premier tour des \u00e9lections municipales 2026 <\/strong><a href=\"https:\/\/actu.fr\/bordeaux\/\" rel=\"nofollow noopener\" target=\"_blank\">\u00e0 Bordeaux,<\/a> les principaux candidats de la droite et du centre se sont accord\u00e9s pour proposer une <a href=\"https:\/\/actu.fr\/nouvelle-aquitaine\/bordeaux_33063\/municipales-a-bordeaux-thomas-cazenave-affirme-mener-le-seul-rassemblement-qui-peut-battre-pierre-hurmic_63597493.html\" rel=\"nofollow noopener\" target=\"_blank\">liste commune men\u00e9e par Thomas Cazenave face \u00e0 Pierre Hurmic.<\/a> Les regards se portent d\u00e9sormais de l\u2019autre c\u00f4t\u00e9 de l\u2019\u00e9chiquier politique\u2009: <strong>cinq listes de la gauche radicale<\/strong> se sont d\u00e9clar\u00e9es \u00e0 Bordeaux. Il y a six ans, la liste men\u00e9e par Philippe Poutou rassemblait des figures des diff\u00e9rents courants <a href=\"https:\/\/actu.fr\/nouvelle-aquitaine\/bordeaux_33063\/municipales-2020-bordeaux-face-juppe-aurait-ete-plaisir-supplementaire-ironise-philippe-poutou_32280882.html\" rel=\"nofollow noopener\" target=\"_blank\">et avait fait un score historique.<\/a> Mais cette ann\u00e9e, l\u2019union n\u2019est pas vraiment au c\u0153ur des programmes.<\/p>\n<p>Une liste \u00e9clat\u00e9e en cinq\u2009?<\/p>\n<p class=\" wall-content\">En 2020, la liste d\u2019union de la gauche radicale avait obtenu 11,7\u2009% des voix au premier tour. Au second, elle avait collect\u00e9 9,39\u2009% des bulletins, soit <strong>trois conseillers municipaux\u2009:<\/strong> <a href=\"https:\/\/actu.fr\/nouvelle-aquitaine\/bordeaux_33063\/a-bordeaux-philippe-poutou-se-reconvertit-il-reprend-un-commerce-clairement-de-gauche_62497397.html\" rel=\"nofollow noopener\" target=\"_blank\">Philippe Poutou,<\/a> \u00c9velyne Cervantes Descubes et Antoine Boudinet. Sous le nom Bordeaux en luttes, elle regroupait notamment des militants du Nouveau parti anticapitaliste (NPA), de <a href=\"https:\/\/actu.fr\/tag\/la-france-insoumise-lfi\" rel=\"nofollow noopener\" target=\"_blank\">La France insoumise (LFI),<\/a> du Parti de gauche, d\u2019Ensemble et des Gilets jaunes locaux.<\/p>\n<p class=\" wall-content\">D\u00e8s la fin 2021, le groupe s\u2019\u00e9tait scind\u00e9 avec les accusations de placardisation et de harc\u00e8lement moral port\u00e9s par Myriam Eckert. Alors quatri\u00e8me sur la liste, elle avait acc\u00e9d\u00e9 au <strong>conseil municipal<\/strong> apr\u00e8s <a href=\"https:\/\/actu.fr\/nouvelle-aquitaine\/bordeaux_33063\/a-bordeaux-philippe-poutou-est-accuse-d-avoir-placardise-une-collaboratrice_47409192.html\" rel=\"nofollow noopener\" target=\"_blank\">la d\u00e9mission d\u2019Antoine Boudinet.<\/a><\/p>\n<p class=\" wall-content\">Pour ces nouvelles \u00e9lections, le collectif qui a conserv\u00e9 le nom de Bordeaux en luttes \u00e9tait le premier \u00e0 d\u00e9clarer \u00eatre candidat d\u00e8s d\u00e9cembre dernier. On y retrouve Myriam Eckert, Antoine Boudinet, et plusieurs autres figures <strong>du mouvement des Gilets jaunes<\/strong> \u00e0 Bordeaux. Interrog\u00e9e par actu Bordeaux, Myriam Eckert a <strong>rejet\u00e9 en bloc<\/strong> l\u2019hypoth\u00e8se de joindre ses forces avec Nordine Raymond ou Philippe Poutou \u2013 <a href=\"https:\/\/actu.fr\/nouvelle-aquitaine\/bordeaux_33063\/se-taire-au-nom-de-l-union-sacree-ce-que-l-on-sait-de-la-plainte-qui-vise-des-figures-de-gauche-a-bordeaux_63536788.html\" rel=\"nofollow noopener\" target=\"_blank\">qu\u2019elle a attaqu\u00e9s en justice.<\/a> Elle regrette cependant que des listes aux id\u00e9es similaires \u00e0 Bordeaux en luttes se soient cr\u00e9\u00e9es.<\/p>\n<p class=\" wall-content\">Dans la course au Palais Rohan, elle affrontera justement <a href=\"https:\/\/actu.fr\/nouvelle-aquitaine\/bordeaux_33063\/municipales-2026-a-bordeaux-nordine-raymond-lfi-veut-etre-le-candidat-du-pouvoir-d-achat_63587830.html\" rel=\"nofollow noopener\" target=\"_blank\">Nordine Raymond, candidat LFI,<\/a> qui \u00e9tait\u00a0neuvi\u00e8me sur la liste en 2020. Quant \u00e0 <a href=\"https:\/\/actu.fr\/nouvelle-aquitaine\/bordeaux_33063\/petra-bernus-reve-de-succeder-au-maire-de-bordeaux-une-etiquette-verte-collee-sur-une-politique-de-droite_63446787.html\" rel=\"nofollow noopener\" target=\"_blank\">Petra Bernus, candidate de R\u00e9volution permanente,<\/a> elle \u00e9tait alors sixi\u00e8me.\u00a0Rouge Bordeaux Anticapitaliste, le nom d\u00e9sormais utilis\u00e9 par le groupe de Philippe Poutou et \u00c9velyne Cervantes Descubes, pr\u00e9sentera sans surprise une liste en mars.\u00a0La <strong>cinqui\u00e8me liste<\/strong> est celle officialis\u00e9e le 17\u00a0d\u00e9cembre dernier par <a href=\"https:\/\/www.instagram.com\/npajeunes_revo_bordeaux\/?hl=fr\" rel=\"nofollow noopener\" target=\"_blank\">NPA \u2013 R\u00e9volutionnaires,<\/a> n\u00e9e de la <a href=\"https:\/\/www.franceinfo.fr\/politique\/npa\/le-npa-se-scinde-en-deux-a-l-issue-de-son-cinquieme-congres_5539707.html\" rel=\"nofollow noopener\" target=\"_blank\">scission avec le NPA-L\u2019Anticapitaliste<\/a> de Philippe Poutou en 2022.<\/p>\n<p>\u00ab\u2009Des d\u00e9saccords profonds\u2009\u00bb<\/p>\n<p class=\" wall-content\">\u00c0 moins de trois mois du premier tour des \u00e9lections, des <strong>convergences sont-elles possibles<\/strong> pour rassembler les forces de la gauche radicale\u2009? \u00ab\u2009Apr\u00e8s les municipales de 2020, il y a eu des d\u00e9saccords profonds dans Bordeaux en luttes, a rappel\u00e9 <a href=\"https:\/\/actu.fr\/nouvelle-aquitaine\/bordeaux_33063\/petra-bernus-reve-de-succeder-au-maire-de-bordeaux-une-etiquette-verte-collee-sur-une-politique-de-droite_63446787.html\" rel=\"nofollow noopener\" target=\"_blank\">Petra Bernus aupr\u00e8s d\u2019actu Bordeaux, <\/a>aujourd\u2019hui, il n\u2019est <strong>pas possible de s\u2019allier<\/strong> avec LFI ou Philippe Poutou car les convergences n\u2019y sont pas\u00a0\u00bb.\u00a0<\/p>\n<p class=\" wall-content\">Des propos qui trouvent <strong>\u00e9chos<\/strong> dans ceux de Nordine Raymond. Le <a href=\"https:\/\/actu.fr\/nouvelle-aquitaine\/bordeaux_33063\/municipales-2026-a-bordeaux-nordine-raymond-lfi-veut-etre-le-candidat-du-pouvoir-d-achat_63587830.html\" rel=\"nofollow noopener\" target=\"_blank\">candidat de La France insoumise<\/a> soulignait des \u00ab\u2009diff\u00e9rences politiques d\u2019appr\u00e9ciation\u2009\u00bb nomment avec R\u00e9volution permanente.<\/p>\n<p>Votre r\u00e9gion, votre actu !<\/p>\n<p>Recevez chaque jour les infos qui comptent pour vous.<\/p>\n<p>\t<a href=\"https:\/\/actu.fr\/newsletter\" class=\"ac-btn ac-btn--corner ac-btn--medium ac-btn--blue800\" rel=\"nofollow noopener\" target=\"_blank\">S&rsquo;incrire<\/a><\/p>\n<p class=\" wall-content\">L\u2019Insoumis rappelle avoir tent\u00e9 de \u00ab\u2009parler <strong>l\u2019ensemble de la gauche<\/strong> du Nouveau front populaire (NFP)\u2009\u00bb. La porte a vite \u00e9t\u00e9 referm\u00e9e par les \u00e9cologistes de Pierre Hurmic. \u00ab\u2009On voulait montrer qu\u2019on allait d\u00e9fendre le programme du NFP \u00e0 cette \u00e9lection. C\u2019est eux qui s\u2019isolent car ils ne veulent pas de programme de rupture.\u2009\u00bb<\/p>\n<p class=\" wall-content\">Nordine Raymond ne veut pas \u00ab\u2009des accords sign\u00e9s dans un coin de table\u2009\u00bb, sa strat\u00e9gie c\u2019est l\u2019union populaire. Et surtout, l\u2019\u00e9lection n\u2019est pas abord\u00e9e de la m\u00eame mani\u00e8re. \u00ab\u2009La derni\u00e8re fois, on voulait faire entrer des \u00e9lus issus des luttes dans le conseil municipal pour titiller ce qu\u2019on pensait allait \u00eatre la droite. <strong>Cette fois, on veut gagner.\u2009\u00bb<\/strong><\/p>\n<p class=\" wall-content\">\u00ab\u2009On pense que l\u2019heure est grave, l\u2019extr\u00eame droite est pr\u00e9sent\u00e9e comme faisant <a href=\"https:\/\/actu.fr\/nouvelle-aquitaine\/bordeaux_33063\/a-bordeaux-le-candidat-philippe-dessertine-denonce-le-sondage-d-un-opposant-il-manipule-l-information_63478803.html\" rel=\"nofollow noopener\" target=\"_blank\">ses meilleurs scores \u00e0 Bordeaux<\/a>. S\u2019il n\u2019y a pas une <strong>offre politique capable de gagner<\/strong> qui cristallise la col\u00e8re sociale alors les gens vont s\u2019abstenir ou voteront pour des listes fachistes. Notre pr\u00e9sence est un paratonnerre.\u2009\u00bb Cr\u00e9dit\u00e9 de tr\u00e8s bonnes intentions de votes dans un r\u00e9cent sondage, il affirmait r\u00e9cemment \u00e0 actu Bordeaux que les discussions \u00e9taient en cours avec Philippe Poutou. \u00ab\u2009Notre but c\u2019est d\u2019\u00eatre en t\u00eate de la gauche au premier tour. Plus on a de forces, plus on y arrivera donc on continue les discussions. Nous, <strong>notre porte n\u2019est jamais ferm\u00e9e.<\/strong> A priori, leur porte ne l\u2019est pas non plus, donc on continue\u2009\u00bb.<\/p>\n<p>\u00ab\u00a0Rendre impossible l\u2019unit\u00e9\u00a0\u00bb<\/p>\n<p class=\" wall-content\">\u00ab\u2009Nous avons cherch\u00e9 \u00e0 reconstruire l\u2019unit\u00e9, mais des <strong>d\u00e9saccords politiques de fond<\/strong> persistent, ce qui nous fragilise\u2009\u00bb, avait pourtant indiqu\u00e9 Rouge Bordeaux Anticapitaliste dans un communiqu\u00e9 le 4\u00a0d\u00e9cembre dernier.\u00a0Les discussions \u00ab\u2009\u00e9taient domin\u00e9es par des d\u00e9saccords politiques suffisamment importants pour <strong>rendre impossible l\u2019unit\u00e9<\/strong> que des deux c\u00f4t\u00e9s nous aurions voulu\u2009\u00bb, a pr\u00e9cis\u00e9 le groupe de Philippe Poutou.<\/p>\n<p>    <a href=\"https:\/\/www.facebook.com\/plugins\/post.php?href=https%3A%2F%2Fwww.facebook.com%2Fpermalink.php%3Fstory_fbid%3Dpfbid02HyfjNsNLabkgVmP5LMW3eTDtrGKFV1ErNWNKCiAEg2HMApWUJUz6M8eJjX6c8ZDrl%26id%3D61571366085899&amp;show_text=true&amp;width=350\" title=\"Ouvrie le lien\" rel=\"nofollow noopener\" target=\"_blank\">Cliquez ici pour visualiser le contenu<\/a><\/p>\n<p class=\" wall-content\">\u00ab\u2009On part ainsi avec <strong>notre bilan de 6\u00a0ans<\/strong> dans les conseils municipal et m\u00e9tropolitain, une activit\u00e9 d\u2019opposant r\u00e9solu \u00e0 la gauche lib\u00e9rale et aux politiques droiti\u00e8res\u2009\u00bb, souligne le groupe dont les t\u00eates de listes doivent \u00eatre d\u00e9voil\u00e9es en d\u00e9but d\u2019ann\u00e9e.<\/p>\n<p class=\" wall-content\">En 2020, la liste commune avait obtenu un peu plus de 11\u2009% au premier tour. Les accords se feront-ils finalement pour esp\u00e9rer faire un aussi bon (voire meilleur) score ou les candidats attendront-ils fermement l\u2019entre-deux tours\u2009? Encore faut-il <strong>qu\u2019ils y acc\u00e8dent en \u00e9tant divis\u00e9s\u2026<\/strong><\/p>\n<p class=\" wall-content\">Personnalisez votre actualit\u00e9 en ajoutant vos villes et m\u00e9dias en favori avec <a href=\"https:\/\/moncompte.actu.fr\" title=\"D\u00e9couvez Mon Actu\" rel=\"nofollow noopener\" data-trk=\"{&quot;cta&quot;:{&quot;action&quot;:&quot;https:\\\/\\\/moncompte.actu.fr&quot;,&quot;category&quot;:&quot;mon compte&quot;,&quot;from&quot;:&quot;article footer&quot;,&quot;name&quot;:&quot;Mon actu&quot;,&quot;type&quot;:&quot;cta&quot;}}\" target=\"_blank\">Mon Actu<\/a>.<\/p>\n<p>                    <script async src=\"\/\/www.instagram.com\/embed.js\"><\/script><\/p>\n","protected":false},"excerpt":{"rendered":"Par Juliette Cardinale Publi\u00e9 le 21 d\u00e9c. 2025 \u00e0 17h32 Quelques mois avant le premier tour des \u00e9lections&hellip;\n","protected":false},"author":2,"featured_media":614112,"comment_status":"","ping_status":"","sticky":false,"template":"","format":"standard","meta":{"footnotes":""},"categories":[2817],"tags":[1111,11,1997,1777,674,1011,27,23169,1023,12,2219,6273,25,104],"class_list":{"0":"post-614111","1":"post","2":"type-post","3":"status-publish","4":"format-standard","5":"has-post-thumbnail","7":"category-bordeaux","8":"tag-actu","9":"tag-actualites","10":"tag-bordeaux","11":"tag-eu","12":"tag-europe","13":"tag-fr","14":"tag-france","15":"tag-gilets-jaunes","16":"tag-la-france-insoumise-lfi","17":"tag-news","18":"tag-nouvelle-aquitaine","19":"tag-philippe-poutou","20":"tag-republique-francaise","21":"tag-societe"},"share_on_mastodon":{"url":"https:\/\/pubeurope.com\/@fr\/115758540078018387","error":""},"_links":{"self":[{"href":"https:\/\/www.europesays.com\/fr\/wp-json\/wp\/v2\/posts\/614111","targetHints":{"allow":["GET"]}}],"collection":[{"href":"https:\/\/www.europesays.com\/fr\/wp-json\/wp\/v2\/posts"}],"about":[{"href":"https:\/\/www.europesays.com\/fr\/wp-json\/wp\/v2\/types\/post"}],"author":[{"embeddable":true,"href":"https:\/\/www.europesays.com\/fr\/wp-json\/wp\/v2\/users\/2"}],"replies":[{"embeddable":true,"href":"https:\/\/www.europesays.com\/fr\/wp-json\/wp\/v2\/comments?post=614111"}],"version-history":[{"count":0,"href":"https:\/\/www.europesays.com\/fr\/wp-json\/wp\/v2\/posts\/614111\/revisions"}],"wp:featuredmedia":[{"embeddable":true,"href":"https:\/\/www.europesays.com\/fr\/wp-json\/wp\/v2\/media\/614112"}],"wp:attachment":[{"href":"https:\/\/www.europesays.com\/fr\/wp-json\/wp\/v2\/media?parent=614111"}],"wp:term":[{"taxonomy":"category","embeddable":true,"href":"https:\/\/www.europesays.com\/fr\/wp-json\/wp\/v2\/categories?post=614111"},{"taxonomy":"post_tag","embeddable":true,"href":"https:\/\/www.europesays.com\/fr\/wp-json\/wp\/v2\/tags?post=614111"}],"curies":[{"name":"wp","href":"https:\/\/api.w.org\/{rel}","templated":true}]}}