{"id":614119,"date":"2025-12-21T16:41:31","date_gmt":"2025-12-21T16:41:31","guid":{"rendered":"https:\/\/www.europesays.com\/fr\/614119\/"},"modified":"2025-12-21T16:41:31","modified_gmt":"2025-12-21T16:41:31","slug":"lille-qualifie-in-extremis-pour-les-16es-de-finale-les-autres-clubs-professionnels-font-le-boulot","status":"publish","type":"post","link":"https:\/\/www.europesays.com\/fr\/614119\/","title":{"rendered":"Lille qualifi\u00e9 in extremis pour les 16es de finale, les autres clubs professionnels font le boulot"},"content":{"rendered":"<p>\n    Les Lillois ont souffert face \u00e0 la petite \u00e9quipe de Saint-Maur Lusitanos (1-0) gr\u00e2ce \u00e0 un but inscrit en toute fin de rencontre tandis que les autres clubs pros ont fait le boulot.<\/p>\n<p class=\"fig-paragraph\">Lille, quatri\u00e8me de Ligue 1,<a href=\"https:\/\/www.lefigaro.fr\/sports\/football\/coupe-de-france\/en-direct-suivez-le-multiplex-des-32es-de-finale-de-la-coupe-de-france-20251220\" data-fig-type=\"Live\" data-gtm-custom-categorie=\"navigation\" data-gtm-custom-action=\"crossclick\" data-gtm-custom-label=\"Contextuel\" data-gtm-event=\"customEventSPE\" data-fig-domain=\"LEFIGARO\" target=\"_blank\" rel=\"noopener\">\u00a0s&rsquo;est qualifi\u00e9 pour les 16e de finale de la Coupe de France<\/a>\u00a0en battant difficilement le club de National 2 Saint-Maur Lusitanos (1-0), samedi \u00e0 Cr\u00e9teil (Val-de-Marne). Un but du Norv\u00e9gien Marius Broholm (80e) a permis au Losc de s&rsquo;imposer.<\/p>\n<p>                                            Lorient d\u00e9roule<\/p>\n<p class=\"fig-paragraph\">Les Merlus l\u2019ont emport\u00e9 logiquement face aux Guadeloup\u00e9ens de l\u2019AS Gosier emmen\u00e9 par Beauvue (7-0). Les Bretons se sont facilit\u00e9s la t\u00e2che avec un but d\u00e8s la 2e minute avant d\u2019encha\u00eener jusqu\u2019\u00e0 la mi-temps (5-0) avec un tripl\u00e9 notamment de Dieng.<\/p>\n<p>                                            <a class=\"fig-a11y-skip\" href=\"#fig-a11y-skip-main-inarticle\" data-module=\"a11y-skip\" data-context=\"was @visible\"><br \/>\n    Passer la publicit\u00e9<br \/>\n<\/a>            <\/p>\n<p>                                            \u00c7a passe pour Metz et Troyes<\/p>\n<p class=\"fig-paragraph\">Le FC Metz s\u2019est impos\u00e9 facilement face au pensionnaire de National 2 Biesheim (0-3). L\u2019Estac \u00e0 \u00e9t\u00e9 longtemps derri\u00e8re le score contre l\u2019Olympique Marcquois, mais les Troyens se sont remobilis\u00e9s \u00e0 la sortie des vestiaires pour venir \u00e0 bout des amateurs en fin de match (1-3).<\/p>\n<p>                                            Chantilly stoppe l\u2019\u00e9pop\u00e9e de Freyming<\/p>\n<p class=\"fig-paragraph\">Fin de l\u2019aventure pour le petit poucet. Le FC Freymingn club de r\u00e9gional 2, aura r\u00e9sist\u00e9 45 minutes face au pensionnaire de National 2 (0-3). Les amateurs pourront tout de m\u00eame garder la t\u00eate haute tandis que Chantilly se qualifie pour la premi\u00e8re fois de son histoire en 16es.<\/p>\n<p>                                            Bayeux nouveau petit poucet<\/p>\n<p class=\"fig-paragraph\">Le club de r\u00e9gional suite \u00e0 son succ\u00e8s surprise contre le pensionnaire de National 2 Blois (2-1) et le revers de Fleyming devient le nouveau petit poucet de la Coupe de France. Une qualification m\u00e9rit\u00e9e pour les locaux qui auraient pu alourdir l\u2019\u00e9cart en fin de match.<\/p>\n","protected":false},"excerpt":{"rendered":"Les Lillois ont souffert face \u00e0 la petite \u00e9quipe de Saint-Maur Lusitanos (1-0) gr\u00e2ce \u00e0 un but inscrit&hellip;\n","protected":false},"author":2,"featured_media":614120,"comment_status":"","ping_status":"","sticky":false,"template":"","format":"standard","meta":{"footnotes":""},"categories":[2815],"tags":[1111,11,1777,674,3317,8113,1011,27,811,1307,2267,12,25],"class_list":{"0":"post-614119","1":"post","2":"type-post","3":"status-publish","4":"format-standard","5":"has-post-thumbnail","7":"category-lille","8":"tag-actu","9":"tag-actualites","10":"tag-eu","11":"tag-europe","12":"tag-fc-lorient","13":"tag-fc-metz","14":"tag-fr","15":"tag-france","16":"tag-hauts-de-france","17":"tag-lille","18":"tag-losc","19":"tag-news","20":"tag-republique-francaise"},"share_on_mastodon":{"url":"https:\/\/pubeurope.com\/@fr\/115758555761465211","error":""},"_links":{"self":[{"href":"https:\/\/www.europesays.com\/fr\/wp-json\/wp\/v2\/posts\/614119","targetHints":{"allow":["GET"]}}],"collection":[{"href":"https:\/\/www.europesays.com\/fr\/wp-json\/wp\/v2\/posts"}],"about":[{"href":"https:\/\/www.europesays.com\/fr\/wp-json\/wp\/v2\/types\/post"}],"author":[{"embeddable":true,"href":"https:\/\/www.europesays.com\/fr\/wp-json\/wp\/v2\/users\/2"}],"replies":[{"embeddable":true,"href":"https:\/\/www.europesays.com\/fr\/wp-json\/wp\/v2\/comments?post=614119"}],"version-history":[{"count":0,"href":"https:\/\/www.europesays.com\/fr\/wp-json\/wp\/v2\/posts\/614119\/revisions"}],"wp:featuredmedia":[{"embeddable":true,"href":"https:\/\/www.europesays.com\/fr\/wp-json\/wp\/v2\/media\/614120"}],"wp:attachment":[{"href":"https:\/\/www.europesays.com\/fr\/wp-json\/wp\/v2\/media?parent=614119"}],"wp:term":[{"taxonomy":"category","embeddable":true,"href":"https:\/\/www.europesays.com\/fr\/wp-json\/wp\/v2\/categories?post=614119"},{"taxonomy":"post_tag","embeddable":true,"href":"https:\/\/www.europesays.com\/fr\/wp-json\/wp\/v2\/tags?post=614119"}],"curies":[{"name":"wp","href":"https:\/\/api.w.org\/{rel}","templated":true}]}}